{"id":15581,"date":"2024-05-12T13:06:59","date_gmt":"2024-05-12T11:06:59","guid":{"rendered":"https:\/\/www.leslanguessansstress.fr\/?p=15581"},"modified":"2024-05-21T18:55:38","modified_gmt":"2024-05-21T16:55:38","slug":"15581","status":"publish","type":"post","link":"https:\/\/www.leslanguessansstress.fr\/index.php\/2024\/05\/12\/15581\/","title":{"rendered":"Allemand  (FQDE05)"},"content":{"rendered":"<p><span style=\"color: #000080; font-family: verdana, geneva, sans-serif;\"><span style=\"caret-color: #000080;\">FQ DE05-30<\/span><\/span><\/p>\n<h1><span style=\"font-family: verdana, geneva, sans-serif; color: #ff9900;\">Allemand professionnel et courant\u00a0<\/span><\/h1>\n<p><span style=\"font-family: verdana, geneva, sans-serif; color: #000080; font-size: 24px;\">Objectif p\u00e9dagogique<\/span><\/p>\n<p><span style=\"font-family: verdana, geneva, sans-serif; color: #000080;\">&#8211; Acqu\u00e9rir ou revoir les bases fondamentales sous un autre jour.<\/span><br \/>\n<span style=\"font-family: verdana, geneva, sans-serif; color: #000080;\">&#8211; D\u00e9velopper le vocabulaire rencontr\u00e9 au quotidien selon ses besoins.<\/span><br \/>\n<span style=\"font-family: verdana, geneva, sans-serif; color: #000080;\">&#8211; Enrichir son lexique professionnel pour les \u00e9changes habituels en entreprise, pendant des salons, pr\u00e9sentations et r\u00e9unions, rencontre de nouveaux partenaires ou clients.<\/span><br \/>\n<span style=\"font-family: verdana, geneva, sans-serif; color: #000080;\">&#8211; Communiquer efficacement \u00e0 l&rsquo;oral et \u00e0 l&rsquo;\u00e9crit dans la plupart des situations du quotidien et pendant ses fonctions.<\/span><br \/>\n<span style=\"font-family: verdana, geneva, sans-serif; color: #000080;\">&#8211; Interagir avec confiance au t\u00e9l\u00e9phone ou en Visio.<\/span><br \/>\n<span style=\"font-family: verdana, geneva, sans-serif; color: #000080;\">&#8211; Comprendre et \u00eatre compris par ses interlocuteurs pendant un voyage \u00e0 l&rsquo;\u00e9tranger.<\/span><br \/>\n<span style=\"font-family: verdana, geneva, sans-serif; color: #000080;\">&#8211; Pratiquer l&rsquo;oral cibl\u00e9 des textes et dialogues pour fluidifier le discours direct.<\/span><br \/>\n<span style=\"font-family: verdana, geneva, sans-serif; color: #000080;\">&#8211; Atteindre un niveau de communication seuil ou sup\u00e9rieur certifi\u00e9 par le test CLO\u00c9.<\/span><\/p>\n<p><span style=\"font-size: 16px; color: #000080;\"><span style=\"font-family: verdana, geneva, sans-serif;\"><span style=\"font-size: 24px;\">Public<\/span>\u00a0<\/span><\/span><br \/>\n<span style=\"font-family: verdana, geneva, sans-serif; color: #000080;\">Tous. \u00a0 <\/span><\/p>\n<p><span style=\"font-family: verdana, geneva, sans-serif; color: #000080;\"><span style=\"font-size: 24px;\">Niveau<\/span> \u00a0<\/span><br \/>\n<span style=\"font-family: verdana, geneva, sans-serif; color: #000080;\">Programme adaptatif entre les niveaux bases et d\u00e9butant seuil \u00e0 interm\u00e9diaire avanc\u00e9. \u00a0<\/span><\/p>\n<p><span style=\"font-family: verdana, geneva, sans-serif; color: #000080;\"><span style=\"font-size: 24px;\">Points forts<\/span> \u00a0<\/span><br \/>\n<span style=\"font-family: verdana, geneva, sans-serif; color: #000080;\">Niveau adaptable. R\u00e9vision autonome e-learning. <\/span><br \/>\n<span style=\"font-family: verdana, geneva, sans-serif; color: #000080;\">Ecoute des dialogues sous hypnose de relaxation pour abaisser le stress. <\/span><br \/>\n<span style=\"font-family: verdana, geneva, sans-serif; color: #000080;\">Entretiens avec formatrice tr\u00e8s patiente d\u00e9di\u00e9e \u00e0 votre \u00e9coute. <\/span><br \/>\n<span style=\"font-family: verdana, geneva, sans-serif; color: #000080;\">Correction bienveillante et explicative des erreurs.<\/span><\/p>\n<p>&nbsp;<\/p>\n<p><span style=\"font-family: verdana, geneva, sans-serif; color: #000080; font-size: 24px;\">Contenu<\/span><\/p>\n<p><span style=\"color: #000080; font-family: verdana, geneva, sans-serif;\">Evaluation du niveau d&rsquo;entr\u00e9e pour le faux d\u00e9butant et niveaux sup\u00e9rieurs pour d\u00e9celer les axes d&rsquo;am\u00e9lioration.<\/span><\/p>\n<p><span style=\"color: #ff9900; font-size: 20px;\"><strong><span style=\"font-family: verdana, geneva, sans-serif;\">\u00c9TUDE AUTONOME :<\/span><\/strong><\/span><br \/>\n<span style=\"color: #000080; font-family: verdana, geneva, sans-serif;\">Acquisition, mise \u00e0 niveau et d\u00e9veloppement des bases fondamentales pour communiquer.<\/span><\/p>\n<p><span style=\"color: #000080; font-family: verdana, geneva, sans-serif;\">Exercices de renforcement sur les points faibles en grammaire, conjugaison, orthographe et syntaxe selon le niveau r\u00e9v\u00e9l\u00e9. <\/span><br \/>\n<span style=\"color: #000080; font-family: verdana, geneva, sans-serif;\">Elargissement du lexique th\u00e9matique courant et professionnel selon niveau des objectifs de ma\u00eetrise du candidat. <\/span><\/p>\n<p><span style=\"color: #ff9900; font-size: 20px;\"><strong><span style=\"font-family: verdana, geneva, sans-serif;\">PRINCIPAUX TH\u00c8MES :<\/span><\/strong><\/span><\/p>\n<p><span style=\"font-family: verdana, geneva, sans-serif; color: #000080;\">&#8211; Diagnostic de vos comp\u00e9tences en ALLEMAND pour commencer vos cours au niveau de vos besoins personnels et professionnels.<\/span><br \/>\n<span style=\"font-family: verdana, geneva, sans-serif; color: #000080;\">&#8211; Mise en place d&rsquo;un calendrier d&rsquo;\u00e9tude autonome et d&rsquo;entretiens avec la formatrice pour pratiquer et valider vos nouveaux acquis.<\/span><br \/>\n<span style=\"font-family: verdana, geneva, sans-serif; color: #000080;\">&#8211; D\u00e9couverte des dialogues en langue courante sous hypnose de relaxation.<\/span><br \/>\n<span style=\"font-family: verdana, geneva, sans-serif; color: #000080;\">&#8211; Etude des r\u00e8gles de grammaire suivie d&rsquo;exercices cibl\u00e9s par notion et r\u00e9vision des le\u00e7ons pr\u00e9c\u00e9dentes.<\/span><br \/>\n<span style=\"font-family: verdana, geneva, sans-serif; color: #000080;\">&#8211; Travail de m\u00e9morisation visuelle et auditive du vocabulaire et des expressions du quotidien.<\/span><br \/>\n<span style=\"font-family: verdana, geneva, sans-serif; color: #000080;\">&#8211; Entrainement oral ludique et r\u00e9vision des le\u00e7ons pour consolider les apprentissages au fur et \u00e0 mesure.<\/span><\/p>\n<p><span style=\"font-family: verdana, geneva, sans-serif; color: #000080;\">&#8211; Application de techniques diverses dont l&rsquo;hypnose de relaxation pour apprendre \u00e0 g\u00e9rer son niveau de stress face \u00e0 l&rsquo;interlocuteur ou devant un courrier \u00e0 \u00e9crire ou traduire, prendre confiance en ses nouvelles comp\u00e9tences selon son niveau personnel d&rsquo;\u00e9tude de la langue, se motiver \u00e0 pers\u00e9v\u00e9rer dans l&rsquo;\u00e9tude, prendre la parole en public, interrompre et maintenir un avis, n\u00e9gocier; se pr\u00e9parer \u00e0 l&rsquo;entretien. Faire connaissance, poser des questions et r\u00e9pondre \u00e0 son interlocuteur sans peur.<\/span><\/p>\n<p><span style=\"font-size: 24px;\"><strong><span style=\"font-family: verdana, geneva, sans-serif; color: #ff9900;\">&#8212; LEXIQUE PROFESSIONNEL &#8212;<\/span><\/strong><\/span><\/p>\n<p><span style=\"font-family: verdana, geneva, sans-serif; color: #000080;\">Introduction ponctuelle et progressive dans des phrases et situations habituelles :<\/span><br \/>\n<span style=\"font-family: verdana, geneva, sans-serif; color: #000080;\">\u2013 L&rsquo;entreprise, les secteurs, m\u00e9tiers et fonctions.<\/span><br \/>\n<span style=\"font-family: verdana, geneva, sans-serif; color: #000080;\">\u2013 La communication \u00e9crite et verbale formelle des \u00e9changes professionnels.<\/span><br \/>\n<span style=\"font-family: verdana, geneva, sans-serif; color: #000080;\">\u2013 La communication \u00e9crite et verbale informelle pour tisser des liens et maintenir des relations conviviales en entreprise et \u00e0 l&rsquo;ext\u00e9rieur ou pendant des d\u00e9placements.<\/span><br \/>\n<span style=\"font-family: verdana, geneva, sans-serif; color: #000080;\">\u2013 Communication t\u00e9l\u00e9phonique et en Visio.<\/span><br \/>\n<span style=\"font-family: verdana, geneva, sans-serif; color: #000080;\">\u2013 Les transactions commerciales.<\/span><br \/>\n<span style=\"font-family: verdana, geneva, sans-serif; color: #000080;\">\u2013 Les achats et les ventes, la n\u00e9gociation.<\/span><br \/>\n<span style=\"font-family: verdana, geneva, sans-serif; color: #000080;\">\u2013 L&#8217;emploi et la prise de contact. L&rsquo;entretien d&#8217;embauche ou avancement, la recherche d&rsquo;un emploi. G\u00e9rer sa carri\u00e8re.<\/span><br \/>\n<span style=\"font-family: verdana, geneva, sans-serif; color: #000080;\">\u2013 Tour de table des soucis rencontr\u00e9s non r\u00e9solus selon besoins \u00e9mis par le stagiaire.<\/span><br \/>\n<span style=\"font-family: verdana, geneva, sans-serif; color: #000080;\">\u2013 Pr\u00e9paration au test de certification selon niveau atteint pendant son \u00e9tude.<\/span><\/p>\n<p><span style=\"font-size: 20px;\"><strong><span style=\"font-family: verdana, geneva, sans-serif; color: #ff9900;\">&#8212; ACCOMPAGNEMENT INDIVIDUALIS\u00c9 PAR FORMATRICE EN CENTRE &#8212;<\/span><\/strong><\/span><\/p>\n<p><span style=\"font-family: verdana, geneva, sans-serif; color: #000080;\">Le nombre d\u2019heures de soutien individualis\u00e9 et accompagnement dans la mise en pratique des acquis avec la formatrice est directement d\u00e9pendant du budget et du temps disponible du stagiaire.<\/span><br \/>\n<span style=\"font-family: verdana, geneva, sans-serif; color: #000080;\">Renseignement sur demande par email \u2013 prise de rendez-vous en amont de la formation pour valider le calendrier des cours et ateliers d\u2019oral avec la formatrice en centre.<\/span><\/p>\n<p><span style=\"font-family: verdana, geneva, sans-serif; color: #000080; font-size: 24px;\">Les points forts<\/span><\/p>\n<p><span style=\"font-family: verdana, geneva, sans-serif; color: #000080;\">Entretiens ax\u00e9s communication courante et pendant ses fonctions selon son niveau personnel de maitrise de la langue.<\/span><br \/>\n<span style=\"font-family: verdana, geneva, sans-serif; color: #000080;\">Cours adapt\u00e9 aux besoins du stagiaire. Suivi individualis\u00e9 m\u00eame en atelier d&rsquo;oral avec correction explicative des erreurs. Formatrice hypnoth\u00e9rapeute patiente proposant activit\u00e9s ludiques ou anti stress de m\u00e9morisation et d&rsquo;aide \u00e0 la prise de parole.<\/span><\/p>\n<p><span style=\"font-family: verdana, geneva, sans-serif; color: #000080;\">Formatrice authentique tr\u00e8s inventive, hypnoth\u00e9rapeute pour g\u00e9rer le stress de la prise de parole.<\/span><\/p>\n<p><span style=\"font-family: verdana, geneva, sans-serif; color: #000080;\">Ateliers jeux et conversation pour instaurer un climat propice aux \u00e9changes, \u00e0 l&rsquo;utilisation du vocabulaire et \u00e0 la construction des phrases selon des th\u00e8mes et modalit\u00e9s adapt\u00e9s aux milieux socioprofessionnels de chacun des participants. S\u00e9ances deux par deux selon th\u00e8mes, calendrier des interventions et pr\u00e9paration au format des questions du test de certifiait ou de l&rsquo;entretien.<\/span><\/p>\n<h1><span style=\"font-family: verdana, geneva, sans-serif; color: #ff9900;\">Dialogues en allemand sous hypnose de relaxation<\/span><\/h1>\n<p><span style=\"font-family: verdana, geneva, sans-serif; color: #000080; font-size: 24px;\">Les r\u00e9sultats attendus<\/span><\/p>\n<ul style=\"list-style-type: square;\">\n<li><span style=\"font-family: verdana, geneva, sans-serif; color: #000080;\">\u00a0&#8211; Am\u00e9liorer votre niveau de communication entre le d\u00e9but et la fin de votre programme\u00a0<\/span><\/li>\n<li><span style=\"color: #000080; font-family: verdana, geneva, sans-serif;\">\u00a0&#8211; D\u00e9velopper votre aisance a\u0300 l\u2019oral et une meilleure compre\u0301hension en langue <\/span><span style=\"color: #000080; font-family: verdana, geneva, sans-serif;\">du quotidien et professionnelle\u00a0<\/span><\/li>\n<li><span style=\"font-family: verdana, geneva, sans-serif; color: #000080;\">\u00a0&#8211; Pouvoir vous exprimer et vous faire comprendre lors d&rsquo;une prise de parole sur des sujets habituels\u00a0<\/span><\/li>\n<li><span style=\"color: #000080; font-family: verdana, geneva, sans-serif;\">\u00a0&#8211; R\u00e9diger des textes structur\u00e9s adapt\u00e9s au contexte professionnel et \u00e0 votre interlocuteur<\/span><\/li>\n<li><span style=\"color: #000080; font-family: verdana, geneva, sans-serif;\">\u00a0&#8211; Comprendre des e\u0301crits professionnels et en de\u0301gager le sens global \u00a0<\/span><\/li>\n<li><span style=\"font-family: verdana, geneva, sans-serif; color: #000080;\">\u00a0&#8211; Comprendre votre interlocuteur selon votre niveau d&rsquo;acquisition de la langue<\/span><\/li>\n<li><span style=\"font-family: verdana, geneva, sans-serif; color: #000080;\">\u00a0&#8211; Interagir avec spontan\u00e9it\u00e9 et pr\u00e9cision sans traduire depuis ou vers le fran\u00e7ais<\/span><\/li>\n<li><span style=\"font-family: verdana, geneva, sans-serif; color: #000080;\">\u00a0&#8211; Approfondir vos connaissances en vocabulaire, grammaire et syntaxe<\/span><\/li>\n<li><span style=\"font-family: verdana, geneva, sans-serif; color: #000080;\">\u00a0&#8211; Gagner en aisance au t\u00e9l\u00e9phone, en face-\u00e0-face et en Visio<\/span><\/li>\n<li><span style=\"font-family: verdana, geneva, sans-serif; color: #000080;\">\u00a0&#8211; Prendre confiance pendant vos d\u00e9placements \u00e0 l&rsquo;\u00e9tranger<\/span><\/li>\n<li><span style=\"font-family: verdana, geneva, sans-serif; color: #000080;\">\u00a0&#8211; Interagir avec efficacit\u00e9 selon votre interlocuteur et la situation<\/span><\/li>\n<li><span style=\"font-family: verdana, geneva, sans-serif; color: #000080;\">\u00a0&#8211; Etre pr\u00e9par\u00e9 \u00e0 la certification Clo\u00e9 pour passer le test dans les meilleures conditions <\/span><span style=\"font-family: verdana, geneva, sans-serif; color: #000080;\"><br \/>\n<strong>PASSAGE DU TEST CLO\u00c9<\/strong><\/span><span style=\"color: #000080; font-family: verdana, geneva, sans-serif;\"><strong> Comp\u00e9tences attest\u00e9es<\/strong> :<\/span><\/li>\n<\/ul>\n<p><span style=\"color: #000080; font-family: verdana, geneva, sans-serif;\"><strong> 1)<\/strong> Analyser des \u00e9crits courts en identifiant les \u00e9l\u00e9ments langagiers cl\u00e9s et en tenant compte de leur exactitude afin d\u2019employer ces \u00e9l\u00e9ments dans des \u00e9crits courants et professionnels, et notamment en utilisant un vocabulaire courant ou professionnel adapt\u00e9 au contexte, en utilisant les principales structures grammaticales n\u00e9cessaires pour construire des phrases coh\u00e9rentes et de complexit\u00e9 vari\u00e9e, et en communiquant en situation courante ou professionnelle en employant les expressions adapt\u00e9es\u00a0 <\/span><\/p>\n<p><span style=\"color: #000080; font-family: verdana, geneva, sans-serif;\"><strong> 2)<\/strong> Analyser des textes courts en identifiant les informations cl\u00e9s afin de les utiliser dans un contexte g\u00e9n\u00e9ral ou professionnel sp\u00e9cifique, et notamment en lisant un texte court et en en d\u00e9gageant le sens global et des d\u00e9tails sp\u00e9cifiques. en lisant un dialogue \u00e9crit ou un message et en en d\u00e9gageant le sens global et des d\u00e9tails sp\u00e9cifiques, et en lisant des instructions ou une s\u00e9rie d\u2019\u00e9v\u00e9nements et en en d\u00e9finissant l\u2019action \u00e0 prendre ou le r\u00e9sultat<\/span><\/p>\n<p><span style=\"color: #000080; font-family: verdana, geneva, sans-serif;\"><strong> 3)<\/strong> Analyser des \u00e9nonc\u00e9s courts, des dialogues et des communications orales en identifiant les informations cl\u00e9s afin de les utiliser dans un contexte g\u00e9n\u00e9ral ou professionnel sp\u00e9cifique, et notamment en \u00e9coutant une annonce ou une information enregistr\u00e9e et en en d\u00e9gageant le sens global et des d\u00e9tails sp\u00e9cifiques, en \u00e9coutant un dialogue et en en d\u00e9gageant le sens global et des d\u00e9tails sp\u00e9cifiques, en \u00e9coutant une s\u00e9rie d\u2019instructions ou une pr\u00e9sentation et en d\u00e9finissant l\u2019action \u00e0 mener ou le r\u00e9sultat\u00a0 \u00a0 <\/span><\/p>\n<p><span style=\"color: #000080; font-family: verdana, geneva, sans-serif;\"><strong> 4)<\/strong> Participer \u00e0 une communication orale avec un interlocuteur sur des sujets professionnels habituels ou sp\u00e9cifiques \u00e0 son m\u00e9tier, et notamment en comprenant un \u00e9nonc\u00e9, des instructions ou des questions d\u2019un interlocuteur, en employant un vocabulaire professionnel adapt\u00e9 \u00e0 la situation de communication, en faisant usage des principales structures grammaticales n\u00e9cessaires afin de construire des phrases coh\u00e9rentes et de complexit\u00e9 vari\u00e9e selon la situation, en communiquant de fa\u00e7on naturelle au sujet de son activit\u00e9, son exp\u00e9rience et ses projets afin de se faire comprendre avec une prononciation claire, en d\u00e9veloppant l\u2019interaction et le dialogue en situation professionnelle.<\/span><\/p>\n<p><span style=\"font-family: verdana, geneva, sans-serif; color: #000080;\"><strong>Modalit\u00e9s d\u2019\u00e9valuation<\/strong> :<\/span><br \/>\n<span style=\"font-family: verdana, geneva, sans-serif; color: #000080;\">Partie 1 \u2013 Test en ligne, mise en situations (1 heure). <\/span><br \/>\n<span style=\"font-family: verdana, geneva, sans-serif; color: #000080;\">Partie 2 \u2013 Interaction en Visio avec un interlocuteur (15 \u00e0 20 minutes) Information compl\u00e8te sur la pr\u00e9paration au format des questions du test CLO\u00c9 et \u00e0 la pr\u00e9paration de votre environnement pour passer le test \u00e9crit puis oral selon des modalit\u00e9s tr\u00e8s strictes conformes aux exigences du Certificateur et du financer CDC -CPF de votre formation.<\/span><\/p>\n<p><span style=\"color: #000080; font-family: verdana, geneva, sans-serif; font-size: 24px;\">Les pr\u00e9-requis<\/span><\/p>\n<p><span style=\"color: #000080; font-family: verdana, geneva, sans-serif;\">Aucun<\/span><br \/>\n<span style=\"color: #000080; font-family: verdana, geneva, sans-serif;\">Si votre niveau est vrai d\u00e9butant (A0-A1) sans aucune connaissance, nous vous proposons un module double d\u2019initiation + d\u00e9butant pour atteindre le niveau SEUIL A2.<\/span><br \/>\n<span style=\"color: #000080; font-family: verdana, geneva, sans-serif;\">Votre parcours sera plus dense : pensez \u00e0 pr\u00e9voir le temps n\u00e9cessaire \u00e0 apprendre les bases, c\u2019est une \u00e9tape importante dans la construction des phrases n\u00e9cessaire \u00e0 la communication courante au quotidien. <\/span><\/p>\n<p><span style=\"color: #000080; font-family: verdana, geneva, sans-serif;\">Savoir les bases de la naviguer sur Internet et utiliser un ordinateur pour r\u00e9pondre \u00e0 des questionnaires en ligne. <\/span><\/p>\n<p><span style=\"color: #000080; font-family: verdana, geneva, sans-serif;\">Avoir une bonne connexion.<\/span><\/p>\n<p><img loading=\"lazy\" decoding=\"async\" class=\"alignnone wp-image-15368 aligncenter\" src=\"https:\/\/www.leslanguessansstress.fr\/wp-content\/uploads\/2023\/05\/Cloe-287x300-1.png\" alt=\"\" width=\"192\" height=\"201\" \/><\/p>\n<p><span style=\"color: #000080; font-family: verdana, geneva, sans-serif; font-size: 24px;\">Voie d&rsquo;acc\u00e8s \u00e0 la certification <\/span><\/p>\n<p><span style=\"color: #000080; font-family: verdana, geneva, sans-serif;\">Le candidat au test Clo\u00e9 doit avoir suivi un parcours de formation orient\u00e9 test de certification dans la langue cible. <\/span><br \/>\n<span style=\"color: #000080; font-family: verdana, geneva, sans-serif;\">Le parcours pr\u00e9sente des cours orient\u00e9s communication \u00e9crite et orale, ainsi qu\u2019un entrainement \u00e0 l\u2019interaction face-\u00e0-face.<\/span><\/p>\n<p><span style=\"color: #000080; font-family: verdana, geneva, sans-serif; font-size: 24px;\">Pratique orale des acquis en centre<\/span><\/p>\n<p><span style=\"color: #000080; font-family: verdana, geneva, sans-serif;\">&#8211; Pr\u00e9sentation de mod\u00e8les de phrases et dialogues faciles \u00e0 <span style=\"caret-color: #000080;\">r\u00e9utiliser<\/span><\/span><span style=\"color: #000080; font-family: verdana, geneva, sans-serif;\"> pour une mise en pratique imm\u00e9diate et au poste de travail. Correction bienveillante et explicative des\u00a0<\/span><span style=\"color: #000080; font-family: verdana, geneva, sans-serif;\"><span style=\"caret-color: #000080;\">erreurs r\u00e9currentes.<\/span><\/span><\/p>\n<p><span style=\"color: #000080; font-family: verdana, geneva, sans-serif;\">&#8211; Accompagnement en gestion du stress : techniques de relaxation dont l&rsquo;hypnose pour travailler la peur de l&rsquo;examen, la prise de parole en public, la confiance en soi. <\/span><\/p>\n<p><span style=\"color: #000080; font-family: verdana, geneva, sans-serif;\">Des ateliers d&rsquo;activit\u00e9s ludiques en centre sont propos\u00e9s pour \u00e9changer en anglais avec d&rsquo;autres stagiaires et d\u00e9velopper sa confiance face \u00e0 l&rsquo;interlocuteur et les situations non pr\u00e9vues.<\/span><\/p>\n<p><span style=\"color: #000080; font-family: verdana, geneva, sans-serif;\">L&rsquo;accompagnement est individualis\u00e9 m\u00eame en atelier, profitez-en!<\/span><\/p>\n<p><img loading=\"lazy\" decoding=\"async\" class=\"alignnone size-medium wp-image-5167 aligncenter\" src=\"https:\/\/www.leslanguessansstress.fr\/wp-content\/uploads\/2019\/07\/PLANNING-EPINGLE-e1614710368195-300x159.jpg\" alt=\"\" width=\"300\" height=\"159\" srcset=\"https:\/\/www.leslanguessansstress.fr\/wp-content\/uploads\/2019\/07\/PLANNING-EPINGLE-e1614710368195-300x159.jpg 300w, https:\/\/www.leslanguessansstress.fr\/wp-content\/uploads\/2019\/07\/PLANNING-EPINGLE-e1614710368195.jpg 336w\" sizes=\"auto, (max-width: 300px) 100vw, 300px\" \/><\/p>\n<p><span style=\"color: #000080; font-family: verdana, geneva, sans-serif; font-size: 24px;\">Agenda : <\/span><\/p>\n<p><span style=\"color: #000080; font-family: verdana, geneva, sans-serif;\">Consultez-nous pour v\u00e9rifier la disponibilit\u00e9 de la formatrice aux dates que vous choisissez d&rsquo;\u00e9tudier et selon la date privil\u00e9gi\u00e9e de la passation de votre test de certification. \u00a0<\/span><\/p>\n<p><span style=\"color: #000080; font-family: verdana, geneva, sans-serif; font-size: 24px;\">Information dur\u00e9e et fr\u00e9quences des s\u00e9ances pr\u00e9sentielles : \u00a0<\/span><\/p>\n<p><span style=\"color: #000080; font-family: verdana, geneva, sans-serif;\">Quelle que soit la dur\u00e9e de votre formation un minimum de 10 s\u00e9ances d&rsquo;entretiens, de suivi p\u00e9dagogique avec retour sur difficult\u00e9s rencontr\u00e9es et d&rsquo;explications sont \u00e0 poser en amont du parcours et \u00e0 valider d\u00e8s l&rsquo;entr\u00e9e en formation avec la formatrice hypnoth\u00e9rapeute sinon ils seront \u00e9tal\u00e9s selon un agenda standard appropri\u00e9 au contexte d&rsquo;\u00e9tude et de progression dans le programme. Ce \u00a0nombre et la fr\u00e9quences des \u00e9changes sont directement li\u00e9s au prix de la formation. <\/span><\/p>\n<p><span style=\"color: #000080; font-family: verdana, geneva, sans-serif;\">Veuillez vous rapprocher de notre administration pour v\u00e9rifier la compatibilit\u00e9 de votre niveau d&rsquo;acc\u00e8s avec un programme court. Si le niveau d&rsquo;entr\u00e9e n&rsquo;est pas suffisant pour acc\u00e9der \u00e0 la certification de vos connaissances, nous vous proposerons un programme plus long pour vous permettre d&rsquo;absorber les bases A1 ET A2, minimum. Cela peut engendrer une dur\u00e9e d&rsquo;\u00e9tude plus longue entre nos rendez-vous.\u00a0<\/span><\/p>\n<p><span style=\"font-family: verdana, geneva, sans-serif; font-size: 24px; color: #000080;\">Tarif\u00a0<\/span><br \/>\n<span style=\"font-family: verdana, geneva, sans-serif; color: #000080;\">Sur mesure. <\/span><br \/>\n<span style=\"font-family: verdana, geneva, sans-serif; color: #000080;\">Nous personnalisons nos formations selon le(s) module(s ) de programme choisi(s), les ressources et la dur\u00e9e de l&rsquo;accompagnement, la fr\u00e9quence des s\u00e9ances pr\u00e9sentielles. <\/span><\/p>\n<p><span style=\"font-family: verdana, geneva, sans-serif; color: #000080;\">Des tarifs et formations standard sont pr\u00e9sent\u00e9s sur la plateforme CPF et sur notre page CPF en constante remise \u00e0 niveau.<\/span><\/p>\n<p><span style=\"font-family: verdana, geneva, sans-serif; color: #000080;\">Cependant, selon vos besoins et contraintes, vous pouvez passer du standard au Premium (augmentation de la dur\u00e9e des ressources et heures d&rsquo;accompagnement) ou Economy (diminution pour ne garder que le stricte minimum impos\u00e9 pour certifier votre progression vers le niveau Seuil ou plus).<\/span><\/p>\n<p><img loading=\"lazy\" decoding=\"async\" class=\"alignnone size-medium wp-image-14157 aligncenter\" src=\"https:\/\/www.leslanguessansstress.fr\/wp-content\/uploads\/2022\/10\/Mon-compte-formation-CPF-les-langues-sans-stress-300x159.jpg\" alt=\"\" width=\"300\" height=\"159\" srcset=\"https:\/\/www.leslanguessansstress.fr\/wp-content\/uploads\/2022\/10\/Mon-compte-formation-CPF-les-langues-sans-stress-300x159.jpg 300w, https:\/\/www.leslanguessansstress.fr\/wp-content\/uploads\/2022\/10\/Mon-compte-formation-CPF-les-langues-sans-stress.jpg 646w\" sizes=\"auto, (max-width: 300px) 100vw, 300px\" \/><\/p>\n<h2><span style=\"color: #ff9900; font-family: verdana, geneva, sans-serif; font-size: 20px;\">Votre programme d&rsquo;allemand professionnel et courant avec dialogues sous hypnose est finan\u00e7able par le budget CPF <\/span><\/h2>\n<p><span style=\"color: #000080; font-family: verdana, geneva, sans-serif; font-size: 20px;\">Modalit\u00e9s d&rsquo;inscription et information : <a href=\"https:\/\/www.leslanguessansstress.fr\/index.php\/2023\/11\/27\/livret-daccueil-du-stagiaire\/\" target=\"_blank\" rel=\"noopener\">LIVRET D&rsquo;ACCUEIL DU STAGIAIRE<\/a><\/span><\/p>\n<p>&nbsp;<\/p>\n<p>&nbsp;<\/p>\n","protected":false},"excerpt":{"rendered":"<p>FQ DE05-30 Allemand professionnel et courant\u00a0 Objectif p\u00e9dagogique &#8211; Acqu\u00e9rir ou revoir les bases fondamentales<\/p>\n","protected":false},"author":1,"featured_media":11871,"comment_status":"closed","ping_status":"open","sticky":false,"template":"","format":"standard","meta":{"footnotes":""},"categories":[149,348,432,371],"tags":[112,574,279,597,377,460,449],"class_list":["post-15581","post","type-post","status-publish","format-standard","has-post-thumbnail","hentry","category-allemand","category-cpf-certificats","category-langues","category-programme","tag-allemand","tag-cpf","tag-hypnose","tag-pratique-de-loral","tag-professionnel","tag-programme","tag-test"],"_links":{"self":[{"href":"https:\/\/www.leslanguessansstress.fr\/index.php\/wp-json\/wp\/v2\/posts\/15581","targetHints":{"allow":["GET"]}}],"collection":[{"href":"https:\/\/www.leslanguessansstress.fr\/index.php\/wp-json\/wp\/v2\/posts"}],"about":[{"href":"https:\/\/www.leslanguessansstress.fr\/index.php\/wp-json\/wp\/v2\/types\/post"}],"author":[{"embeddable":true,"href":"https:\/\/www.leslanguessansstress.fr\/index.php\/wp-json\/wp\/v2\/users\/1"}],"replies":[{"embeddable":true,"href":"https:\/\/www.leslanguessansstress.fr\/index.php\/wp-json\/wp\/v2\/comments?post=15581"}],"version-history":[{"count":4,"href":"https:\/\/www.leslanguessansstress.fr\/index.php\/wp-json\/wp\/v2\/posts\/15581\/revisions"}],"predecessor-version":[{"id":16065,"href":"https:\/\/www.leslanguessansstress.fr\/index.php\/wp-json\/wp\/v2\/posts\/15581\/revisions\/16065"}],"wp:featuredmedia":[{"embeddable":true,"href":"https:\/\/www.leslanguessansstress.fr\/index.php\/wp-json\/wp\/v2\/media\/11871"}],"wp:attachment":[{"href":"https:\/\/www.leslanguessansstress.fr\/index.php\/wp-json\/wp\/v2\/media?parent=15581"}],"wp:term":[{"taxonomy":"category","embeddable":true,"href":"https:\/\/www.leslanguessansstress.fr\/index.php\/wp-json\/wp\/v2\/categories?post=15581"},{"taxonomy":"post_tag","embeddable":true,"href":"https:\/\/www.leslanguessansstress.fr\/index.php\/wp-json\/wp\/v2\/tags?post=15581"}],"curies":[{"name":"wp","href":"https:\/\/api.w.org\/{rel}","templated":true}]}}