{"id":15523,"date":"2025-02-24T07:45:54","date_gmt":"2025-02-24T06:45:54","guid":{"rendered":"https:\/\/www.leslanguessansstress.fr\/?p=15523"},"modified":"2025-02-24T08:22:19","modified_gmt":"2025-02-24T07:22:19","slug":"espagnol-entretien-et-prise-de-parole","status":"publish","type":"post","link":"https:\/\/www.leslanguessansstress.fr\/index.php\/2025\/02\/24\/espagnol-entretien-et-prise-de-parole\/","title":{"rendered":"Entretien et prise de parole en langues sans stress"},"content":{"rendered":"<h2 style=\"font-weight: 400;\"><span style=\"color: #000080; font-family: verdana, geneva, sans-serif; font-size: 28px;\"><span style=\"caret-color: #ff6600;\">Bien se pr\u00e9parer \u00e0 l&rsquo;entretien et \u00e0 la prise de parole en langues sans stress <\/span><\/span><\/h2>\n<p><span style=\"color: #ff6600; font-family: verdana, geneva, sans-serif;\">Langues propos\u00e9es : \u00a0\u00a0<\/span><br \/>\n<span style=\"color: #000080; font-family: verdana, geneva, sans-serif;\">Anglais, allemand, espagnol, italien, Fran\u00e7ais FLM et FLE \u00a0<\/span><\/p>\n<p><span style=\"text-decoration: underline; color: #ff6600;\"><span style=\"font-family: verdana, geneva, sans-serif; font-size: 20px;\">Objectifs<\/span><\/span><\/p>\n<p><span style=\"color: #000080; font-family: verdana, geneva, sans-serif;\">Renforcer les bases de la communication (vocabulaire, grammaire, conjugaison, orthographe et syntaxe).\u00a0<\/span><br \/>\n<span style=\"color: #000080; font-family: verdana, geneva, sans-serif;\">D\u00e9velopper les principales comp\u00e9tences en langues fran\u00e7aise et \u00e9trang\u00e8res requises par le r\u00e9f\u00e9rentiel du CPF. <\/span><br \/>\n<span style=\"color: #000080; font-family: verdana, geneva, sans-serif;\">R\u00e9activer ses connaissances en langue courante et \u00e9largir son vocabulaire selon le contexte socioprofessionnel vis\u00e9. .\u00a0<\/span><br \/>\n<span style=\"color: #000080; font-family: verdana, geneva, sans-serif;\">D\u00e9velopper la compr\u00e9hension et la fluidit\u00e9 \u00e0 l&rsquo;oral. <\/span><br \/>\n<span style=\"color: #000080; font-family: verdana, geneva, sans-serif;\">Pouvoir anticiper et r\u00e9pondre aux questions d&rsquo;un interlocuteur, un certificateur ou lors d&rsquo;une embauche. <\/span><br \/>\n<span style=\"color: #000080; font-family: verdana, geneva, sans-serif;\">Relancer et maintenir la conversation. <\/span><br \/>\n<span style=\"color: #000080; font-family: verdana, geneva, sans-serif;\">Savoir abaisser le niveau de stress avant et pendant l&rsquo;entretien oral ou la prise de parole en public. \u00a0<\/span><\/p>\n<p><img loading=\"lazy\" decoding=\"async\" class=\"alignnone size-medium wp-image-14125 aligncenter\" src=\"https:\/\/www.leslanguessansstress.fr\/wp-content\/uploads\/2022\/10\/programme-adapte-a-5-langues-sans-stress-CPF-300x35.jpg\" alt=\"\" width=\"300\" height=\"35\" srcset=\"https:\/\/www.leslanguessansstress.fr\/wp-content\/uploads\/2022\/10\/programme-adapte-a-5-langues-sans-stress-CPF-300x35.jpg 300w, https:\/\/www.leslanguessansstress.fr\/wp-content\/uploads\/2022\/10\/programme-adapte-a-5-langues-sans-stress-CPF.jpg 702w\" sizes=\"auto, (max-width: 300px) 100vw, 300px\" \/><\/p>\n<p><span style=\"text-decoration: underline; color: #ff6600;\"><span style=\"font-family: verdana, geneva, sans-serif; font-size: 20px;\">R\u00e9sultats attendus<\/span><\/span><\/p>\n<p><span style=\"color: #000080; font-family: verdana, geneva, sans-serif;\">R\u00e9ussir dans la conduite d\u2019entretiens dans la langue de son choix.<\/span><br \/>\n<span style=\"font-family: verdana, geneva, sans-serif; color: #000080;\">La certification de son niveau de ma\u00eetrise d&rsquo;une langue en milieu professionnel selon son \u00e9tude individuelle.<\/span><br \/>\n<span style=\"color: #000080; font-family: verdana, geneva, sans-serif;\">L&rsquo;\u00e9valuation positive de la progression entre l&rsquo;entr\u00e9e et la sortie de la session suivie.\u00a0<\/span><br \/>\n<span style=\"color: #000080; font-family: verdana, geneva, sans-serif;\">L&rsquo;acquisition des principales comp\u00e9tences de niveau A2 et au-del\u00e0 en langue requises par le r\u00e9f\u00e9rentiel du CPF <\/span><br \/>\n<span style=\"color: #000080; font-family: verdana, geneva, sans-serif;\">L&rsquo;enrichissement du lexique courant et professionnel ou sp\u00e9cifique. \u00a0<\/span><br \/>\n<span style=\"color: #000080; font-family: verdana, geneva, sans-serif;\">L&rsquo;am\u00e9lioration de la prononciation et de la fluidit\u00e9 \u00e0 l&rsquo;oral. <\/span><br \/>\n<span style=\"color: #000080; font-family: verdana, geneva, sans-serif;\">Gain de confiance et d&rsquo;efficacit\u00e9 \u00e0 l&rsquo;oral face \u00e0 un interlocuteur ou un public. <\/span><br \/>\n<span style=\"color: #000080; font-family: verdana, geneva, sans-serif;\">L&rsquo;utilisation de techniques anti stress pendant un entretien ou une prise de parole en public.\u00a0<\/span><\/p>\n<p><span style=\"text-decoration: underline; font-size: 20px; color: #ff6600;\"><span style=\"font-family: verdana, geneva, sans-serif;\">Contenu<\/span><\/span><\/p>\n<p><span style=\"color: #000080; font-family: verdana, geneva, sans-serif;\">Evaluation du niveau d&rsquo;entr\u00e9e pour le faux d\u00e9butant et niveaux sup\u00e9rieurs pour d\u00e9celer les axes d&rsquo;am\u00e9lioration.<\/span><\/p>\n<p><span style=\"color: #ff6600; font-family: verdana, geneva, sans-serif;\">\u00c9TUDE AUTONOME :<\/span><br \/>\n<span style=\"color: #000080; font-family: verdana, geneva, sans-serif;\">Exercices de renforcement sur les points faibles en grammaire, conjugaison, orthographe et syntaxe selon le niveau r\u00e9v\u00e9l\u00e9. <\/span><br \/>\n<span style=\"color: #000080; font-family: verdana, geneva, sans-serif;\">Elargissement du lexique th\u00e9matique courant et professionnel selon niveau des objectifs de ma\u00eetrise du candidat. <\/span><\/p>\n<p><span style=\"color: #ff6600; font-family: verdana, geneva, sans-serif;\">PRINCIPAUX TH\u00c8MES : <\/span><br \/>\n<span style=\"color: #000080; font-family: verdana, geneva, sans-serif;\">Outre la partie orale, le candidat doit se pr\u00e9parer \u00e0 la partie \u00e9crite du test de certification dans la langue cible dans un contexte professionnel standard : <\/span><\/p>\n<p><span style=\"color: #000080; font-family: verdana, geneva, sans-serif;\">Saluer, se pr\u00e9senter, d\u00e9crire la croissance de l&rsquo;entreprise, un projet, <\/span><br \/>\n<span style=\"color: #000080; font-family: verdana, geneva, sans-serif;\">Prendre et donner des nouvelles de vos clients et collaborateurs, <\/span><br \/>\n<span style=\"color: #000080; font-family: verdana, geneva, sans-serif;\">L&rsquo;argumentaire de vente, la n\u00e9gociation, le suivi des dossiers,<\/span><br \/>\n<span style=\"color: #000080; font-family: verdana, geneva, sans-serif;\">La gestion des probl\u00e8mes et situations impr\u00e9vues,\u00a0<\/span><br \/>\n<span style=\"color: #000080; font-family: verdana, geneva, sans-serif;\">La cr\u00e9ation d&rsquo;entreprise, son environnement, la publicit\u00e9, <\/span><br \/>\n<span style=\"color: #000080; font-family: verdana, geneva, sans-serif;\">La pr\u00e9sentation d&rsquo;un produit ou service, de son CV et parcours scolaire, <\/span><br \/>\n<span style=\"color: #000080; font-family: verdana, geneva, sans-serif;\">L&rsquo;entretien d&#8217;embauche, donner son opinion et argumenter, <\/span><br \/>\n<span style=\"color: #000080; font-family: verdana, geneva, sans-serif;\">La communication t\u00e9l\u00e9phonique<br \/>\nL&rsquo;organisation d&rsquo;un voyage d&rsquo;affaires &#8230; <\/span><\/p>\n<p><span style=\"color: #000080; font-family: verdana, geneva, sans-serif;\">Partager des informations sur des th\u00e8mes du quotidien (m\u00e9t\u00e9o, environnement, famille, gastronomie, \u00e9tat de sant\u00e9, actualit\u00e9&#8230;).\u00a0<\/span><\/p>\n<p><span style=\"color: #ff6600; font-family: verdana, geneva, sans-serif;\">ENTRAINEMENT \u00c9CRIT ET ORAL VALID\u00c9 AVEC L&rsquo;INTERVENANTE : <\/span><\/p>\n<p><span style=\"color: #000080; font-family: verdana, geneva, sans-serif;\">&#8211; Le vocabulaire courant <\/span><br \/>\n<span style=\"color: #000080; font-family: verdana, geneva, sans-serif;\">&#8211; Le lexique professionnel <\/span><br \/>\n<span style=\"color: #000080; font-family: verdana, geneva, sans-serif;\">&#8211; La syntaxe formelle et informelle\u00a0<\/span><br \/>\n<span style=\"color: #000080; font-family: verdana, geneva, sans-serif;\">&#8211; L&rsquo;expression orale adapt\u00e9e \u00e0 son interlocuteur\u00a0<\/span><br \/>\n<span style=\"color: #000080; font-family: verdana, geneva, sans-serif;\">&#8211; La compr\u00e9hension orale et \u00e9crite<\/span><br \/>\n<span style=\"color: #000080; font-family: verdana, geneva, sans-serif;\">&#8211; La prononciation et l&rsquo;articulation, l&rsquo;accentuation des mots\u00a0<\/span><br \/>\n<span style=\"color: #000080; font-family: verdana, geneva, sans-serif;\">&#8211; L&rsquo;expression \u00e9crite \u00a0<\/span><br \/>\n<span style=\"color: #000080; font-family: verdana, geneva, sans-serif;\">&#8211; L&rsquo;interaction en continu <\/span><br \/>\n<span style=\"color: #000080; font-family: verdana, geneva, sans-serif;\">&#8211; Comment r\u00e9pondre aux questions al\u00e9atoires\u00a0 <\/span><br \/>\n<span style=\"color: #000080; font-family: verdana, geneva, sans-serif;\">&#8211; Valoriser votre interlocuteur par le choix de vos questions\u00a0<\/span><br \/>\n<span style=\"color: #000080; font-family: verdana, geneva, sans-serif;\">&#8211; G\u00e9rer son niveau de stress face au jury ou un interlocuteur dans un contexte professionnel.<\/span><br \/>\n<span style=\"color: #000080; font-family: verdana, geneva, sans-serif;\">&#8211; Pr\u00e9paration au format des questions types du test de certification.<\/span><\/p>\n<p><img loading=\"lazy\" decoding=\"async\" class=\"alignnone size-medium wp-image-17666 aligncenter\" src=\"https:\/\/www.leslanguessansstress.fr\/wp-content\/uploads\/2025\/02\/Communiquer-au-quotidien-300x226.jpg\" alt=\"\" width=\"300\" height=\"226\" srcset=\"https:\/\/www.leslanguessansstress.fr\/wp-content\/uploads\/2025\/02\/Communiquer-au-quotidien-300x226.jpg 300w, https:\/\/www.leslanguessansstress.fr\/wp-content\/uploads\/2025\/02\/Communiquer-au-quotidien-1024x771.jpg 1024w, https:\/\/www.leslanguessansstress.fr\/wp-content\/uploads\/2025\/02\/Communiquer-au-quotidien-768x578.jpg 768w, https:\/\/www.leslanguessansstress.fr\/wp-content\/uploads\/2025\/02\/Communiquer-au-quotidien-1536x1157.jpg 1536w, https:\/\/www.leslanguessansstress.fr\/wp-content\/uploads\/2025\/02\/Communiquer-au-quotidien-2048x1542.jpg 2048w, https:\/\/www.leslanguessansstress.fr\/wp-content\/uploads\/2025\/02\/Communiquer-au-quotidien-720x540.jpg 720w\" sizes=\"auto, (max-width: 300px) 100vw, 300px\" \/><\/p>\n<p><span style=\"color: #ff6600; font-family: verdana, geneva, sans-serif;\">ACCOMPAGNEMENT SUR PLACE :<\/span><\/p>\n<p><span style=\"color: #000080; font-family: verdana, geneva, sans-serif;\">&#8211; Pr\u00e9sentation de mod\u00e8les de phrases et dialogues faciles \u00e0 <span style=\"caret-color: #000080;\">r\u00e9utiliser<\/span><\/span><span style=\"color: #000080; font-family: verdana, geneva, sans-serif;\"> pour une mise en pratique imm\u00e9diate et au poste de travail. Correction bienveillante et explicative des\u00a0<\/span><span style=\"color: #000080; font-family: verdana, geneva, sans-serif;\"><span style=\"caret-color: #000080;\">erreurs r\u00e9currentes.<\/span><\/span><\/p>\n<p><span style=\"color: #000080; font-family: verdana, geneva, sans-serif;\">&#8211; Accompagnement en gestion du stress : techniques de relaxation dont l&rsquo;hypnose pour travailler la peur de l&rsquo;examen, la prise de parole en public, la confiance en soi, la m\u00e9moire et la concentration. <\/span><\/p>\n<p><span style=\"color: #000080; font-family: verdana, geneva, sans-serif;\">Des ateliers d&rsquo;activit\u00e9s ludiques en centre sont propos\u00e9s pour \u00e9changer en fran\u00e7ais et langues \u00e9trang\u00e8res avec d&rsquo;autres stagiaires et d\u00e9velopper sa confiance face \u00e0 l&rsquo;interlocuteur et les situations autant attendues que non pr\u00e9vues. <\/span><\/p>\n<p><span style=\"color: #000080; font-family: verdana, geneva, sans-serif;\">L&rsquo;accompagnement est individualis\u00e9 m\u00eame en atelier, profitez-en!<\/span><\/p>\n<p><span style=\"color: #008000;\"><img loading=\"lazy\" decoding=\"async\" class=\"alignnone wp-image-5167 aligncenter\" src=\"https:\/\/www.leslanguessansstress.fr\/wp-content\/uploads\/2019\/07\/PLANNING-EPINGLE-e1614710368195-300x159.jpg\" alt=\"\" width=\"213\" height=\"113\" srcset=\"https:\/\/www.leslanguessansstress.fr\/wp-content\/uploads\/2019\/07\/PLANNING-EPINGLE-e1614710368195-300x159.jpg 300w, https:\/\/www.leslanguessansstress.fr\/wp-content\/uploads\/2019\/07\/PLANNING-EPINGLE-e1614710368195.jpg 336w\" sizes=\"auto, (max-width: 213px) 100vw, 213px\" \/><\/span><\/p>\n<p><span style=\"color: #ff6600; font-family: verdana, geneva, sans-serif;\">AGENDA : <\/span><br \/>\n<span style=\"color: #000080; font-family: verdana, geneva, sans-serif;\">Consultez-nous pour v\u00e9rifier la disponibilit\u00e9 de la formatrice aux dates que vous choisissez d&rsquo;\u00e9tudier et selon la date privil\u00e9gi\u00e9e de la passation de votre test de certification.<\/span><\/p>\n<p><span style=\"color: #ff6600; font-family: verdana, geneva, sans-serif;\">INFORMATION DUR\u00c9E &amp; FR\u00c9QUENCE DES S\u00c9ANCES PR\u00c9SENTIELLES : \u00a0<\/span><br \/>\n<span style=\"color: #000080; font-family: verdana, geneva, sans-serif;\">Vous choisissez le nombre de vos entretiens et ateliers d&rsquo;oral.<\/span><br \/>\n<span style=\"color: #000080; font-family: verdana, geneva, sans-serif;\">Le \u00a0nombre et la fr\u00e9quences des \u00e9changes sont directement li\u00e9s au prix de la formation. <\/span><br \/>\n<span style=\"color: #000080; font-family: verdana, geneva, sans-serif;\">Veuillez vous rapprocher de notre administration pour v\u00e9rifier la compatibilit\u00e9 de votre niveau d&rsquo;acc\u00e8s avec un programme court. Si le niveau d&rsquo;entr\u00e9e n&rsquo;est pas suffisant pour acc\u00e9der \u00e0 la certification de vos connaissances, nous vous proposerons un programme plus long pour vous permettre d&rsquo;absorber les bases A1 ET A2. Cela peut engendrer une dur\u00e9e d&rsquo;\u00e9tude plus longue entre nos rendez-vous. <\/span><\/p>\n<p><span style=\"font-size: 16px; color: #ff0000;\"><span style=\"font-family: verdana, geneva, sans-serif;\"><span style=\"color: #ff6600;\">PUBLIC.<\/span> <\/span><\/span><br \/>\n<span style=\"color: #000080; font-family: verdana, geneva, sans-serif;\">Tous. \u00a0\u00a0<\/span><\/p>\n<p><span style=\"color: #ff6600; font-family: verdana, geneva, sans-serif;\">PR\u00c9REQUIS :<\/span><br \/>\n<span style=\"color: #000080; font-family: verdana, geneva, sans-serif;\">Aucun. \u00a0<\/span><br \/>\n<span style=\"color: #000080; font-family: verdana, geneva, sans-serif;\">Votre niveau est d\u00e9cel\u00e9 en d\u00e9but de formation et nous vous proposons alors des modules adapt\u00e9s \u00e0 vos besoins pour atteindre les objectifs que vous aurez d\u00e9sign\u00e9s. \u00a0\u00a0<\/span><\/p>\n<p><span style=\"color: #ff6600; font-family: verdana, geneva, sans-serif;\">NIVEAU : <\/span><br \/>\n<span style=\"color: #000080; font-family: verdana, geneva, sans-serif;\">Programme adaptatif entre les niveaux A2 seuil \u00e0 interm\u00e9diaire avanc\u00e9 B2. \u00a0<\/span><\/p>\n<p><img loading=\"lazy\" decoding=\"async\" class=\"alignnone size-medium wp-image-14157 aligncenter\" src=\"https:\/\/www.leslanguessansstress.fr\/wp-content\/uploads\/2022\/10\/Mon-compte-formation-CPF-les-langues-sans-stress-300x159.jpg\" alt=\"\" width=\"300\" height=\"159\" srcset=\"https:\/\/www.leslanguessansstress.fr\/wp-content\/uploads\/2022\/10\/Mon-compte-formation-CPF-les-langues-sans-stress-300x159.jpg 300w, https:\/\/www.leslanguessansstress.fr\/wp-content\/uploads\/2022\/10\/Mon-compte-formation-CPF-les-langues-sans-stress.jpg 646w\" sizes=\"auto, (max-width: 300px) 100vw, 300px\" \/><\/p>\n<h1 style=\"font-weight: 400;\"><span style=\"color: #ff6600; font-family: verdana, geneva, sans-serif; font-size: 24px;\"><span style=\"caret-color: #ff6600;\">Formation d&rsquo;entretien professionnel en anglais allemand espagnol italien ou fran\u00e7ais \u00e9ligible au CPF<\/span><\/span><\/h1>\n<p><span style=\"color: #000080; font-family: verdana, geneva, sans-serif; font-size: 16px;\">Le candidat \u00e0 la certification de ses comp\u00e9tences se pr\u00e9pare \u00e0 son rythme au format des questions du test choisi et b\u00e9n\u00e9ficie de 10 entretiens \u00e0 r\u00e9partir pendant toute la dur\u00e9e de sa session ou \u00e0 utiliser de mani\u00e8re intensive en fin de programme de r\u00e9vision.<\/span><\/p>\n<p><span style=\"color: #000080; font-family: verdana, geneva, sans-serif; font-size: 16px;\">Modalit\u00e9s d&rsquo;inscription et information : <a href=\"https:\/\/www.leslanguessansstress.fr\/index.php\/2023\/11\/27\/livret-daccueil-du-stagiaire\/\" target=\"_blank\" rel=\"noopener\">LIVRET D&rsquo;ACCUEIL DU STAGIAIRE<\/a><\/span><\/p>\n<p>&nbsp;<\/p>\n<h2 style=\"font-weight: 400;\"><span style=\"color: #ff6600; font-family: verdana, geneva, sans-serif; font-size: 24px;\"><span style=\"caret-color: #ff6600;\">L&rsquo;entretien d&#8217;embauche \u00a0<\/span><\/span><\/h2>\n<p><span style=\"color: #000080; font-family: verdana, geneva, sans-serif; font-size: 16px;\">CADRE EMPLOI vous donne <a href=\"https:\/\/www.cadremploi.fr\/editorial\/conseils\/conseils-candidature\/entretien-embauche.html\" target=\"_blank\" rel=\"noopener\">quelques id\u00e9es et conseils<\/a> qui peuvent vous aider \u00e0 pr\u00e9parer votre pitch avant un entretien, si les id\u00e9es vous manquent.<\/span><\/p>\n","protected":false},"excerpt":{"rendered":"<p>Bien se pr\u00e9parer \u00e0 l&rsquo;entretien et \u00e0 la prise de parole en langues sans stress<\/p>\n","protected":false},"author":1,"featured_media":17224,"comment_status":"closed","ping_status":"open","sticky":false,"template":"","format":"standard","meta":{"footnotes":""},"categories":[80],"tags":[574,610,573,483,202,460,449],"class_list":["post-15523","post","type-post","status-publish","format-standard","has-post-thumbnail","hentry","category-actualites","tag-cpf","tag-entretien","tag-espagnol","tag-formation","tag-perfectionnement","tag-programme","tag-test"],"_links":{"self":[{"href":"https:\/\/www.leslanguessansstress.fr\/index.php\/wp-json\/wp\/v2\/posts\/15523","targetHints":{"allow":["GET"]}}],"collection":[{"href":"https:\/\/www.leslanguessansstress.fr\/index.php\/wp-json\/wp\/v2\/posts"}],"about":[{"href":"https:\/\/www.leslanguessansstress.fr\/index.php\/wp-json\/wp\/v2\/types\/post"}],"author":[{"embeddable":true,"href":"https:\/\/www.leslanguessansstress.fr\/index.php\/wp-json\/wp\/v2\/users\/1"}],"replies":[{"embeddable":true,"href":"https:\/\/www.leslanguessansstress.fr\/index.php\/wp-json\/wp\/v2\/comments?post=15523"}],"version-history":[{"count":7,"href":"https:\/\/www.leslanguessansstress.fr\/index.php\/wp-json\/wp\/v2\/posts\/15523\/revisions"}],"predecessor-version":[{"id":17811,"href":"https:\/\/www.leslanguessansstress.fr\/index.php\/wp-json\/wp\/v2\/posts\/15523\/revisions\/17811"}],"wp:featuredmedia":[{"embeddable":true,"href":"https:\/\/www.leslanguessansstress.fr\/index.php\/wp-json\/wp\/v2\/media\/17224"}],"wp:attachment":[{"href":"https:\/\/www.leslanguessansstress.fr\/index.php\/wp-json\/wp\/v2\/media?parent=15523"}],"wp:term":[{"taxonomy":"category","embeddable":true,"href":"https:\/\/www.leslanguessansstress.fr\/index.php\/wp-json\/wp\/v2\/categories?post=15523"},{"taxonomy":"post_tag","embeddable":true,"href":"https:\/\/www.leslanguessansstress.fr\/index.php\/wp-json\/wp\/v2\/tags?post=15523"}],"curies":[{"name":"wp","href":"https:\/\/api.w.org\/{rel}","templated":true}]}}