{"id":15499,"date":"2026-04-06T06:59:42","date_gmt":"2026-04-06T04:59:42","guid":{"rendered":"https:\/\/www.leslanguessansstress.fr\/?p=15499"},"modified":"2026-04-06T10:37:48","modified_gmt":"2026-04-06T08:37:48","slug":"les-langues-sans-stress-du-bureau-a-lentreprise","status":"publish","type":"post","link":"https:\/\/www.leslanguessansstress.fr\/index.php\/2026\/04\/06\/les-langues-sans-stress-du-bureau-a-lentreprise\/","title":{"rendered":"Du bureau \u00e0 l&rsquo;entreprise (programme)"},"content":{"rendered":"<h4><span style=\"font-family: arial, helvetica, sans-serif; color: #000080; font-size: 14px;\">Modules de perfectionnement : vocabulaire pour la communication conviviale au bureau et dans l&rsquo;entreprise selon vos besoins et ceux de votre fonction (programmes courts au choix)<\/span><\/h4>\n<p><span style=\"font-family: arial, helvetica, sans-serif; color: #000080;\"><img loading=\"lazy\" decoding=\"async\" class=\"alignnone wp-image-14125 aligncenter\" src=\"https:\/\/www.leslanguessansstress.fr\/wp-content\/uploads\/2022\/10\/programme-adapte-a-5-langues-sans-stress-CPF-300x35.jpg\" alt=\"\" width=\"420\" height=\"49\" srcset=\"https:\/\/www.leslanguessansstress.fr\/wp-content\/uploads\/2022\/10\/programme-adapte-a-5-langues-sans-stress-CPF-300x35.jpg 300w, https:\/\/www.leslanguessansstress.fr\/wp-content\/uploads\/2022\/10\/programme-adapte-a-5-langues-sans-stress-CPF.jpg 702w\" sizes=\"auto, (max-width: 420px) 100vw, 420px\" \/><\/span><\/p>\n<h2 style=\"font-weight: 400;\"><span style=\"font-family: arial, helvetica, sans-serif; color: #ff6600;\">Am\u00e9liorez votre communication au bureau selon la langue de votre entreprise<\/span><\/h2>\n<p><span style=\"font-family: arial, helvetica, sans-serif; color: #000080;\">OBJECTIFS<\/span><\/p>\n<p><span style=\"font-family: arial, helvetica, sans-serif; color: #000080;\">Apprendre ou revoir l&rsquo;essentiel du vocabulaire de base utile \u00e0 la communication au bureau dans une entreprise internationale.<br \/>\n<\/span> <span style=\"font-family: arial, helvetica, sans-serif; color: #000080;\">Choisir sa ou ses langues parmi l&rsquo;anglais, l&rsquo;allemand, l&rsquo;espagnol, l&rsquo;italien et le fran\u00e7ais FLE.<br \/>\n<\/span> <span style=\"font-family: arial, helvetica, sans-serif; color: #000080;\">Consolider les structures de ses phrases en approfondissant la grammaire.<br \/>\n<\/span><span style=\"font-family: arial, helvetica, sans-serif; color: #000080;\">Enrichir ses conversations de mots et expressions attrayantes.<br \/>\n<\/span><span style=\"font-family: arial, helvetica, sans-serif; color: #000080;\">S&rsquo;exprimer avec plus d&rsquo;aisance face \u00e0 un interlocuteur pendant des r\u00e9unions et d\u00e9placements.<br \/>\n<\/span><br \/>\n<span style=\"font-family: arial, helvetica, sans-serif; color: #000080;\">Tenir une conversation conviviale sur des th\u00e8mes du quotidien et socioprofessionnels.<\/span><\/p>\n<p><span style=\"font-family: arial, helvetica, sans-serif; color: #000080;\">R\u00c9SULTATS ATTENDUS<\/span><\/p>\n<p><span style=\"font-family: arial, helvetica, sans-serif; color: #000080;\">Comprendre les expressions et le vocabulaire utilis\u00e9s au bureau.<\/span><br \/>\n<span style=\"color: #000080; font-family: arial, helvetica, sans-serif;\">Prendre confiance face \u00e0 son interlocuteur pendant ses fonctions.\u00a0<\/span><br \/>\n<span style=\"color: #000080; font-family: arial, helvetica, sans-serif;\">Mieux ma\u00eetriser son environnement et s&rsquo;ouvrir \u00e0 un environnement \u00e9tranger.<\/span><br \/>\n<span style=\"font-family: arial, helvetica, sans-serif; color: #000080;\">S&rsquo;exprimer avec efficacit\u00e9 \u00e0 l&rsquo;\u00e9crit et \u00e0 l&rsquo;oral au bureau.\u00a0<\/span><\/p>\n<h3><span style=\"font-family: arial, helvetica, sans-serif; color: #ff6600; font-size: 16px;\">Pr\u00e9requis <\/span><br \/>\n<span style=\"font-family: arial, helvetica, sans-serif; color: #000080; font-size: 16px;\"><span style=\"color: #ff6600;\">2 programmes au choix<\/span> <\/span><\/h3>\n<p><span style=\"font-family: arial, helvetica, sans-serif; color: #000080;\">Pas de pr\u00e9requis.\u00a0<\/span><br \/>\n<span style=\"font-family: arial, helvetica, sans-serif; color: #000080;\">Vous apprenez \u00e0 votre rythme selon l&rsquo;\u00e9cart entre votre niveau actuel et celui de vos objectifs de fluidit\u00e9. <\/span><\/p>\n<p><span style=\"font-family: arial, helvetica, sans-serif; color: #000080;\"><img loading=\"lazy\" decoding=\"async\" class=\"alignnone wp-image-14125 aligncenter\" src=\"https:\/\/www.leslanguessansstress.fr\/wp-content\/uploads\/2022\/10\/programme-adapte-a-5-langues-sans-stress-CPF-300x35.jpg\" alt=\"\" width=\"420\" height=\"49\" srcset=\"https:\/\/www.leslanguessansstress.fr\/wp-content\/uploads\/2022\/10\/programme-adapte-a-5-langues-sans-stress-CPF-300x35.jpg 300w, https:\/\/www.leslanguessansstress.fr\/wp-content\/uploads\/2022\/10\/programme-adapte-a-5-langues-sans-stress-CPF.jpg 702w\" sizes=\"auto, (max-width: 420px) 100vw, 420px\" \/><\/span><\/p>\n<h2 style=\"font-weight: 400;\"><span style=\"font-family: arial, helvetica, sans-serif; color: #000080; font-size: 20px;\">Programme d&rsquo;acquisition des bases A1-A2 \u00a0<\/span><\/h2>\n<p><span style=\"font-family: arial, helvetica, sans-serif; color: #000080;\">Vous avez peu ou pas de connaissances et devez autant apprendre les bases de la grammaire que le vocbualaire pour communiquer au bureau selon besoins d\u00e9cel\u00e9s \u00e0 l&rsquo;\u00e9crit et \u00e0 l&rsquo;oral en utilisant ce ce vocabulaire cibl\u00e9.<\/span><\/p>\n<h2 style=\"font-weight: 400;\"><span style=\"font-family: arial, helvetica, sans-serif; color: #000080; font-size: 20px;\">Programme de d\u00e9veloppement des bases A2-B2\u00a0<\/span><\/h2>\n<p><span style=\"font-family: arial, helvetica, sans-serif; color: #000080;\">Vous connaissez les bases de la langue et savez d\u00e9j\u00e0 formez vos phrases. Vous apprenez les mots et vous mettez en pratique imm\u00e9diatement vos nouveaux acquis selon besoins d\u00e9cel\u00e9s au bureau. <\/span><\/p>\n<p style=\"text-align: center;\"><span style=\"font-family: arial, helvetica, sans-serif; color: #000080;\"><img loading=\"lazy\" decoding=\"async\" class=\"alignnone size-medium wp-image-15501\" src=\"https:\/\/www.leslanguessansstress.fr\/wp-content\/uploads\/2023\/12\/Communiquer-efficacement-en-5-langues-au-bureau-300x200.jpeg\" alt=\"\" width=\"300\" height=\"200\" srcset=\"https:\/\/www.leslanguessansstress.fr\/wp-content\/uploads\/2023\/12\/Communiquer-efficacement-en-5-langues-au-bureau-300x200.jpeg 300w, https:\/\/www.leslanguessansstress.fr\/wp-content\/uploads\/2023\/12\/Communiquer-efficacement-en-5-langues-au-bureau-1024x683.jpeg 1024w, https:\/\/www.leslanguessansstress.fr\/wp-content\/uploads\/2023\/12\/Communiquer-efficacement-en-5-langues-au-bureau-768x512.jpeg 768w, https:\/\/www.leslanguessansstress.fr\/wp-content\/uploads\/2023\/12\/Communiquer-efficacement-en-5-langues-au-bureau-1536x1024.jpeg 1536w, https:\/\/www.leslanguessansstress.fr\/wp-content\/uploads\/2023\/12\/Communiquer-efficacement-en-5-langues-au-bureau.jpeg 1920w\" sizes=\"auto, (max-width: 300px) 100vw, 300px\" \/><\/span><\/p>\n<p style=\"text-align: left;\"><span style=\"font-family: arial, helvetica, sans-serif; color: #000080;\">TH\u00c8MES ABORD\u00c9S<\/span><\/p>\n<p><span style=\"color: #000080; font-family: arial, helvetica, sans-serif;\"><strong><span style=\"font-size: 20px;\">L&rsquo;entreprise<\/span><\/strong><\/span><\/p>\n<p><span style=\"font-family: arial, helvetica, sans-serif; color: #000080; font-size: 14px;\">L&rsquo;organisation de l&rsquo;entreprise<br \/>\nLes fonctions et la hi\u00e9rarchie<br \/>\nLes locaux et l&rsquo;\u00e9quipement<br \/>\nLes sigles<br \/>\nLes d\u00e9partements et les secteurs<br \/>\nLa vente<br \/>\nLe marketing, la publicit\u00e9<br \/>\nLes finances<br \/>\nLes op\u00e9rations bancaires<br \/>\nLa comptabilit\u00e9<br \/>\nQuelques mots sur la bourse<br \/>\nLe travail <\/span><br \/>\n<span style=\"font-family: arial, helvetica, sans-serif; color: #000080; font-size: 14px;\">PRATIQUE ORALE: ce vocabulaire vous permet de tenir une conversation g\u00e9n\u00e9rale sur des th\u00e8mes cibl\u00e9s entreprise et d\u00e9veloppement \u00e9conomique, vous sentir \u00e0 l&rsquo;aise pendant vos fonctions et dans la plupart des r\u00e9unions socioprofessionnelles.\u00a0<\/span><\/p>\n<h3><span style=\"color: #000080; font-family: arial, helvetica, sans-serif; font-size: 16px;\"><strong>Au bureau<\/strong><\/span><\/h3>\n<p><span style=\"font-family: arial, helvetica, sans-serif; color: #000080; font-size: 14px;\">L&rsquo;espace du bureau<br \/>\nLe mat\u00e9riel de bureau<br \/>\nL&rsquo;informatique, Internet<br \/>\nEnvoyer un fax<br \/>\nLa pause autour de la machine \u00e0 caf\u00e9<\/span><br \/>\n<span style=\"font-family: arial, helvetica, sans-serif; color: #000080; font-size: 14px;\">PRATIQUE ORALE : ce vocabulaire vous permet de tenir une conversation g\u00e9n\u00e9rale sur des th\u00e8mes du quotidien, provoquer une rencontre, faire connaissance et demander\/donner des nouvelles de mani\u00e8re conviviale, maintenir des contacts \u00e9crits, s&rsquo;orienter, demander et passer des informations tr\u00e8s diverses personnelles et socioprofessionnelles.\u00a0<\/span><\/p>\n<h3><span style=\"font-family: arial, helvetica, sans-serif; color: #000080;\"><strong><span style=\"font-size: 20px;\"><span style=\"font-size: 16px;\">G\u00e9rer sa carri\u00e8re\u00a0<\/span> \u00a0<\/span><\/strong><\/span><\/h3>\n<p><span style=\"color: #000080; font-family: arial, helvetica, sans-serif; font-size: 14px;\">L&#8217;embauche ;<\/span><br \/>\n<span style=\"color: #000080; font-family: arial, helvetica, sans-serif; font-size: 14px;\">Les types de contrat ;<\/span><br \/>\n<span style=\"color: #000080; font-family: arial, helvetica, sans-serif; font-size: 14px;\">La promotion ;<\/span><br \/>\n<span style=\"color: #000080; font-family: arial, helvetica, sans-serif; font-size: 14px;\">L&rsquo;expatriation ;<\/span><br \/>\n<span style=\"color: #000080; font-family: arial, helvetica, sans-serif; font-size: 14px;\">Les n\u00e9gociations salariales ;<\/span><br \/>\n<span style=\"color: #000080; font-family: arial, helvetica, sans-serif; font-size: 14px;\">Les cong\u00e9s ;<\/span><br \/>\n<span style=\"font-family: arial, helvetica, sans-serif; color: #000080; font-size: 14px;\">PRATIQUE ORALE : ce vocabulaire vous permet de pr\u00e9senter votre situation professionnelle, vos r\u00e9ussites, d\u00e9sirs et projets, votre profil individuel, pr\u00e9parer votre futur professionnel et de g\u00e9rer les dossiers, envisager l&rsquo;entretien au poste de travail, parler argent et bien\u00eatre, des difficult\u00e9s rencontr\u00e9es et des axes d&rsquo;am\u00e9lioration \u00e0 envisager, s&rsquo;orienter vers l&rsquo;\u00e9tranger, pr\u00e9parer un d\u00e9m\u00e9nagement ou long s\u00e9jour, apprendre une langue,&#8230;\u00a0<\/span><\/p>\n<h3><span style=\"font-family: arial, helvetica, sans-serif; color: #000080; font-size: 16px;\"><strong>Communiquer<\/strong><\/span><\/h3>\n<p><span style=\"font-size: 14px; font-family: arial, helvetica, sans-serif; color: #000080;\">Les appels t\u00e9l\u00e9phoniques \u00a0<\/span><br \/>\n<span style=\"color: #000080; font-family: arial, helvetica, sans-serif; font-size: 14px;\">Les e-mails<\/span><br \/>\n<span style=\"font-family: arial, helvetica, sans-serif; color: #000080; font-size: 14px;\">La correspondance commerciale<\/span><br \/>\n<span style=\"color: #000080; font-family: arial, helvetica, sans-serif; font-size: 14px;\">La forme d&rsquo;une lettre<\/span><br \/>\n<span style=\"color: #000080; font-family: arial, helvetica, sans-serif; font-size: 14px;\">Les formules de politesse<\/span><br \/>\n<span style=\"color: #000080; font-family: arial, helvetica, sans-serif; font-size: 14px;\">Les formules types<\/span><br \/>\n<span style=\"color: #000080; font-family: arial, helvetica, sans-serif; font-size: 14px;\">La communication interne<\/span><br \/>\n<span style=\"color: #000080; font-family: arial, helvetica, sans-serif; font-size: 14px;\">N\u00e9gocier<\/span><br \/>\n<span style=\"font-family: arial, helvetica, sans-serif; color: #000080; font-size: 14px;\">PRATIQUE ORALE : ce vocabulaire vous permet d&rsquo;interagir en direct face \u00e0 face et au t\u00e9l\u00e9phone ou en Visio au quotidien et pendant vos fonctions, participer \u00e0 la vie de tous les jours, demander et \u00e9changer des informations administratives et formelles, communiquer et discuter en donnant votre opinion avec aisance,\u00a0 &#8230;\u00a0\u00a0<\/span><\/p>\n<h3><span style=\"color: #000080; font-family: arial, helvetica, sans-serif; font-size: 16px;\"><strong>La vie des affaires<\/strong><\/span><\/h3>\n<p><span style=\"color: #000080; font-family: arial, helvetica, sans-serif; font-size: 14px;\">Les voyages d&rsquo;affaires<\/span><br \/>\n<span style=\"color: #000080; font-family: arial, helvetica, sans-serif; font-size: 14px;\">L&rsquo;assembl\u00e9e g\u00e9n\u00e9rale<\/span><br \/>\n<span style=\"font-family: arial, helvetica, sans-serif; color: #000080; font-size: 14px;\">PRATIQUE ORALE : ce vocabulaire vous permet de pr\u00e9parer un trajet et un s\u00e9jour, consulter et intervenir sur des th\u00e8mes pr\u00e9par\u00e9s et connus, vous sentir plus \u00e0 l&rsquo;aise pendant vos d\u00e9placements \u00e0 l&rsquo;\u00e9tranger, apporter des informations pendant une r\u00e9union, conclure un march\u00e9, accompagner un visiteur ou d\u00e9couvrir un nouvel environnement, chercher de nouvelles opportunit\u00e9s&#8230;\u00a0<\/span><\/p>\n<h3><span style=\"color: #000080; font-family: arial, helvetica, sans-serif; font-size: 16px;\"><strong>La grammaire<\/strong><\/span><\/h3>\n<p><span style=\"color: #000080; font-family: arial, helvetica, sans-serif; font-size: 14px;\">Les notions de grammaire sont incluses dans les dialogues et travaill\u00e9es selon les difficult\u00e9s rencontr\u00e9es lors des travaux d&rsquo;expression \u00e9crite et orale\u00a0<\/span><br \/>\n<span style=\"color: #000080; font-family: arial, helvetica, sans-serif; font-size: 14px;\">Tous niveaux entre A1 et B2.<\/span><\/p>\n<p><span style=\"font-family: arial, helvetica, sans-serif; color: #000080;\"><img loading=\"lazy\" decoding=\"async\" class=\"alignnone size-medium wp-image-10969 aligncenter\" src=\"https:\/\/www.leslanguessansstress.fr\/wp-content\/uploads\/2020\/09\/atelier-de-conversation-adapte-a-votre-niveau-personnel-en-langues-sans-stress-a-La-Rochette-e1614702703156-300x119.png\" alt=\"\" width=\"300\" height=\"119\" srcset=\"https:\/\/www.leslanguessansstress.fr\/wp-content\/uploads\/2020\/09\/atelier-de-conversation-adapte-a-votre-niveau-personnel-en-langues-sans-stress-a-La-Rochette-e1614702703156-300x119.png 300w, https:\/\/www.leslanguessansstress.fr\/wp-content\/uploads\/2020\/09\/atelier-de-conversation-adapte-a-votre-niveau-personnel-en-langues-sans-stress-a-La-Rochette-e1614702703156-1024x407.png 1024w, https:\/\/www.leslanguessansstress.fr\/wp-content\/uploads\/2020\/09\/atelier-de-conversation-adapte-a-votre-niveau-personnel-en-langues-sans-stress-a-La-Rochette-e1614702703156-768x305.png 768w, https:\/\/www.leslanguessansstress.fr\/wp-content\/uploads\/2020\/09\/atelier-de-conversation-adapte-a-votre-niveau-personnel-en-langues-sans-stress-a-La-Rochette-e1614702703156.png 1153w\" sizes=\"auto, (max-width: 300px) 100vw, 300px\" \/><\/span><\/p>\n<h2 style=\"font-weight: 400;\"><span style=\"font-family: arial, helvetica, sans-serif; color: #000080; font-size: 20px;\"><span style=\"color: #ff6600;\">Pendant l&rsquo;atelier jeux et conversation guid\u00e9e<\/span> \u00a0<\/span><\/h2>\n<p><span style=\"font-family: arial, helvetica, sans-serif; color: #000080; font-size: 14px;\">Atelier de <span style=\"text-decoration: underline;\">mise en pratique des acquis de l&rsquo;\u00e9crit vers l&rsquo;oral<\/span>.\u00a0<\/span><br \/>\n<span style=\"font-family: arial, helvetica, sans-serif; color: #000080; font-size: 14px;\">Ecouter, comprendre, poser des questions et r\u00e9pondre au m\u00eame type de questions selon son niveau individuel. <\/span><br \/>\n<span style=\"font-family: arial, helvetica, sans-serif; color: #000080; font-size: 14px;\">Jeux de m\u00e9morisation du vocabulaire et de la grammaire dans un ambiance conviviale<br \/>\nD\u00e9veloppement des connaissances par mim\u00e9tisme pendant les \u00e9changes immersifs crois\u00e9s.<\/span><br \/>\n<span style=\"font-family: arial, helvetica, sans-serif; color: #000080; font-size: 14px;\">Entrainement oral ax\u00e9 sur les blocages li\u00e9s \u00e0 la traduction vers ou depuis votre langue maternelle.<\/span><br \/>\n<span style=\"font-family: arial, helvetica, sans-serif; color: #000080; font-size: 14px;\">Renforcement de la confiance en soi pour prendre la parole en public. <\/span><\/p>\n<p><span style=\"font-family: arial, helvetica, sans-serif; color: #000080;\">MODALIT\u00c9S<\/span><br \/>\n<span style=\"font-family: arial, helvetica, sans-serif; color: #000080;\"><span style=\"font-size: 14px;\">Toutes les informations sont regroup\u00e9es dans notre<\/span> LIVRET D&rsquo;ACCUEIL<span style=\"font-size: 14px;\">, nous vous invitons \u00e0 en prendre connaissance avant de vous inscrire.<\/span><\/span><\/p>\n<h2><span style=\"font-size: 20px; font-family: arial, helvetica, sans-serif; color: #000080;\">Pratiquez vos langues sans stress en atelier de communication orale <img loading=\"lazy\" decoding=\"async\" class=\"size-medium wp-image-14456 alignleft\" src=\"https:\/\/www.leslanguessansstress.fr\/wp-content\/uploads\/2022\/10\/5-langues-sans-stress-en-simple-ou-bilingue-formule-multilingue-CPF-247x300.jpeg\" alt=\"\" width=\"247\" height=\"300\" srcset=\"https:\/\/www.leslanguessansstress.fr\/wp-content\/uploads\/2022\/10\/5-langues-sans-stress-en-simple-ou-bilingue-formule-multilingue-CPF-247x300.jpeg 247w, https:\/\/www.leslanguessansstress.fr\/wp-content\/uploads\/2022\/10\/5-langues-sans-stress-en-simple-ou-bilingue-formule-multilingue-CPF-842x1024.jpeg 842w, https:\/\/www.leslanguessansstress.fr\/wp-content\/uploads\/2022\/10\/5-langues-sans-stress-en-simple-ou-bilingue-formule-multilingue-CPF-768x935.jpeg 768w, https:\/\/www.leslanguessansstress.fr\/wp-content\/uploads\/2022\/10\/5-langues-sans-stress-en-simple-ou-bilingue-formule-multilingue-CPF.jpeg 996w\" sizes=\"auto, (max-width: 247px) 100vw, 247px\" \/><span style=\"caret-color: #ff6600;\">\u00a0<\/span><\/span><\/h2>\n<p><span style=\"font-family: arial, helvetica, sans-serif; color: #000080; font-size: 14px;\">Pour \u00eatre facilement r\u00e9utilis\u00e9 selon le contexte et l&rsquo;interlocuteur, le vocabulaire doit \u00eatre d&rsquo;abord \u00e9tudi\u00e9 mais aussi compris, puis pratiqu\u00e9 \u00e0 l&rsquo;oral plusieurs fois de mani\u00e8re vari\u00e9e et attrayante pour \u00eatre m\u00e9moris\u00e9.<\/span><br \/>\n<span style=\"font-family: arial, helvetica, sans-serif; color: #000080; font-size: 14px;\">L&rsquo;intervenante pr\u00e9sente de nombreux exemples de mots et des notions grammaticales, propose des exercices et entrainements suivis de correction explicative bienveillante. <\/span><br \/>\n<span style=\"font-family: arial, helvetica, sans-serif; color: #000080; font-size: 14px;\">Le stagiaire reprend les mots ou expressions, construit ses propres phrases et diversifie les situations selon ses besoins individuels et ses fonctions. <\/span><br \/>\n<span style=\"font-family: arial, helvetica, sans-serif; color: #000080; font-size: 14px;\">Lorsque n\u00e9cessaire, l&rsquo;intervenante explique des erreurs rencontr\u00e9es et comment les \u00e9viter. Elle pose des questions cibl\u00e9es sur le discours du stagiaire et relance la conversation ou l&rsquo;aiguille sur un nouveau th\u00e8me \u00e0 valider.<\/span><br \/>\n<span style=\"font-family: arial, helvetica, sans-serif; color: #000080; font-size: 14px;\"> La grammaire devient vivante et facile \u00e0 m\u00e9moriser, les exercices permettent de v\u00e9rifier qu\u2019on a compris avant de mettre en pratique \u00e0 l&rsquo;oral pendant une activit\u00e9 ludique consacr\u00e9e \u00e0 la communication directe immersive. <\/span><br \/>\n<span style=\"font-family: arial, helvetica, sans-serif; color: #000080; font-size: 14px;\">Vous apprenez chez vous \u00e0 votre rythme et sur place par mim\u00e9tisme.<\/span><\/p>\n<p><span style=\"font-family: arial, helvetica, sans-serif; color: #000080;\"><img loading=\"lazy\" decoding=\"async\" class=\"alignnone size-medium wp-image-14125 aligncenter\" src=\"https:\/\/www.leslanguessansstress.fr\/wp-content\/uploads\/2022\/10\/programme-adapte-a-5-langues-sans-stress-CPF-300x35.jpg\" alt=\"\" width=\"300\" height=\"35\" srcset=\"https:\/\/www.leslanguessansstress.fr\/wp-content\/uploads\/2022\/10\/programme-adapte-a-5-langues-sans-stress-CPF-300x35.jpg 300w, https:\/\/www.leslanguessansstress.fr\/wp-content\/uploads\/2022\/10\/programme-adapte-a-5-langues-sans-stress-CPF.jpg 702w\" sizes=\"auto, (max-width: 300px) 100vw, 300px\" \/><\/span><\/p>\n<p><span style=\"font-family: arial, helvetica, sans-serif; color: #000080; font-size: 14px;\">PERSONNALISATION<\/span><br \/>\n<span style=\"font-family: arial, helvetica, sans-serif; color: #000080; font-size: 14px;\">Veuillez vous r\u00e9f\u00e9rer \u00e0 la formation dans la langue du quotidien ou professionnelle de votre choix, selon le contexte de vos besoins en langues: FLE, fran\u00e7ais \u00e9crit, anglais, allemand, espagnol, italien et\/ou allemand. \u00a0<\/span><\/p>\n<p><span style=\"font-family: arial, helvetica, sans-serif; color: #000080; font-size: 14px;\">PUBLIC<\/span><br \/>\n<span style=\"font-family: arial, helvetica, sans-serif; color: #000080; font-size: 14px;\">Tous.<\/span><br \/>\n<span style=\"font-family: arial, helvetica, sans-serif; color: #000080; font-size: 14px;\">Adultes professionnels et particuliers &#8211; ados d\u00e8s le coll\u00e8ge <\/span><\/p>\n<p><span style=\"font-family: arial, helvetica, sans-serif; color: #000080; font-size: 14px;\">NIVEAU <\/span><br \/>\n<span style=\"font-family: arial, helvetica, sans-serif; color: #000080; font-size: 14px;\">Tous. <\/span><br \/>\n<span style=\"font-family: arial, helvetica, sans-serif; color: #000080; font-size: 14px;\">Ce module peut entrer dans n&rsquo;importe quel programme standard ou personnalis\u00e9 depuis \u00a0une initiation en langue courante \u00e0 du perfectionnement pour les \u00e9changes en milieu professionnel.<\/span><br \/>\n<span style=\"font-family: arial, helvetica, sans-serif; color: #000080; font-size: 14px;\">Lorsque le stagiaire n&rsquo;a pas le niveau en grammaire pour comprendre et se faire comprendre facilement, il peut l&rsquo;acqu\u00e9rir simultan\u00e9ment en suivant un module BASES ou REMISE \u00c0 NIVEAU, RENFORCEMENT selon l&rsquo;\u00e9cart d\u00e9cel\u00e9 en ses connaissances et ses objectifs individuels. <\/span><\/p>\n<p><span style=\"font-family: arial, helvetica, sans-serif; color: #000080; font-size: 14px;\">Dans le cadre d&rsquo;un financement CPF cet \u00e9cart et le nombre de modules \u00e0 valider pour atteindre l&rsquo;objectif peut d\u00e9terminer la dur\u00e9e et les frais de la formation-CPF.<\/span><\/p>\n<p><span style=\"font-size: 14px; font-family: arial, helvetica, sans-serif; color: #000080;\"><strong>Information\/modalit\u00e9s des cours<\/strong>\u00a0: <strong>livret d&rsquo;accueil du stagiaire<\/strong><span style=\"text-align: justify;\"><br \/>\nPossibilit\u00e9 d&rsquo;inclure ce programme dans une formation-CPF \u00e0 condition qu&rsquo;elles d\u00e9bouchent sur une certification. <\/span><\/span><\/p>\n<div class=\"pane-content\">\n<p style=\"text-align: justify;\"><span style=\"color: #000080; font-family: arial, helvetica, sans-serif; font-size: 14px;\"><strong>TARIF et FINANCEMENT<\/strong><\/span><br \/>\n<span style=\"color: #000080; font-family: arial, helvetica, sans-serif; font-size: 14px;\">Selon <span style=\"caret-color: #000080;\">modalit\u00e9s<\/span> d&rsquo;\u00e9tude et d&rsquo;accompagnement choisis par le stagiaire<\/span><br \/>\n<span style=\"color: #000080; font-family: arial, helvetica, sans-serif; font-size: 14px;\">Dans le cas d&rsquo;une r\u00e9duction significative des heures de coaching, vos heures d&rsquo;\u00e9tude autonome sont nettement augment\u00e9es pour atteindre vos objectifs dans la dur\u00e9e impartie de votre formation. <\/span><\/p>\n<p style=\"text-align: justify;\"><span style=\"color: #000080; font-family: arial, helvetica, sans-serif; font-size: 14px;\">Information compl\u00e8te et d\u00e9taill\u00e9e dans le LIVRET D&rsquo;ACCUEIL.<\/span><\/p>\n<\/div>\n<h1><span style=\"font-family: arial, helvetica, sans-serif; color: #000080;\"><img loading=\"lazy\" decoding=\"async\" class=\" wp-image-14157 aligncenter\" src=\"https:\/\/www.leslanguessansstress.fr\/wp-content\/uploads\/2022\/10\/Mon-compte-formation-CPF-les-langues-sans-stress-300x159.jpg\" alt=\"\" width=\"264\" height=\"140\" srcset=\"https:\/\/www.leslanguessansstress.fr\/wp-content\/uploads\/2022\/10\/Mon-compte-formation-CPF-les-langues-sans-stress-300x159.jpg 300w, https:\/\/www.leslanguessansstress.fr\/wp-content\/uploads\/2022\/10\/Mon-compte-formation-CPF-les-langues-sans-stress.jpg 646w\" sizes=\"auto, (max-width: 264px) 100vw, 264px\" \/><\/span><\/h1>\n<h1 style=\"font-weight: 400;\"><span style=\"color: #000080; font-family: arial, helvetica, sans-serif; font-size: 24px;\">Certifier vos comp\u00e9tences en 5 langues sans stress au bureau en activant votre budget-CPF \u00e0 La Rochette\u00a0<\/span><\/h1>\n<div class=\"the_content\">\n<div>\n<p><span style=\"color: #000080; font-family: arial, helvetica, sans-serif; font-size: 14px;\">Pour b\u00e9n\u00e9ficier du financement CPF partiel ou entier de votre formation, vous devez accepter de pr\u00e9parer et de passer le test de certification dans la langue d&rsquo;\u00e9tude avant la fin de la formation, modalit\u00e9 obligatoire MON COMPTE FORMATION, permettant un retour sur les r\u00e9sultats du test et comment d\u00e9velopper vos acquis au quotidien et en entreprise.<\/span><\/p>\n<\/div>\n<div>\n<div class=\"ng-star-inserted\">\n<div class=\"control-catalog-fields-width ng-star-inserted\">\n<h3 style=\"font-weight: 400;\"><span style=\"font-size: 14px; color: #ff6600; font-family: arial, helvetica, sans-serif;\">Pas de CPF?\u00a0<\/span><br \/>\n<span style=\"font-family: arial, helvetica, sans-serif; color: #ff6600; font-size: 14px;\">Il existe d&rsquo;autres moyens de financer votre formation. <\/span><\/h3>\n<p><span style=\"font-family: arial, helvetica, sans-serif; color: #000080; font-size: 14px;\">Vous n&rsquo;avez pas acc\u00e8s au financement CPF ou tr\u00e8s peu de budget \u00e9pargn\u00e9 ?<\/span><br \/>\n<span style=\"font-family: arial, helvetica, sans-serif; font-size: 14px;\"><span style=\"color: #000080;\">Contactez-nous avec un maximum d&rsquo;\u00e9l\u00e9ments pour trouver la solution \u00e0 votre situation individuelle et faire de votre projet une r\u00e9alit\u00e9.<br \/>\n<\/span><span style=\"color: #000080;\">Veuillez prendre connaissances des modalit\u00e9s de nos parcours d&rsquo;anglais professionnel par m\u00e9tier dans le<\/span> <a href=\"https:\/\/www.leslanguessansstress.fr\/index.php\/certification-cpf\/\" target=\"_blank\" rel=\"noopener\"><strong><span style=\"color: #0000ff;\">livret d&rsquo;accueil du stagiaire<\/span> <\/strong><\/a><\/span><br \/>\n<span style=\"font-family: arial, helvetica, sans-serif;\"><span style=\"color: #000080;\"><span style=\"font-size: 14px;\">TARIFS et DUR\u00c9E, DATES sont des modalit\u00e9s personnalisables selon votre profil d&rsquo;apprenant, le budget, vos contraintes et le financement choisi.<\/span><br \/>\n<\/span><span style=\"color: #000080;\">Veuillez nous exposer votre situation et vos objectifs avec la date limite pour valider la formation &#8211; <\/span><span style=\"color: #0000ff;\"><a style=\"color: #0000ff;\" href=\"https:\/\/www.leslanguessansstress.fr\/index.php\/nous-contacter\/\" target=\"_blank\" rel=\"noopener\"><strong>nous contacter<\/strong><\/a>.<\/span><\/span><\/p>\n<\/div>\n<\/div>\n<p><img loading=\"lazy\" decoding=\"async\" class=\"alignnone wp-image-16444 aligncenter\" src=\"https:\/\/www.leslanguessansstress.fr\/wp-content\/uploads\/2024\/08\/20240828-charte-de-deontologie-Qualiopi--300x271.jpg\" alt=\"\" width=\"207\" height=\"187\" srcset=\"https:\/\/www.leslanguessansstress.fr\/wp-content\/uploads\/2024\/08\/20240828-charte-de-deontologie-Qualiopi--300x271.jpg 300w, https:\/\/www.leslanguessansstress.fr\/wp-content\/uploads\/2024\/08\/20240828-charte-de-deontologie-Qualiopi-.jpg 370w\" sizes=\"auto, (max-width: 207px) 100vw, 207px\" \/><\/p>\n<\/div>\n<\/div>\n","protected":false},"excerpt":{"rendered":"<p>Modules de perfectionnement : vocabulaire pour la communication conviviale au bureau et dans l&rsquo;entreprise selon<\/p>\n","protected":false},"author":1,"featured_media":15501,"comment_status":"closed","ping_status":"open","sticky":false,"template":"","format":"standard","meta":{"footnotes":""},"categories":[80,371],"tags":[112,108,725,574,728,573,686,386,113,202,609],"class_list":["post-15499","post","type-post","status-publish","format-standard","has-post-thumbnail","hentry","category-actualites","category-programme","tag-allemand","tag-anglais","tag-communiquer-en-entreprise-et-au-bureau","tag-cpf","tag-enrichissement-du-lexique","tag-espagnol","tag-francais-et-fle","tag-initiation","tag-italien","tag-perfectionnement","tag-professionnel-programme"],"_links":{"self":[{"href":"https:\/\/www.leslanguessansstress.fr\/index.php\/wp-json\/wp\/v2\/posts\/15499","targetHints":{"allow":["GET"]}}],"collection":[{"href":"https:\/\/www.leslanguessansstress.fr\/index.php\/wp-json\/wp\/v2\/posts"}],"about":[{"href":"https:\/\/www.leslanguessansstress.fr\/index.php\/wp-json\/wp\/v2\/types\/post"}],"author":[{"embeddable":true,"href":"https:\/\/www.leslanguessansstress.fr\/index.php\/wp-json\/wp\/v2\/users\/1"}],"replies":[{"embeddable":true,"href":"https:\/\/www.leslanguessansstress.fr\/index.php\/wp-json\/wp\/v2\/comments?post=15499"}],"version-history":[{"count":21,"href":"https:\/\/www.leslanguessansstress.fr\/index.php\/wp-json\/wp\/v2\/posts\/15499\/revisions"}],"predecessor-version":[{"id":15503,"href":"https:\/\/www.leslanguessansstress.fr\/index.php\/wp-json\/wp\/v2\/posts\/15499\/revisions\/15503"}],"wp:featuredmedia":[{"embeddable":true,"href":"https:\/\/www.leslanguessansstress.fr\/index.php\/wp-json\/wp\/v2\/media\/15501"}],"wp:attachment":[{"href":"https:\/\/www.leslanguessansstress.fr\/index.php\/wp-json\/wp\/v2\/media?parent=15499"}],"wp:term":[{"taxonomy":"category","embeddable":true,"href":"https:\/\/www.leslanguessansstress.fr\/index.php\/wp-json\/wp\/v2\/categories?post=15499"},{"taxonomy":"post_tag","embeddable":true,"href":"https:\/\/www.leslanguessansstress.fr\/index.php\/wp-json\/wp\/v2\/tags?post=15499"}],"curies":[{"name":"wp","href":"https:\/\/api.w.org\/{rel}","templated":true}]}}