{"id":15414,"date":"2026-02-09T07:53:25","date_gmt":"2026-02-09T06:53:25","guid":{"rendered":"https:\/\/www.leslanguessansstress.fr\/?p=15414"},"modified":"2026-02-10T09:07:28","modified_gmt":"2026-02-10T08:07:28","slug":"preparation-test-cloe","status":"publish","type":"post","link":"https:\/\/www.leslanguessansstress.fr\/index.php\/2026\/02\/09\/preparation-test-cloe\/","title":{"rendered":"Certification = Test CLO\u00c9 2026"},"content":{"rendered":"<div class=\"elementor-element elementor-element-a25ddbd elementor-widget elementor-widget-heading\" data-id=\"a25ddbd\" data-element_type=\"widget\" data-widget_type=\"heading.default\">\n<div class=\"elementor-widget-container\">\n<div class=\"elementor-element elementor-element-89ed094 elementor-widget elementor-widget-heading\" data-id=\"89ed094\" data-element_type=\"widget\" data-widget_type=\"heading.default\">\n<div class=\"elementor-widget-container\">\n<h1 style=\"font-weight: 400;\"><span style=\"font-family: verdana, geneva, sans-serif; color: #ff6600; font-size: 24px;\"><span style=\"color: #bf6326;\"><span style=\"color: #ff6600;\">Certifiez votre niveau de maitrise en 5 langues sans stress\u00a0<\/span><\/span><\/span><\/h1>\n<div class=\"layoutArea\">\n<div class=\"column\">\n<div class=\"elementor-element elementor-element-89ed094 elementor-widget elementor-widget-heading\" data-id=\"89ed094\" data-element_type=\"widget\" data-widget_type=\"heading.default\">\n<div class=\"elementor-widget-container\">\n<p><span style=\"color: #000080; font-family: verdana, geneva, sans-serif;\">Les certifications CLOE (Comp\u00e9tences Linguistiques Orales et \u00c9crites) des CEL, inscrites au R\u00e9pertoire Sp\u00e9cifique de France Comp\u00e9tences, propos\u00e9es dans cinq langues sont finan\u00e7ables par le Compte Personnel de Formation (CPF) :<\/span><\/p>\n<\/div>\n<\/div>\n<div class=\"elementor-element elementor-element-aa85299 elementor-icon-list--layout-traditional elementor-list-item-link-full_width elementor-widget elementor-widget-icon-list\" data-id=\"aa85299\" data-element_type=\"widget\" data-widget_type=\"icon-list.default\">\n<div class=\"elementor-widget-container\">\n<p><span style=\"text-decoration: underline;\"><span style=\"color: #000080; font-family: verdana, geneva, sans-serif; text-decoration: underline;\">Information validit\u00e9 de l&rsquo;inscription jusqu&rsquo;au inscription jusqu&rsquo;au 15-11-2026\u00a0<\/span><\/span><\/p>\n<\/div>\n<\/div>\n<h3><span style=\"font-family: verdana, geneva, sans-serif; color: #000080; font-size: 16px;\">Certification CLOE <strong><span style=\"color: #3366ff;\">anglais<\/span><\/strong> : <span style=\"color: #800080;\"><a style=\"color: #800080;\" href=\"https:\/\/www.francecompetences.fr\/recherche-resultats\/?types=certification%3Bdocument%3Bnews&amp;search=rs6435&amp;pageType=certification&amp;active=1\" target=\"_blank\" rel=\"noopener\">RS6435<\/a><\/span><\/span><br \/>\n<span style=\"font-family: verdana, geneva, sans-serif; color: #000080; font-size: 16px;\">Certification CLOE <span style=\"color: #ff9900;\"><strong>allemand<\/strong><\/span> : <a href=\"https:\/\/www.francecompetences.fr\/recherche\/rs\/6436\/\" target=\"_blank\" rel=\"noopener\">RS6436<\/a><\/span><br \/>\n<span style=\"font-family: verdana, geneva, sans-serif; color: #000080; font-size: 16px;\">Certification CLOE <strong><span style=\"color: #ff0000;\">espagnol<\/span><\/strong> : <a href=\"https:\/\/www.francecompetences.fr\/recherche\/rs\/6437\/\" target=\"_blank\" rel=\"noopener\">RS6437<\/a><\/span><br \/>\n<span style=\"font-family: verdana, geneva, sans-serif; color: #000080; font-size: 16px;\">Certification CLOE <strong><span style=\"color: #0000ff;\">fran\u00e7ais langue \u00e9trang\u00e8re<\/span><\/strong> \/ F.L.E. : <a href=\"https:\/\/www.francecompetences.fr\/recherche\/rs\/6438\/\" target=\"_blank\" rel=\"noopener\">RS6438<\/a><\/span><br \/>\n<span style=\"font-family: verdana, geneva, sans-serif; color: #000080; font-size: 16px;\">Certification CLOE <strong><span style=\"color: #008000;\">italien<\/span><\/strong> : <a href=\"https:\/\/www.francecompetences.fr\/recherche\/rs\/6439\/\" target=\"_blank\" rel=\"noopener\">RS6439<\/a><\/span><\/h3>\n<p><a href=\"https:\/\/aidecloe.crisp.help\/fr\/\" target=\"_blank\" rel=\"noopener\"><span style=\"font-family: verdana, geneva, sans-serif; color: #000080; font-size: 16px;\">Centre d&rsquo;aide CCI-CLO\u00c9 pr\u00e9paration au test, guide du candidat et FaQ<\/span><\/a><\/p>\n<h2 style=\"font-weight: 400;\"><span style=\"font-family: verdana, geneva, sans-serif; color: #000080; font-size: 24px;\"><img loading=\"lazy\" decoding=\"async\" class=\" wp-image-13578 aligncenter\" src=\"https:\/\/www.leslanguessansstress.fr\/wp-content\/uploads\/2022\/05\/TESTS-CLOE\u0301-anglais-allemand-espangol-italienn-et-franc\u0327ais-aux-langues-sans-stress.png\" alt=\"\" width=\"346\" height=\"194\" \/>Objectifs et contexte de la certification CLO\u00c9\u00a0<\/span><\/h2>\n<p><span style=\"color: #000080; font-family: verdana, geneva, sans-serif;\">La Certification <strong>CLOE<\/strong> \u2014 <strong>C<\/strong>omp\u00e9tences <strong>L<\/strong>inguistiques <strong>O<\/strong>rales et <strong>E<\/strong>crites \u2014 \u00e9value et certifie le niveau de ma\u00eetrise d\u2019anglais en situations de communication professionnelles, socioprofessionnelles ou sp\u00e9cifiques \u00e0 un domaine d\u2019activit\u00e9.<\/span><\/p>\n<h2 style=\"font-weight: 400;\"><span style=\"font-family: verdana, geneva, sans-serif; color: #000080; font-size: 24px;\">Comp\u00e9tences attest\u00e9es par la certification CLO\u00c9<\/span><\/h2>\n<p><span style=\"font-family: verdana, geneva, sans-serif; color: #000080;\">La Certification CLOE atteste la capacit\u00e9 d\u2019une personne \u00e0 communiquer en situations professionnelles. Les principales comp\u00e9tences \u00e9valu\u00e9es sont : \u00a0<\/span><\/p>\n<ul>\n<li><span style=\"font-family: verdana, geneva, sans-serif; color: #000080;\">Utiliser un vocabulaire adapt\u00e9 au contexte<\/span><\/li>\n<li><span style=\"font-family: verdana, geneva, sans-serif; color: #000080;\">Utiliser les principales structures grammaticales n\u00e9cessaires pour construire des phrases coh\u00e9rentes et de complexit\u00e9 vari\u00e9e<\/span><\/li>\n<li><span style=\"font-family: verdana, geneva, sans-serif; color: #000080;\">Comprendre un court texte et en d\u00e9gager le sens global et des d\u00e9tails sp\u00e9cifiques<\/span><\/li>\n<li><span style=\"font-family: verdana, geneva, sans-serif; color: #000080;\">Comprendre un \u00e9nonc\u00e9, des instructions ou les questions d\u2019un interlocuteur<\/span><\/li>\n<li><span style=\"font-family: verdana, geneva, sans-serif; color: #000080;\">Communiquer en situation socioprofessionnelle, professionnelle ou sp\u00e9cifique \u00e0 son activit\u00e9 en employant les expressions adapt\u00e9es<\/span><\/li>\n<li><span style=\"font-family: verdana, geneva, sans-serif; color: #000080;\">Tenir une discussion sur un sujet professionnel<\/span><\/li>\n<li><span style=\"font-family: verdana, geneva, sans-serif; color: #000080;\">Communiquer de fa\u00e7on naturelle et d\u00e9velopper l\u2019interaction orale<\/span><\/li>\n<li><span style=\"font-family: verdana, geneva, sans-serif; color: #000080;\">Se faire comprendre avec une prononciation claire \u00a0<\/span><\/li>\n<\/ul>\n<div class=\"elementor-element elementor-element-89ed094 elementor-widget elementor-widget-heading\" data-id=\"89ed094\" data-element_type=\"widget\" data-widget_type=\"heading.default\">\n<div class=\"elementor-widget-container\"><\/div>\n<\/div>\n<\/div>\n<\/div>\n<div class=\"layoutArea\">\n<div class=\"column\">\n<div class=\"panel panel-default\">\n<div id=\"collapseTwo\" class=\"panel-collapse collapse show\" role=\"tabpanel\" aria-labelledby=\"headingTwo\">\n<div class=\"panel-body\">\n<div class=\"txt\">\n<div class=\"elementor-element elementor-element-89ed094 elementor-widget elementor-widget-heading\" data-id=\"89ed094\" data-element_type=\"widget\" data-widget_type=\"heading.default\">\n<h2 style=\"font-weight: 400;\"><span style=\"font-family: verdana, geneva, sans-serif; color: #000080; font-size: 24px;\">Comment se d\u00e9roule le passage du test CLO\u00c9 <\/span><\/h2>\n<ul>\n<li style=\"font-weight: 400;\"><span style=\"font-family: verdana, geneva, sans-serif; color: #0000ff; font-size: 16px;\"><a style=\"color: #0000ff;\" href=\"https:\/\/reseau-cel.com\/wp-content\/uploads\/CLOE-28_4-Guide-simplifie-du-candidat-CLOE-Connect.pdf\" target=\"_blank\" rel=\"noopener\">Guide rapide<\/a>\u00a0\u00a0 \u00a0 \u00a0<\/span><\/li>\n<li style=\"font-weight: 400;\"><span style=\"color: #0000ff;\"><a style=\"color: #0000ff;\" href=\"https:\/\/certifications-cloe.com\/wp-content\/uploads\/CAN_03-Guide-du-candidat-CLOE-a-distance.pdf\" target=\"_blank\" rel=\"noopener\"><span style=\"font-family: verdana, geneva, sans-serif; font-size: 16px;\">Session \u00e0 distance du test Clo\u00e9 &#8211; guide complet du candidat<\/span><\/a><\/span><\/li>\n<\/ul>\n<\/div>\n<p><span style=\"color: #000080; font-family: verdana, geneva, sans-serif;\">VALIDATION DE LA CERTIFICATION OU DE L\u2019HABILITATION<\/span><\/p>\n<\/div>\n<\/div>\n<\/div>\n<\/div>\n<div class=\"panel panel-default\">\n<div id=\"collapseThree\" class=\"panel-collapse collapse show\" role=\"tabpanel\" aria-labelledby=\"headingThree\">\n<div class=\"panel-body\">\n<p><span style=\"font-family: verdana, geneva, sans-serif; color: #000080;\">Les r\u00e9sultats du Certificat CLOE sont d\u00e9clin\u00e9s en sous-niveaux CECRL et de fa\u00e7on d\u00e9taill\u00e9e par comp\u00e9tence : <\/span><br \/>\n<span style=\"font-family: verdana, geneva, sans-serif; color: #000080;\">Utilisateur El\u00e9mentaire A2 : Semi-autonomie professionnelle en situations simples <\/span><br \/>\n<span style=\"font-family: verdana, geneva, sans-serif; color: #000080;\">Utilisateur Ind\u00e9pendant B1 : Autonomie professionnelle en situations habituelles <\/span><br \/>\n<span style=\"font-family: verdana, geneva, sans-serif; color: #000080;\">Utilisateur Ind\u00e9pendant B2 : Autonomie professionnelle en situations complexes<\/span><br \/>\n<span style=\"font-family: verdana, geneva, sans-serif; color: #000080;\">Utilisateur Exp\u00e9riment\u00e9 C1 et C2 : Ma\u00eetrise de la communication professionnelle<\/span><\/p>\n<p><span style=\"font-family: verdana, geneva, sans-serif; color: #000080;\">Utilisateur d\u00e9butant A1 : Attestation de niveau en situations tr\u00e8s simples <\/span><\/p>\n<p><span style=\"font-family: verdana, geneva, sans-serif; color: #000080; font-size: 20px;\">Le Certificat CLOE est obtenu quand l\u2019objectif professionnel identifi\u00e9 \u00e0 l\u2019inscription est atteint. <\/span><br \/>\n<span style=\"font-family: verdana, geneva, sans-serif; color: #000080;\">A d\u00e9faut d\u2019obtenir le niveau seuil requis pour l\u2019utilisation de la langue cible dans son activit\u00e9 professionnelle le candidat re\u00e7oit une attestation de r\u00e9sultat. \u00a0<\/span><\/p>\n<p><strong><span style=\"font-family: verdana, geneva, sans-serif; color: #000080; font-size: 16px;\">La dur\u00e9e de validit\u00e9 en ann\u00e9es :<\/span><\/strong><br \/>\n<span style=\"font-family: verdana, geneva, sans-serif; color: #000080; font-size: 16px;\">Certificat valable \u00e0 vie <\/span><br \/>\n<span style=\"font-family: verdana, geneva, sans-serif; color: #000080; font-size: 16px;\">\u2192 Le candidat doit finir la partie 1 \u00e9crite pour d\u00e9clencher l&rsquo;acc\u00e8s au calendrier des dates d&rsquo;entretien face-\u00e0-face et participer \u00e0 la partie 2 orale en Visio.<\/span><\/p>\n<\/div>\n<\/div>\n<\/div>\n<p><span style=\"color: #000080;\"><strong><span style=\"font-family: verdana, geneva, sans-serif;\">PUBLIC<\/span><\/strong><\/span><\/p>\n<p><span style=\"font-family: verdana, geneva, sans-serif; color: #000080;\">Tout public.<\/span><\/p>\n<p><span style=\"font-family: verdana, geneva, sans-serif; color: #000080;\">Cette solution, structur\u00e9e autour d\u2019une certification adaptative\u00a0comprenant une \u00e9valuation en ligne des connaissances \u00e9crites et orales de la langue et un entretien oral, permet de r\u00e9pondre \u00e0 une demande croissante des salari\u00e9s d\u2019une solution professionnelle certifiante qui est rapide et pr\u00e9cise.<\/span><\/p>\n<p><span style=\"font-family: verdana, geneva, sans-serif; color: #000080;\">La pr\u00e9paration de 4 semaines au format des questions du test CLO\u00c9 est comprise dans le contenu des ressources de cette formation et son acc\u00e8s ouvert 1 mois avant la date souhait\u00e9e du passage du test \u00e9crit. <\/span><\/p>\n<p><span style=\"font-family: verdana, geneva, sans-serif; color: #000080;\">Une pr\u00e9paration \u00e0 la prise de parole en public et aux entretien d&#8217;embauche ou d&rsquo;\u00e9valuation est mise en place selon un calendrier d&rsquo;\u00e9tude des le\u00e7ons. <\/span><\/p>\n<p><span style=\"font-family: verdana, geneva, sans-serif; color: #000080;\">Des ateliers de mise en pratique des acquis \u00e0 l&rsquo;oral avec correction bienveillante et explicative par une formatrice d\u00e9di\u00e9e permet de d\u00e9velopper les comp\u00e9tences de compr\u00e9hension et d&rsquo;expression par situation v\u00e9cue.<\/span><\/p>\n<h2 style=\"font-weight: 400;\"><\/h2>\n<\/div>\n<\/div>\n<\/div>\n<\/div>\n<div class=\"elementor-element elementor-element-aa85299 elementor-icon-list--layout-traditional elementor-list-item-link-full_width elementor-widget elementor-widget-icon-list\" data-id=\"aa85299\" data-element_type=\"widget\" data-widget_type=\"icon-list.default\">\n<div class=\"elementor-widget-container\">\n<p><img loading=\"lazy\" decoding=\"async\" class=\"alignnone wp-image-15368 aligncenter\" src=\"https:\/\/www.leslanguessansstress.fr\/wp-content\/uploads\/2023\/05\/Cloe-287x300-1.png\" alt=\"\" width=\"210\" height=\"220\" \/><\/p>\n<h1 style=\"font-weight: 400;\"><span style=\"font-family: verdana, geneva, sans-serif; color: #ff6600; font-size: 24px;\">Objectifs et contexte de la certification CLO\u00c9 finan\u00e7able par le CPF :\u00a0 \u00a0<\/span><\/h1>\n<\/div>\n<\/div>\n<div class=\"elementor-element elementor-element-89780d9 elementor-widget elementor-widget-text-editor\" data-id=\"89780d9\" data-element_type=\"widget\" data-widget_type=\"text-editor.default\">\n<div class=\"elementor-widget-container\">\n<div class=\"panel panel-default\">\n<div id=\"collapseTwo\" class=\"panel-collapse collapse show\" role=\"tabpanel\" aria-labelledby=\"headingTwo\">\n<div class=\"panel-body\">\n<h3 class=\"title\"><span style=\"color: #000080; font-family: verdana, geneva, sans-serif; font-size: 16px;\">&#8211; Se pr\u00e9parer au format des questions du test dans la langue cible pour valider ses comp\u00e9tences linguistiques orales et \u00e9crites<\/span><\/h3>\n<div class=\"txt\">\n<p><span style=\"color: #000080; font-family: verdana, geneva, sans-serif;\">&#8211; \u00c9valuer et certifier le niveau de ma\u00eetrise de la langue \u00e9crite et d&rsquo;interaction orale en situations de communication professionnelles, socioprofessionnelles ou sp\u00e9cifiques \u00e0 un domaine d\u2019activit\u00e9. <\/span><\/p>\n<p><span style=\"color: #000080; font-family: verdana, geneva, sans-serif;\">&#8211; Valoriser les comp\u00e9tences acquises lors d&rsquo;un entretien professionnel.<\/span><\/p>\n<p><span style=\"color: #000080; font-family: verdana, geneva, sans-serif;\">Connaitre son niveau d&rsquo;entr\u00e9e pour renforcer les points faibles.<\/span><br \/>\n<span style=\"color: #000080; font-family: verdana, geneva, sans-serif;\">D\u00e9velopper les notions grammaticale et la syntaxe de la phrase simple \u00e0 complexe selon son niveau.<\/span><br \/>\n<span style=\"color: #000080; font-family: verdana, geneva, sans-serif;\">Enrichir son lexique courant et professionnel selon ses besoins et le niveau de langue souhait\u00e9e<\/span><br \/>\n<span style=\"color: #000080; font-family: verdana, geneva, sans-serif;\">Apprendre \u00e0 g\u00e9rer son stress avant une prise de parole.<\/span><br \/>\n<span style=\"color: #000080; font-family: verdana, geneva, sans-serif;\">Ecrire des messages efficaces et concis en langue professionnelle adapt\u00e9e \u00e0 l&rsquo;interlocuteur. <\/span><br \/>\n<span style=\"color: #000080; font-family: verdana, geneva, sans-serif;\">Prendre confiance pendant la pr\u00e9paration d&rsquo;un voyage et des d\u00e9placements \u00e0 l&rsquo;\u00e9tranger.<\/span><br \/>\n<span style=\"color: #000080; font-family: verdana, geneva, sans-serif;\">Communiquer avec aisance dans la plupart des situations du quotidien dans un contexte socioprofessionnel standard.<\/span><span style=\"color: #000080; font-family: verdana, geneva, sans-serif;\">La Certification CLOE (choix entre 5 langues)\u00a0 permet d\u2019\u00e9valuer et de certifier les comp\u00e9tences g\u00e9n\u00e9rales et professionnelles en du niveau A1 au niveau C2 du Cadre europ\u00e9en commun de r\u00e9f\u00e9rence pour les langues (CECRL)\u00a0\u00a0<\/span><\/p>\n<p><span style=\"color: #ff6600; font-family: verdana, geneva, sans-serif;\">PR\u00c9 REQUIS<\/span><\/p>\n<p><span style=\"color: #000080; font-family: verdana, geneva, sans-serif;\">D\u00e9buter la pr\u00e9paration au test de certification avec un niveau faux d\u00e9butant A1\/A2. \u00a0<\/span><br \/>\n<span style=\"color: #000080; font-family: verdana, geneva, sans-serif;\">Si votre niveau est vrai d\u00e9butant (A0-A1) sans aucune connaissance, nous vous proposons un module double d&rsquo;initiation + d\u00e9butant pour atteindre le niveau SEUIL A2.<\/span><br \/>\n<span style=\"color: #000080; font-family: verdana, geneva, sans-serif;\">Votre parcours sera nettement plus dense ou plus long : p<\/span><span style=\"color: #000080; font-family: verdana, geneva, sans-serif;\">ensez \u00e0 pr\u00e9voir le temps n\u00e9cessaire \u00e0 apprendre les bases, c&rsquo;est une \u00e9tape importante dans la construction des phrases n\u00e9cessaires \u00e0 la communication courante au quotidien.<\/span><\/p>\n<p><span style=\"font-family: verdana, geneva, sans-serif; color: #ff6600;\">VOIE D&rsquo;ACC\u00c8S \u00c0 LA CERTIFICATION\u00a0 \u00a0<\/span><\/p>\n<p><span style=\"font-family: verdana, geneva, sans-serif; color: #000080;\">Le candidat au test Clo\u00e9 doit avoir suivi un parcours de formation orient\u00e9 test de certification dans la langue cible. <\/span><br \/>\n<span style=\"font-family: verdana, geneva, sans-serif; color: #000080;\">Le parcours pr\u00e9sente des cours orient\u00e9s communication \u00e9crite et orale, ainsi qu&rsquo;un entrainement \u00e0 l&rsquo;interaction face-\u00e0-face.\u00a0<\/span><\/p>\n<div class=\"csh-article-content-header\" role=\"heading\"><\/div>\n<p><span style=\"font-family: verdana, geneva, sans-serif; color: #ff6600;\">R\u00c9SULTATS ATTENDUS<\/span><\/p>\n<\/div>\n<h5 class=\"title\"><span style=\"font-family: verdana, geneva, sans-serif; color: #000080; font-size: 16px;\">Comp\u00e9tences attest\u00e9es :<\/span><\/h5>\n<div class=\"txt\">\n<p><span style=\"font-family: verdana, geneva, sans-serif; color: #000080;\">Analyser des \u00e9crits courts en identifiant les \u00e9l\u00e9ments langagiers cl\u00e9s et en tenant compte de leur exactitude afin d\u2019employer ces \u00e9l\u00e9ments dans des \u00e9crits courants et professionnels, et notamment en utilisant un vocabulaire courant ou professionnel adapt\u00e9 au contexte, en utilisant les principales structures grammaticales n\u00e9cessaires pour construire des phrases coh\u00e9rentes et de complexit\u00e9 vari\u00e9e, et en communiquant en situation courante ou professionnelle en employant les expressions adapt\u00e9es\u00a0\u00a0<\/span><\/p>\n<p><span style=\"font-family: verdana, geneva, sans-serif; color: #000080;\">Analyser des textes courts en identifiant les informations cl\u00e9s afin de les utiliser dans un contexte g\u00e9n\u00e9ral ou professionnel sp\u00e9cifique, et notamment en lisant un texte court et en en d\u00e9gageant le sens global et des d\u00e9tails sp\u00e9cifiques. en lisant un dialogue \u00e9crit ou un message et en en d\u00e9gageant le sens global et des d\u00e9tails sp\u00e9cifiques, et en lisant des instructions ou une s\u00e9rie d\u2019\u00e9v\u00e9nements et en en d\u00e9finissant l\u2019action \u00e0 prendre ou le r\u00e9sultat<\/span><\/p>\n<p><span style=\"font-family: verdana, geneva, sans-serif; color: #000080;\">Analyser des \u00e9nonc\u00e9s courts, des dialogues et des communications orales en identifiant les informations cl\u00e9s afin de les utiliser dans un contexte g\u00e9n\u00e9ral ou professionnel sp\u00e9cifique, et notamment en \u00e9coutant une annonce ou une information enregistr\u00e9e et en en d\u00e9gageant le sens global et des d\u00e9tails sp\u00e9cifiques, en \u00e9coutant un dialogue et en en d\u00e9gageant le sens global et des d\u00e9tails sp\u00e9cifiques, en \u00e9coutant une s\u00e9rie d\u2019instructions ou une pr\u00e9sentation et en d\u00e9finissant l\u2019action \u00e0 mener ou le r\u00e9sultat\u00a0 \u00a0\u00a0<\/span><\/p>\n<p><span style=\"font-family: verdana, geneva, sans-serif; color: #000080;\">Participer \u00e0 une communication orale avec un interlocuteur sur des sujets professionnels habituels ou sp\u00e9cifiques \u00e0 son m\u00e9tier, et notamment en comprenant un \u00e9nonc\u00e9, des instructions ou des questions d\u2019un interlocuteur, en employant un vocabulaire professionnel adapt\u00e9 \u00e0 la situation de communication, en faisant usage des principales structures grammaticales n\u00e9cessaires afin de construire des phrases coh\u00e9rentes et de complexit\u00e9 vari\u00e9e selon la situation, en communiquant de fa\u00e7on naturelle au sujet de son activit\u00e9, son exp\u00e9rience et ses projets afin de se faire comprendre avec une prononciation claire, en d\u00e9veloppant l\u2019interaction et le dialogue en situation professionnelle\u00a0<\/span><\/p>\n<h1 style=\"font-weight: 400;\"><span style=\"font-family: verdana, geneva, sans-serif; color: #ff6600; font-size: 28px;\">Votre pr\u00e9paration personnalis\u00e9e pour r\u00e9ussir votre test CLO\u00c9\u00a0<\/span><\/h1>\n<h4 style=\"font-weight: 400;\"><span style=\"font-family: verdana, geneva, sans-serif; color: #000080; font-size: 16px;\">Modalit\u00e9s d&rsquo;\u00e9valuation et pr\u00e9paration individualis\u00e9e au test CLO\u00c9<\/span><\/h4>\n<\/div>\n<h4 class=\"title\"><span style=\"color: #000080; font-family: verdana, geneva, sans-serif; font-size: medium;\">\u00a01 &#8211; Partie <span style=\"caret-color: #000080;\">\u00e9crite<\/span> du Test CLO\u00c9 &#8211; Test en ligne, mise en situations (1 heure) \u00a0 \u00a0\u00a0<\/span><\/h4>\n<div class=\"txt\">\n<div class=\"elementor-element elementor-element-89ed094 elementor-widget elementor-widget-heading\" data-id=\"89ed094\" data-element_type=\"widget\" data-widget_type=\"heading.default\">\n<p><span style=\"color: #000080; font-family: verdana, geneva, sans-serif;\">Vous vous formez \u00e0 l&rsquo;expression et \u00e0 la compr\u00e9hension \u00e9crite sous diverses formes selon votre niveau et vos objectifs en langue courante dans un contexte d&rsquo;\u00e9changes professionnels standard \u00e0 toutes les entreprises. Vous travaillez aussi la compr\u00e9hension orale pour r\u00e9pondre \u00e0 des questions sur une annonce ou un petit texte.\u00a0<\/span><\/p>\n<\/div>\n<h4><strong><span style=\"font-family: verdana, geneva, sans-serif; color: #000080;\">2 &#8211; Partie orale du test Clo\u00e9 &#8211; interaction en Visio avec un interlocuteur (10-15 minutes)<\/span><\/strong><\/h4>\n<p><span style=\"font-family: verdana, geneva, sans-serif; color: #000080;\">Tout au long de votre parcours de formation, vous b\u00e9n\u00e9ficiez d&rsquo;ateliers de pratique de votre expression et de la compr\u00e9hension orale ainsi que d&rsquo;entretiens pour travailler votre discours en vue de maintenir une petite conversation conviviale avec des formules adapt\u00e9es \u00e0 la situation pr\u00e9sent\u00e9e, formelle et informelle. \u00a0\u00a0<\/span><br \/>\n<span style=\"font-family: verdana, geneva, sans-serif; color: #000080;\">Votre pr\u00e9paration \u00e0 l&rsquo;entretien peut \u00eatre cibl\u00e9 selon un m\u00e9tier ou un secteur d&rsquo;activit\u00e9 correspondant \u00e0 vos fonctions.<\/span><\/p>\n<div class=\"elementor-element elementor-element-89ed094 elementor-widget elementor-widget-heading\" data-id=\"89ed094\" data-element_type=\"widget\" data-widget_type=\"heading.default\"><\/div>\n<\/div>\n<\/div>\n<\/div>\n<\/div>\n<h2 style=\"font-weight: 400;\"><span style=\"font-family: verdana, geneva, sans-serif; color: #ff6600;\">Votre pr\u00e9paration au Test CLO\u00c9 est la cl\u00e9 de votre succ\u00e8s<\/span><\/h2>\n<p><span style=\"font-family: verdana, geneva, sans-serif; color: #000080;\">Conna\u00eetre le format des questions, les modalit\u00e9s d&rsquo;inscription et de passage du test et important et abaisse votre niveau de stress pr\u00e9-test. Vous prenez conscience de vos besoins en rapport avec vos objectifs et du temps qu&rsquo;il peut falloir pour atteindre ce niveau de communication courante ou de ma\u00eetrise en langue professionnelle.\u00a0<\/span><\/p>\n<p><span style=\"font-family: verdana, geneva, sans-serif; color: #000080;\">Entrainez-vous autant \u00e0 la communication \u00e9crite qu&rsquo;orale sur des supports choisis et mettez en pratique les nouvelles connaissances aussi souvent que possible avec votre formatrice d\u00e9di\u00e9e. <\/span><\/p>\n<p><span style=\"font-family: verdana, geneva, sans-serif; color: #000080;\">N&rsquo;oubliez pas d&rsquo;apprendre les bases ou de vous remettre \u00e0 niveau si vos connaissances actuelles ne permettent pas de tenir une conversation courante et de vous sentir \u00e0 l&rsquo;aise en entreprise dans la langue de votre choix.<\/span><\/p>\n<h3><span style=\"font-family: verdana, geneva, sans-serif; color: #000080; font-size: 16px;\">Toutes nos formations en langues sans stress vous pr\u00e9parent avant tout \u00e0 vous exprimer clairement, comprendre et \u00eatre imm\u00e9diatement compris selon la situation et votre interlocuteur autant \u00e0 l&rsquo;\u00e9crit qu&rsquo;\u00e0 l&rsquo;oral.<\/span><\/h3>\n<p><span style=\"font-family: verdana, geneva, sans-serif; color: #000080;\">Nos programmes sont g\u00e9n\u00e9raux avec des modules courts cibl\u00e9s activit\u00e9 ou contexte, selon le besoin de nos stagiaires et candidats \u00e0 la certification.\u00a0<\/span><\/p>\n<p><span style=\"font-family: verdana, geneva, sans-serif; color: #000080;\"><strong>Programmes complets g\u00e9n\u00e9raux<\/strong> : <\/span><br \/>\n<span style=\"font-family: verdana, geneva, sans-serif; color: #000080;\">Communication avec \u00e9changes professionnels en entreprise.\u00a0<\/span><br \/>\n<span style=\"font-family: verdana, geneva, sans-serif; color: #000080;\">Communication courante au bureau. <\/span><br \/>\n<span style=\"font-family: verdana, geneva, sans-serif; color: #000080;\">C&rsquo;est la base de la pr\u00e9paration du test \u00e9crit qui doit \u00eatre ma\u00eetris\u00e9e au niveau Seul A2 ou plus.<\/span><\/p>\n<p><span style=\"font-family: verdana, geneva, sans-serif; color: #000080;\"><strong>Modules par m\u00e9tier<\/strong>: <\/span><br \/>\n<span style=\"font-family: verdana, geneva, sans-serif; color: #000080;\">Communication cibl\u00e9e pour \u00e9tudier la langue de votre choix selon vos fonctions ou un secteur d&rsquo;activit\u00e9 afin de vous sentir \u00e0 l&rsquo;aise pendant l&rsquo;entretien en Visio de la \u00a0partie orale du test CLO\u00c9. <\/span><br \/>\n<span style=\"font-family: verdana, geneva, sans-serif; color: #000080;\">Veuillez visiter les articles PROGRAMMES ou FORMATIONS pour d\u00e9couvrir les parcours m\u00e9tier\/secteur d&rsquo;activit\u00e9 d\u00e9j\u00e0 propos\u00e9s. <\/span><br \/>\n<span style=\"font-family: verdana, geneva, sans-serif; color: #000080;\">Nous pouvons concevoir un nouveau programme \u00e0 r\u00e9ception de votre demande d\u00e9taill\u00e9e. <\/span><\/p>\n<ol>\n<li><strong><a style=\"color: #000080; font-family: verdana, geneva, sans-serif;\" href=\"https:\/\/www.leslanguessansstress.fr\/index.php\/2024\/06\/14\/anglais-80-metiers-certificat-cloe\/\" target=\"_blank\" rel=\"noopener\">ANGLAIS par m\u00e9tier<\/a><\/strong><span style=\"color: #000080; font-family: verdana, geneva, sans-serif;\"> (nombreux programmes et <span style=\"caret-color: #000080;\">secteurs<\/span> diversifi\u00e9s)<\/span><\/li>\n<li><span style=\"color: #000080; font-family: verdana, geneva, sans-serif;\">ITALIEN par m\u00e9tier (SPA, sant\u00e9, h\u00f4tellerie, restauration, tourisme)<\/span><\/li>\n<li><span style=\"color: #000080; font-family: verdana, geneva, sans-serif;\">ESPAGNOL par m\u00e9tier (tourisme, restauration, h\u00f4tellerie)<\/span><\/li>\n<li><span style=\"color: #000080; font-family: verdana, geneva, sans-serif;\">ALLEMAND par m\u00e9tier (tourisme, accueil) <\/span><\/li>\n<li><span style=\"color: #000080; font-family: verdana, geneva, sans-serif;\">F.L.E. (tourisme, accueil, restauration, h\u00f4tellerie)<\/span><\/li>\n<\/ol>\n<p><span style=\"font-family: verdana, geneva, sans-serif; color: #000080;\"><strong>Modules courts de perfectionnement selon besoins pour enrichir votre lexique<\/strong> : <\/span><br \/>\n<span style=\"font-family: verdana, geneva, sans-serif; color: #000080;\">&#8211; au t\u00e9l\u00e9phone <\/span><br \/>\n<span style=\"font-family: verdana, geneva, sans-serif; color: #000080;\">&#8211; au bureau<\/span><br \/>\n<span style=\"font-family: verdana, geneva, sans-serif; color: #000080;\"> &#8211; les affaires <\/span><br \/>\n<span style=\"font-family: verdana, geneva, sans-serif; color: #000080;\">&#8211; lire la presse <\/span><br \/>\n<span style=\"font-family: verdana, geneva, sans-serif; color: #000080;\">&#8211; prendre contact <\/span><br \/>\n<span style=\"font-family: verdana, geneva, sans-serif; color: #000080;\">&#8211; l&rsquo;entretien <\/span><\/p>\n<p><img loading=\"lazy\" decoding=\"async\" class=\"alignnone wp-image-14125 aligncenter\" src=\"https:\/\/www.leslanguessansstress.fr\/wp-content\/uploads\/2022\/10\/programme-adapte-a-5-langues-sans-stress-CPF-300x35.jpg\" alt=\"\" width=\"454\" height=\"53\" srcset=\"https:\/\/www.leslanguessansstress.fr\/wp-content\/uploads\/2022\/10\/programme-adapte-a-5-langues-sans-stress-CPF-300x35.jpg 300w, https:\/\/www.leslanguessansstress.fr\/wp-content\/uploads\/2022\/10\/programme-adapte-a-5-langues-sans-stress-CPF.jpg 702w\" sizes=\"auto, (max-width: 454px) 100vw, 454px\" \/><\/p>\n<div class=\"layoutArea\">\n<div class=\"column\">\n<div class=\"elementor-element elementor-element-89ed094 elementor-widget elementor-widget-heading\" data-id=\"89ed094\" data-element_type=\"widget\" data-widget_type=\"heading.default\">\n<div class=\"elementor-widget-container\">\n<h1><img loading=\"lazy\" decoding=\"async\" class=\"alignnone size-medium wp-image-14157 aligncenter\" src=\"https:\/\/www.leslanguessansstress.fr\/wp-content\/uploads\/2022\/10\/Mon-compte-formation-CPF-les-langues-sans-stress-300x159.jpg\" alt=\"\" width=\"300\" height=\"159\" srcset=\"https:\/\/www.leslanguessansstress.fr\/wp-content\/uploads\/2022\/10\/Mon-compte-formation-CPF-les-langues-sans-stress-300x159.jpg 300w, https:\/\/www.leslanguessansstress.fr\/wp-content\/uploads\/2022\/10\/Mon-compte-formation-CPF-les-langues-sans-stress.jpg 646w\" sizes=\"auto, (max-width: 300px) 100vw, 300px\" \/><\/h1>\n<h1 style=\"font-weight: 400;\"><span style=\"font-family: verdana, geneva, sans-serif; color: #ff6600; font-size: 24px;\">Activez votre CPF pour pr\u00e9parer votre certification CLO\u00c9 en anglais, allemand, espagnol, italien ou F.L.E. selon vos besoins et vos contraintes\u00a0<\/span><\/h1>\n<\/div>\n<\/div>\n<div class=\"elementor-element elementor-element-aa85299 elementor-icon-list--layout-traditional elementor-list-item-link-full_width elementor-widget elementor-widget-icon-list\" data-id=\"aa85299\" data-element_type=\"widget\" data-widget_type=\"icon-list.default\">\n<div class=\"elementor-widget-container\">\n<div class=\"elementor-element elementor-element-89ed094 elementor-widget elementor-widget-heading\" data-id=\"89ed094\" data-element_type=\"widget\" data-widget_type=\"heading.default\">\n<p style=\"font-weight: 400;\"><span style=\"font-family: verdana, geneva, sans-serif; color: #ff6600; font-size: 16px;\"><span style=\"color: #000080;\">Votre programme personnalisable de communication sera complet en vue de pr\u00e9parer votre certification sans aucun stress :<\/span><\/span><br \/>\n<span style=\"font-family: verdana, geneva, sans-serif; color: #ff6600; font-size: 16px;\"><span style=\"color: #000080;\"><span style=\"font-family: verdana, geneva, sans-serif; color: #000080;\">\u00c9valuation initiale de vos comp\u00e9tences linguistiques pour vous proposer le meilleur plan de formation adapt\u00e9 \u00e0 votre domaine d\u2019activit\u00e9<\/span><br \/>\n<span style=\"font-family: verdana, geneva, sans-serif; color: #000080;\">La pratique des comp\u00e9tences de compr\u00e9hension orale et \u00e9crite<\/span><br \/>\n<span style=\"font-family: verdana, geneva, sans-serif; color: #000080;\">L\u2018expression \u00e9crite<\/span><br \/>\n<span style=\"font-family: verdana, geneva, sans-serif; color: #000080;\">La pratique orale dans la langue cible<\/span><br \/>\n<span style=\"font-family: verdana, geneva, sans-serif; color: #000080;\">L\u2019entra\u00eenement au format des questions gr\u00e2ce \u00e0 la plateforme d\u2019entra\u00eenement \u201cR\u00e9ussir CLOE\u201d<\/span><br \/>\n<span style=\"font-family: verdana, geneva, sans-serif; color: #000080;\">Le passage de la certification (o\u00f9 et quand vous voulez en ligne avec le R\u00e9seau CEL sur PC avec une connexion stable)<\/span><\/span><\/span><\/p>\n<p style=\"font-weight: 400;\"><span style=\"font-family: verdana, geneva, sans-serif; color: #ff6600; font-size: 16px;\"><span style=\"color: #000080;\"><span style=\"font-family: verdana, geneva, sans-serif; color: #000080;\">Sur place avec la possibilit\u00e9 d&rsquo;une s\u00e9ance de relaxation pr\u00e9-\u00e9valuation dans la langue cible pendant la session de formation financ\u00e9e par le CPF.<\/span><\/span><\/span><\/p>\n<\/div>\n<\/div>\n<\/div>\n<p><span style=\"color: #bf6326; font-family: verdana, geneva, sans-serif;\"><img loading=\"lazy\" decoding=\"async\" class=\"size-full wp-image-11275 aligncenter\" src=\"https:\/\/www.leslanguessansstress.fr\/wp-content\/uploads\/2021\/01\/Relaxation-et-gestion-du-temps-de-travail-et-de-sommeil-Cours-et-hypnose-les-langues-sans-stress-Savoie-e1614704048781.png\" alt=\"\" width=\"270\" height=\"148\" \/><\/span><\/p>\n<h2 style=\"font-weight: 400;\"><span style=\"font-family: verdana, geneva, sans-serif; color: #ff6600;\"><span style=\"color: #bf6326;\"><span style=\"color: #ff6600;\">Dur\u00e9e estim\u00e9e de la formation par niveau avec pr\u00e9paration au test CLO\u00c9 en conditions optimales<\/span><\/span><\/span><\/h2>\n<p><span style=\"color: #000080; font-family: verdana, geneva, sans-serif;\">Les formations sont propos\u00e9es au fur et \u00e0 mesure des demandes personnalis\u00e9es sur la plateforme du CPF \u00e0 \u00a0<a href=\"https:\/\/www.moncompteformation.gouv.fr\/espace-prive\/html\/#\/formation\/recherche\" target=\"_blank\" rel=\"noopener\">www.moncompteformation.gouv.fr<\/a> avec de nouveaux programmes et des modalit\u00e9s-CPF actualis\u00e9es. <\/span><\/p>\n<p><strong><span style=\"color: #000080; font-family: verdana, geneva, sans-serif;\">R\u00e9partition du temps d&rsquo;\u00e9tude par niveau de comp\u00e9tences :<\/span><\/strong><br \/>\n<span style=\"color: #000080; font-family: verdana, geneva, sans-serif;\">Entre 10 et 120 heures d&rsquo;\u00e9tude selon diagnostic des besoins et profil du stagiaire vers l&rsquo;atteinte de son objectif.\u00a0<\/span><\/p>\n<p><span style=\"color: #000080; font-family: verdana, geneva, sans-serif;\">Les programmes courts ont une dur\u00e9e minimale de 10 heures (temps avec entretiens et ateliers de pratique supervis\u00e9s par votre formatrice). Cette dur\u00e9e ne comprend pas votre temps d&rsquo;\u00e9tude <span style=\"caret-color: #000080;\">autonome<\/span> et r\u00e9visions pour atteindre votre objectif de niveau de comp\u00e9tences. <\/span><span style=\"color: #000080; font-family: verdana, geneva, sans-serif;\">La dur\u00e9e propos\u00e9e est coh\u00e9rente en fonction des pr\u00e9requis, du profil et des besoins d\u00e9cel\u00e9s du candidat au test et de son objectif :<\/span><\/p>\n<\/div>\n<\/div>\n<div class=\"layoutArea\">\n<div class=\"column\">\n<p><span style=\"font-family: verdana, geneva, sans-serif; color: #ff6600; font-size: 20px;\">A0-A1\u00a0<\/span><br \/>\n<span style=\"font-family: verdana, geneva, sans-serif; color: #000080;\"><strong>D\u00e9couverte des structures simples<\/strong> et premiers mots essentiels \u00e0 la conversation niveau A1 : 30 \u00e0 60 heures\u00a0<\/span><\/p>\n<p><span style=\"color: #ff6600; font-family: verdana, geneva, sans-serif; font-size: 20px;\">A1-A2\u00a0<\/span><br \/>\n<span style=\"font-family: verdana, geneva, sans-serif; color: #000080;\"><strong>Initiation<\/strong>\u00a0compl\u00e8te aux bases \u00e9l\u00e9mentaires A1\/A2 pr\u00e9paration certification niveau Seuil A2 : 60 \u00e0 120 heures \u00a0<\/span><\/p>\n<p><span style=\"font-family: verdana, geneva, sans-serif; color: #ff6600; font-size: 20px;\">A2-C2\u00a0<\/span><br \/>\n<span style=\"font-family: verdana, geneva, sans-serif; color: #000080;\"><strong>Remise \u00e0 niveau <\/strong>et d\u00e9veloppement des bases en langue courante et professionnelle : 50 \u00e0 65 heures<\/span><br \/>\n<span style=\"font-family: verdana, geneva, sans-serif; color: #000080;\"><strong>Perfectionnement<\/strong> avec approfondissement des structures et du lexique : 20 \u00e0 35 heures (\u00e0 partir du niveau A2+\/B1)<\/span><br \/>\n<span style=\"font-family: verdana, geneva, sans-serif; color: #000080;\"><strong>Enrichissement du lexique et entrainement cibl\u00e9<\/strong> selon points \u00e0 renforcer : 10 \u00e0 20 heures (\u00e0 partir du niveau interm\u00e9diaire B1) <\/span><\/p>\n<p><span style=\"font-family: verdana, geneva, sans-serif; color: #000080;\">Information compl\u00e8te sur la certification CLO\u00c9 dont le programme est personnalisable \u00e0 vos besoins et contraintes vers l&rsquo;atteinte de vos objectifs d\u00e9finis en amont de la formation choisie.<\/span><\/p>\n<\/div>\n<\/div>\n<h3 style=\"font-weight: 400;\"><span style=\"font-family: verdana, geneva, sans-serif; color: #000080; font-size: 28px;\">Utilisation de la langue \u00e9crite et compr\u00e9hension orale<\/span><\/h3>\n<p><span style=\"color: #000080; font-family: verdana, geneva, sans-serif;\"> &#8211; Utiliser un vocabulaire professionnel adapt\u00e9 au contexte<\/span><\/p>\n<\/div>\n<\/div>\n<\/div>\n<\/div>\n<div class=\"elementor-element elementor-element-c5f1300 elementor-icon-list--layout-traditional elementor-list-item-link-full_width elementor-widget elementor-widget-icon-list\" data-id=\"c5f1300\" data-element_type=\"widget\" data-widget_type=\"icon-list.default\">\n<div class=\"elementor-widget-container\">\n<p><span style=\"font-family: verdana, geneva, sans-serif; color: #000080;\"><i class=\"fas fa-check\" aria-hidden=\"true\"><\/i><span class=\"elementor-icon-list-text\"> &#8211; Utiliser les principales structures grammaticales n\u00e9cessaires pour construire des phrases coh\u00e9rentes et de complexit\u00e9 vari\u00e9e<\/span><\/span><br \/>\n<span style=\"font-family: verdana, geneva, sans-serif; color: #000080;\"><i class=\"fas fa-check\" aria-hidden=\"true\"><\/i><span class=\"elementor-icon-list-text\"> &#8211; Comprendre un court texte et en d\u00e9gager le sens global et des d\u00e9tails sp\u00e9cifiques<\/span><\/span><br \/>\n<span style=\"font-family: verdana, geneva, sans-serif; color: #000080;\"><i class=\"fas fa-check\" aria-hidden=\"true\"><\/i><span class=\"elementor-icon-list-text\"> &#8211; Comprendre un \u00e9nonc\u00e9, des instructions, ou les questions d&rsquo;un interlocuteur<\/span><\/span><br \/>\n<span style=\"font-family: verdana, geneva, sans-serif; color: #000080;\"><i class=\"fas fa-check\" aria-hidden=\"true\"><\/i><span class=\"elementor-icon-list-text\">\u00a0&#8211; Communiquer en situation socioprofessionnelle, professionnelle ou sp\u00e9cifique \u00e0 son activit\u00e9 en employant des expressions adapt\u00e9es<\/span><\/span><\/p>\n<h3 style=\"font-weight: 400;\"><span style=\"font-family: verdana, geneva, sans-serif; color: #000080; font-size: 28px;\">Expression orale<\/span><\/h3>\n<div class=\"elementor-element elementor-element-b41576c elementor-icon-list--layout-traditional elementor-list-item-link-full_width elementor-widget elementor-widget-icon-list\" data-id=\"b41576c\" data-element_type=\"widget\" data-widget_type=\"icon-list.default\">\n<div class=\"elementor-widget-container\">\n<p><span style=\"font-family: verdana, geneva, sans-serif; color: #000080;\"><i class=\"fas fa-check\" aria-hidden=\"true\"><\/i><span class=\"elementor-icon-list-text\">\u00a0&#8211; Employer un vocabulaire professionnel adapt\u00e9 \u00e0 la situation de communication<\/span><\/span><br \/>\n<span style=\"font-family: verdana, geneva, sans-serif; color: #000080;\"><span class=\"elementor-icon-list-text\"> &#8211; Communiquer en situation socioprofessionnelle, professionnelle ou sp\u00e9cifique \u00e0 son activit\u00e9 en employant des expressions adapt\u00e9es<\/span><\/span><br \/>\n<span style=\"font-family: verdana, geneva, sans-serif; color: #000080;\"><span class=\"elementor-icon-list-text\"> &#8211; Communiquer de fa\u00e7on naturelle et d\u00e9velopper l&rsquo;interaction orale<\/span><\/span><br \/>\n<span style=\"font-family: verdana, geneva, sans-serif; color: #000080;\"><span class=\"elementor-icon-list-text\"> &#8211; Tenir une discussion sur un sujet professionnel<\/span><\/span><br \/>\n<span style=\"font-family: verdana, geneva, sans-serif; color: #000080;\"><span class=\"elementor-icon-list-text\"> &#8211; Se faire comprendre avec une prononciation claire<\/span><\/span><\/p>\n<\/div>\n<\/div>\n<\/div>\n<\/div>\n<h4><span style=\"font-family: verdana, geneva, sans-serif; color: #000080;\"><strong>CONTENU<\/strong><\/span><\/h4>\n<h4><span style=\"font-family: verdana, geneva, sans-serif; color: #ff6600;\">\u2013\u2013 <strong>Th\u00e8mes de communication \u2013\u2013<\/strong><\/span><\/h4>\n<p><span style=\"font-family: verdana, geneva, sans-serif; color: #000080;\">\u00a0&#8211; Th\u00e8mes de base pour tenir une conversation en langue g\u00e9n\u00e9rale.<\/span><\/p>\n<p><span style=\"font-family: verdana, geneva, sans-serif; color: #000080;\">\u00a0&#8211; Th\u00e8mes et lexique adapt\u00e9s \u00e0 l\u2019entreprise pour une utilisation imm\u00e9diate au poste de travail \u00e0 d\u00e9velopper selon les r\u00e9sultats du test et apr\u00e8s entretien avec le stagiaire pour connaitre ses besoins, et objectifs r\u00e9els et atteignables pendant la dur\u00e9e de la formation en tenant compte de ses contraintes personnelles et professionnelles. <\/span><\/p>\n<h4><span style=\"font-family: verdana, geneva, sans-serif; color: #ff6600;\">\u2013\u2013 <strong>Comp\u00e9tences langagi\u00e8res <\/strong>\u2013\u2013<\/span><\/h4>\n<p><span style=\"font-family: verdana, geneva, sans-serif; color: #000080;\">Communiquer dans la majorit\u00e9 des situations pr\u00e9visibles que l\u2019on peut rencontrer au cours d\u2019un voyage, pendant ses fonctions et lors de rencontres professionnelles ou d\u2019activit\u00e9s \u00e0 caract\u00e8re social et en entreprise selon son niveau d\u2019entr\u00e9e, ses objectifs et le temps d\u2019\u00e9tude allou\u00e9 pour les atteindre :<\/span><\/p>\n<p><span style=\"font-family: verdana, geneva, sans-serif; color: #000080;\"><span style=\"text-decoration: underline;\"><span style=\"font-size: 20px;\">Adapter son langage \u00e0 la situation et \u00e0 l\u2019interlocuteur<\/span> <\/span>: <\/span><\/p>\n<p><span style=\"font-family: verdana, geneva, sans-serif; color: #000080;\">Saluer et tenir une conversation sur des th\u00e8mes g\u00e9n\u00e9raux et \u00e0 vis\u00e9e sociale, commerciale ou financi\u00e8re. <\/span><br \/>\n<span style=\"font-family: verdana, geneva, sans-serif; color: #000080;\">N\u00e9gocier, faire une pr\u00e9sentation, d\u00e9velopper un produit, discuter qualit\u00e9, pr\u00e9parer une pr\u00e9sentation, participer \u00e0 une r\u00e9union, mettre en valeur des r\u00e9alisations, discuter de probl\u00e8mes, \u00e9crire et comprendre des documents \u00e0 caract\u00e8re professionnel, utiliser un style de r\u00e9daction appropri\u00e9 dans tous types de documents \u00e9crits, etc. <\/span><\/p>\n<h2><span style=\"font-family: verdana, geneva, sans-serif; color: #000080; font-size: 20px;\">Vous avez d&rsquo;autres questions sur cette pr\u00e9paration et le certificat CLO\u00c9 finan\u00e7able par le CPF? <\/span><\/h2>\n<p><span style=\"font-family: verdana, geneva, sans-serif; color: #000080;\">Veuillez nous contacter ou cliquer sur le lien direct <a href=\"https:\/\/aidecloe.crisp.help\/fr\/article\/combien-de-temps-faut-il-generalement-pour-se-preparer-a-lexamen-cloe-6pbp81\/\" target=\"_blank\" rel=\"noopener\">Centre d&rsquo;aide CLO\u00c9 &#8211; CCI\u00a0<\/a><\/span><\/p>\n<div class=\"elementor-element elementor-element-89780d9 elementor-widget elementor-widget-text-editor\" data-id=\"89780d9\" data-element_type=\"widget\" data-widget_type=\"text-editor.default\">\n<div class=\"elementor-widget-container\">\n<div>\n<div class=\"txt\"><\/div>\n<\/div>\n<\/div>\n<\/div>\n","protected":false},"excerpt":{"rendered":"<p>Certifiez votre niveau de maitrise en 5 langues sans stress\u00a0 Les certifications CLOE (Comp\u00e9tences Linguistiques<\/p>\n","protected":false},"author":1,"featured_media":15368,"comment_status":"closed","ping_status":"open","sticky":false,"template":"","format":"standard","meta":{"footnotes":""},"categories":[80,348,176,432,371],"tags":[112,108,574,573,167,606,113,347,750,449],"class_list":["post-15414","post","type-post","status-publish","format-standard","has-post-thumbnail","hentry","category-actualites","category-cpf-certificats","category-information-documentation","category-langues","category-programme","tag-allemand","tag-anglais","tag-cpf","tag-espagnol","tag-francais","tag-it-le","tag-italien","tag-langues","tag-preparation-test-niveaux-a1-a-c2","tag-test"],"_links":{"self":[{"href":"https:\/\/www.leslanguessansstress.fr\/index.php\/wp-json\/wp\/v2\/posts\/15414","targetHints":{"allow":["GET"]}}],"collection":[{"href":"https:\/\/www.leslanguessansstress.fr\/index.php\/wp-json\/wp\/v2\/posts"}],"about":[{"href":"https:\/\/www.leslanguessansstress.fr\/index.php\/wp-json\/wp\/v2\/types\/post"}],"author":[{"embeddable":true,"href":"https:\/\/www.leslanguessansstress.fr\/index.php\/wp-json\/wp\/v2\/users\/1"}],"replies":[{"embeddable":true,"href":"https:\/\/www.leslanguessansstress.fr\/index.php\/wp-json\/wp\/v2\/comments?post=15414"}],"version-history":[{"count":30,"href":"https:\/\/www.leslanguessansstress.fr\/index.php\/wp-json\/wp\/v2\/posts\/15414\/revisions"}],"predecessor-version":[{"id":19019,"href":"https:\/\/www.leslanguessansstress.fr\/index.php\/wp-json\/wp\/v2\/posts\/15414\/revisions\/19019"}],"wp:featuredmedia":[{"embeddable":true,"href":"https:\/\/www.leslanguessansstress.fr\/index.php\/wp-json\/wp\/v2\/media\/15368"}],"wp:attachment":[{"href":"https:\/\/www.leslanguessansstress.fr\/index.php\/wp-json\/wp\/v2\/media?parent=15414"}],"wp:term":[{"taxonomy":"category","embeddable":true,"href":"https:\/\/www.leslanguessansstress.fr\/index.php\/wp-json\/wp\/v2\/categories?post=15414"},{"taxonomy":"post_tag","embeddable":true,"href":"https:\/\/www.leslanguessansstress.fr\/index.php\/wp-json\/wp\/v2\/tags?post=15414"}],"curies":[{"name":"wp","href":"https:\/\/api.w.org\/{rel}","templated":true}]}}