{"id":15296,"date":"2026-02-12T07:42:01","date_gmt":"2026-02-12T06:42:01","guid":{"rendered":"https:\/\/www.leslanguessansstress.fr\/?p=15296"},"modified":"2026-02-13T17:30:20","modified_gmt":"2026-02-13T16:30:20","slug":"alphabetisation-lutte-contre-lillettrisme","status":"publish","type":"post","link":"https:\/\/www.leslanguessansstress.fr\/index.php\/2026\/02\/12\/alphabetisation-lutte-contre-lillettrisme\/","title":{"rendered":"Fran\u00e7ais &#8211; Lutte contre l&rsquo;illettrisme"},"content":{"rendered":"<h1 style=\"font-weight: 400;\"><span style=\"font-family: verdana, geneva, sans-serif; color: #000080; font-size: 20px;\">Adulte fran\u00e7ais ayant rencontr\u00e9 des difficult\u00e9s \u00e0 apprendre \u00e0 lire et \u00e0 \u00e9crire : <span style=\"font-size: 24px;\">passez de ne pas savoir lire \u00e0 pouvoir d\u00e9chiffrer des textes puis apprendre \u00e0 \u00e9crire<\/span> selon vos besoins et reprenez confiance en vous dans la soci\u00e9t\u00e9.<\/span><\/h1>\n<h2 style=\"font-weight: 400;\"><span style=\"font-family: verdana, geneva, sans-serif; color: #0000ff; font-size: 20px;\"> Enfin apprendre \u00e0 lire et \u00e9crire en fran\u00e7ais sans stress et avec humour quand on est adulte<\/span><\/h2>\n<p><span style=\"font-family: verdana, geneva, sans-serif; color: #000080;\"><strong>Chez nous, un parcours pour les Fran\u00e7ais dont c&rsquo;est la langue maternelle<\/strong>, rencontrant des difficult\u00e9s avec l&rsquo;\u00e9crit est disponible, adaptable \u00e0 leurs besoins individuels pour une approche personnalis\u00e9e aux r\u00e9sultats rapides. <\/span><\/p>\n<p><span style=\"font-family: verdana, geneva, sans-serif; color: #000080;\">Activit\u00e9s ludiques et interaction autour des sons, des mots puis des phrases et enfin des formulaires et textes du quotidien ou protocoles professionnels et des lectures selon le go\u00fbt de chacun et ses besoins d\u00e9cel\u00e9s, m\u00eame tr\u00e8s tr\u00e8s nombreux : <strong>nous aimons partager les grands d\u00e9fis et applaudir vos succ\u00e8s dans la joie et la bonne humeur.<\/strong>\u00a0<\/span><\/p>\n<p><img loading=\"lazy\" decoding=\"async\" class=\"alignnone wp-image-13940 aligncenter\" src=\"https:\/\/www.leslanguessansstress.fr\/wp-content\/uploads\/2022\/09\/Expressions-mots-et-grammaire-faciles-avec-les-langues-sans-stress-300x200.jpeg\" alt=\"\" width=\"248\" height=\"165\" srcset=\"https:\/\/www.leslanguessansstress.fr\/wp-content\/uploads\/2022\/09\/Expressions-mots-et-grammaire-faciles-avec-les-langues-sans-stress-300x200.jpeg 300w, https:\/\/www.leslanguessansstress.fr\/wp-content\/uploads\/2022\/09\/Expressions-mots-et-grammaire-faciles-avec-les-langues-sans-stress-768x512.jpeg 768w, https:\/\/www.leslanguessansstress.fr\/wp-content\/uploads\/2022\/09\/Expressions-mots-et-grammaire-faciles-avec-les-langues-sans-stress.jpeg 1024w\" sizes=\"auto, (max-width: 248px) 100vw, 248px\" \/><\/p>\n<h1 style=\"font-weight: 400;\"><span style=\"font-family: verdana, geneva, sans-serif; color: #0000ff; font-size: 28px;\">Combattre l&rsquo;illettrisme\u00a0<\/span><\/h1>\n<p><span style=\"font-family: verdana, geneva, sans-serif; color: #000080;\">Vous \u00eates Fran\u00e7ais ou \u00e9tranger parlant couramment le fran\u00e7ais et en situation d&rsquo;illettrisme (= grandes difficult\u00e9s \u00e0 l&rsquo;\u00e9crit) ?<\/span><br \/>\n<strong><span style=\"font-family: verdana, geneva, sans-serif; color: #000080;\">Pas de panique!<\/span><\/strong><br \/>\n<span style=\"font-family: verdana, geneva, sans-serif; color: #000080;\">Veuillez nous contacter pour \u00eatre redirig\u00e9 vers un parcours plus adapt\u00e9 \u00e0 votre niveau puisque vous parlez et comprenez d\u00e9j\u00e0 la langue fran\u00e7aise, que vous avez d\u00e9j\u00e0 quelques bases de la grammaire, m\u00eame si vous pensez le contraire&#8230; Nous saurons r\u00e9veiller vos connaissances enfouies dans la joie et la bonne humeur et bient\u00f4t vous les d\u00e9velopperez avec ferveur! <\/span><\/p>\n<p><span style=\"font-family: verdana, geneva, sans-serif; color: #0000ff;\">PR\u00c9-REQUIS<\/span><br \/>\n<span style=\"font-family: verdana, geneva, sans-serif; color: #000080;\">Aucun.<\/span><br \/>\n<span style=\"font-family: verdana, geneva, sans-serif; color: #000080;\">Avoir envie d&rsquo;apprendre en s&rsquo;amusant et de participer activement \u00e0 nos cours et ateliers de mise en pratique orale et \u00e9crite des r\u00e8gles du fran\u00e7ais.<\/span><\/p>\n<p><span style=\"font-family: verdana, geneva, sans-serif; color: #0000ff;\">NIVEAU<br \/>\n<span style=\"font-family: verdana, geneva, sans-serif; color: #000080;\">Sans. <\/span><\/span><br \/>\n<span style=\"font-family: verdana, geneva, sans-serif; color: #0000ff;\"><span style=\"font-family: verdana, geneva, sans-serif; color: #000080;\">Chaque apprenant se positionne agr\u00e9ablement en participant \u00e0 un test sous forme d&rsquo;activit\u00e9 ludique!<\/span><\/span><\/p>\n<p><span style=\"font-family: verdana, geneva, sans-serif; color: #0000ff;\">PUBLIC<\/span><br \/>\n<span style=\"font-family: verdana, geneva, sans-serif; color: #000080;\">Tous.<\/span><br \/>\n<span style=\"font-family: verdana, geneva, sans-serif; color: #000080;\">Jeune adulte et adulte, professionnel fran\u00e7ais et \u00e9tranger sans connaissance \u00e9crite du fran\u00e7ais mais qui parle couramment et comprend bien la langue parl\u00e9e.\u00a0<\/span><br \/>\n<span style=\"font-family: verdana, geneva, sans-serif; color: #000080;\">Connaitre l&rsquo;alphabet latin. Ne pas savoir lire ou tr\u00e8s peu, tout m\u00e9langer, ne pas \u00e9crire ou tr\u00e8s mal. (Nous proposons un module d&rsquo;\u00e9tude sp\u00e9cial alphab\u00e9tisation pour apprendre \u00e0 former les lettres si besoin). <\/span><br \/>\n<span style=\"font-family: verdana, geneva, sans-serif; color: #000080;\"><span style=\"text-decoration: underline;\">Notre entretien est confidentiel<\/span>, n&rsquo;h\u00e9sitez pas \u00e0 nous consulter pour une formation appropri\u00e9e et trouver des financements le cas \u00e9ch\u00e9ant.<\/span><img loading=\"lazy\" decoding=\"async\" class=\"alignnone wp-image-14185 aligncenter\" src=\"https:\/\/www.leslanguessansstress.fr\/wp-content\/uploads\/2022\/10\/FRANCAIS-ludique-et-sans-stress-FLE-CPF-300x198.jpg\" alt=\"\" width=\"248\" height=\"164\" srcset=\"https:\/\/www.leslanguessansstress.fr\/wp-content\/uploads\/2022\/10\/FRANCAIS-ludique-et-sans-stress-FLE-CPF-300x198.jpg 300w, https:\/\/www.leslanguessansstress.fr\/wp-content\/uploads\/2022\/10\/FRANCAIS-ludique-et-sans-stress-FLE-CPF.jpg 700w\" sizes=\"auto, (max-width: 248px) 100vw, 248px\" \/><\/p>\n<h3 style=\"font-weight: 400;\"><span style=\"font-family: verdana, geneva, sans-serif; color: #0000ff; font-size: 32px;\">Apprendre \u00e0 mieux parler lire et \u00e9crire le fran\u00e7ais \u00a0<\/span><\/h3>\n<p><span style=\"font-family: verdana, geneva, sans-serif; color: #0000ff;\">OBJECTIFS<\/span><\/p>\n<p><span style=\"font-family: verdana, geneva, sans-serif; color: #000080;\">Se familiariser avec notre alphabet pour mieux prononcer et comprendre les mots du quotidien. \u00a0<\/span><br \/>\n<span style=\"font-family: verdana, geneva, sans-serif; color: #000080;\">Exprimer un besoin ou une pens\u00e9e et se faire comprendre de son interlocuteur<\/span><br \/>\n<span style=\"font-family: verdana, geneva, sans-serif; color: #000080;\">Reconnaitre des mots usuels et essentiels \u00e0 la communication de tous les jours selon le contexte de vie du stagiaire et ses besoins.<\/span><br \/>\n<span style=\"font-family: verdana, geneva, sans-serif; color: #000080;\">Pouvoir lire des phrases et mots rencontr\u00e9s au quotidien pour communiquer et mieux comprendre donc s&rsquo;int\u00e9grer dans son environnement lorsqu&rsquo;il est enti\u00e8rement francophone.\u00a0<\/span><br \/>\n<span style=\"font-family: verdana, geneva, sans-serif; color: #000080;\">Pouvoir \u00e9crire les formules, phrases et mots essentiels d\u00e9j\u00e0 connus. puis un petit message.<\/span><br \/>\n<span style=\"font-family: verdana, geneva, sans-serif; color: #000080;\">Prendre confiance en soi pour continuer \u00e0 apprendre pas-\u00e0-pas et pratiquer avec le plus de personnes possible.<\/span><br \/>\n<span style=\"font-family: verdana, geneva, sans-serif; color: #000080;\">Comprendre le sujet d&rsquo;une annonce, d&rsquo;un courrier, texte ou protocole \u00e9crit.<\/span><\/p>\n<p><span style=\"font-family: verdana, geneva, sans-serif; color: #000080;\">Participer ponctuellement, poser des questions et r\u00e9pondre \u00e0 des questions tr\u00e8s simples et courtes par email.<\/span><br \/>\n<span style=\"font-family: verdana, geneva, sans-serif; color: #000080;\">Connaitre les automatismes, les formules \u00e0 utiliser dans la phrase fran\u00e7aise, construire des phrases simples \u00e0 complexes.\u00a0<\/span><br \/>\n<span style=\"font-family: verdana, geneva, sans-serif; color: #000080;\">Utiliser un vocabulaire fondamental et appropri\u00e9 au contexte pour communiquer et interagir en fran\u00e7ais dans la plupart des situations rencontr\u00e9es au quotidien et pendant ses fonctions.<\/span><\/p>\n<p><img loading=\"lazy\" decoding=\"async\" class=\"alignnone size-medium wp-image-12243 aligncenter\" src=\"https:\/\/www.leslanguessansstress.fr\/wp-content\/uploads\/2021\/03\/Scenes-de-vie-pour-pratiquer-les-langues-sans-stress-CPF-300x211.png\" alt=\"\" width=\"300\" height=\"211\" srcset=\"https:\/\/www.leslanguessansstress.fr\/wp-content\/uploads\/2021\/03\/Scenes-de-vie-pour-pratiquer-les-langues-sans-stress-CPF-300x211.png 300w, https:\/\/www.leslanguessansstress.fr\/wp-content\/uploads\/2021\/03\/Scenes-de-vie-pour-pratiquer-les-langues-sans-stress-CPF.png 691w\" sizes=\"auto, (max-width: 300px) 100vw, 300px\" \/><\/p>\n<p><span style=\"font-family: verdana, geneva, sans-serif; color: #0000ff;\">CONTEXTE COURANT D&rsquo;ETUDE ET MISES EN PRATIQUE (lecture et \u00e9criture)\u00a0<\/span><\/p>\n<p><span style=\"font-family: verdana, geneva, sans-serif; color: #000080;\">Ma\u00eetriser l\u2019usage des structures fondamentales du fran\u00e7ais courant et professionnel \u00e9crit et parl\u00e9.<br \/>\nAcqu\u00e9rir le vocabulaire de base n\u00e9cessaire \u00e0 l\u2019activit\u00e9 professionnelle ou \u00e0 chercher et trouver un emploi.\u00a0<\/span><\/p>\n<p><span style=\"font-family: verdana, geneva, sans-serif; color: #000080;\">&#8211; Saluer, se pr\u00e9senter, pr\u00e9senter sa famille, pr\u00e9senter ses papiers\u00a0<\/span><br \/>\n<span style=\"font-family: verdana, geneva, sans-serif; color: #000080;\">&#8211; Demander son chemin et comprendre les indications,\u00a0<\/span><br \/>\n<span style=\"font-family: verdana, geneva, sans-serif; color: #000080;\">&#8211; Lire et comprendre une information, une orientation sur un panneau<\/span><br \/>\n<span style=\"font-family: verdana, geneva, sans-serif; color: #000080;\">&#8211; Se situer dans la maison et en ville puis sur l&rsquo;autoroute<\/span><br \/>\n<span style=\"font-family: verdana, geneva, sans-serif; color: #000080;\">&#8211; Prendre des transports en commun<\/span><br \/>\n<span style=\"font-family: verdana, geneva, sans-serif; color: #000080;\">&#8211; Faire des courses et des achats, comprendre les chiffres\u00a0<\/span><br \/>\n<span style=\"font-family: verdana, geneva, sans-serif; color: #000080;\">&#8211; Dialoguer avec une personne \u00e0 la caisse d&rsquo;un magasin\u00a0<\/span><br \/>\n<span style=\"font-family: verdana, geneva, sans-serif; color: #000080;\">&#8211; Choisir un v\u00eatement selon la taille, le textile et se faire aider par le\/la vendeur\/se\u00a0<\/span><br \/>\n<span style=\"font-family: verdana, geneva, sans-serif; color: #000080;\">&#8211; Emettre un doute, faire r\u00e9p\u00e9ter, demander la correction d&rsquo;un prix\u00a0<\/span><br \/>\n<span style=\"font-family: verdana, geneva, sans-serif; color: #000080;\">&#8211; Lire et commander une boisson \u00e0 la terrasse d&rsquo;un caf\u00e9 ou un menu au restaurant \u00a0<\/span><br \/>\n<span style=\"font-family: verdana, geneva, sans-serif; color: #000080;\">&#8211; Acquisition de comp\u00e9tences linguistiques sp\u00e9cifiques au monde professionnel.<br \/>\n&#8211; Mise en situation d\u2019interactions professionnelles courantes.<br \/>\n&#8211; D\u00e9veloppement de comp\u00e9tences et de savoir-\u00eatre professionnels.<br \/>\n&#8211; Facilitation de l\u2019insertion socioprofessionnelle et autonomisation de l\u2019apprenant. <\/span><\/p>\n<p><span style=\"font-family: verdana, geneva, sans-serif; color: #000080;\">&#8211; Adaptation du contexte aux besoins d\u00e9cel\u00e9s du candidat.\u00a0<\/span><\/p>\n<p><span style=\"font-family: verdana, geneva, sans-serif; color: #000080;\"><span style=\"color: #0000ff;\">ACHAT \u00c0 PR\u00c9VOIR <\/span>: Manuel papier pour l&rsquo;\u00e9tude progressive du fran\u00e7ais et un cahier pour l&rsquo;entrainement. *<\/span><\/p>\n<h3><img loading=\"lazy\" decoding=\"async\" class=\"alignnone size-medium wp-image-16305 aligncenter\" src=\"https:\/\/www.leslanguessansstress.fr\/wp-content\/uploads\/2023\/09\/Apprendre-sans-peur-celebrer-les-petites-victoires-et-grandir-toujours-avec-les-langues-sans-stress-300x200.jpg\" alt=\"\" width=\"300\" height=\"200\" srcset=\"https:\/\/www.leslanguessansstress.fr\/wp-content\/uploads\/2023\/09\/Apprendre-sans-peur-celebrer-les-petites-victoires-et-grandir-toujours-avec-les-langues-sans-stress-300x200.jpg 300w, https:\/\/www.leslanguessansstress.fr\/wp-content\/uploads\/2023\/09\/Apprendre-sans-peur-celebrer-les-petites-victoires-et-grandir-toujours-avec-les-langues-sans-stress-1024x683.jpg 1024w, https:\/\/www.leslanguessansstress.fr\/wp-content\/uploads\/2023\/09\/Apprendre-sans-peur-celebrer-les-petites-victoires-et-grandir-toujours-avec-les-langues-sans-stress-768x512.jpg 768w, https:\/\/www.leslanguessansstress.fr\/wp-content\/uploads\/2023\/09\/Apprendre-sans-peur-celebrer-les-petites-victoires-et-grandir-toujours-avec-les-langues-sans-stress-1536x1024.jpg 1536w, https:\/\/www.leslanguessansstress.fr\/wp-content\/uploads\/2023\/09\/Apprendre-sans-peur-celebrer-les-petites-victoires-et-grandir-toujours-avec-les-langues-sans-stress-2048x1365.jpg 2048w\" sizes=\"auto, (max-width: 300px) 100vw, 300px\" \/><\/h3>\n<h3 style=\"font-weight: 400;\"><span style=\"font-family: verdana, geneva, sans-serif; color: #0000ff; font-size: 24px;\">D\u00e9roul\u00e9 des cours de fran\u00e7ais pour am\u00e9liorer l&rsquo;\u00e9crit et le parler\u00a0<\/span><\/h3>\n<p><span style=\"font-family: verdana, geneva, sans-serif; color: #000080;\">Vous commencez l\u00e0 o\u00f9 les besoins se font sentir, d\u00e9tect\u00e9s apr\u00e8s un petit test et un entretien avec la formatrice pour situer votre niveau et vos objectifs imm\u00e9diats puis finaux (et ils peuvent \u00e9voluer en cours de programme).\u00a0<\/span><\/p>\n<p><span style=\"font-family: verdana, geneva, sans-serif; color: #000080;\"><span style=\"color: #0000ff;\"><strong>Phase 1<\/strong><\/span> &#8211; Nous commen\u00e7ons par utiliser des objets et des cartes pour :<\/span><br \/>\n<span style=\"font-family: verdana, geneva, sans-serif; color: #000080;\">Parler et s&rsquo;\u00e9couter prononcer des mots d\u00e9j\u00e0 connus du stagiaire\u00a0<\/span><br \/>\n<span style=\"font-family: verdana, geneva, sans-serif; color: #000080;\">Reproduire des sons, aid\u00e9s par des images et des lettres (cartes didactiques)<\/span><br \/>\n<span style=\"font-family: verdana, geneva, sans-serif; color: #000080;\">Accorder ensemble en triangle des sons, des images et des lettres pour aider leur m\u00e9morisation<\/span><br \/>\n<span style=\"font-family: verdana, geneva, sans-serif; color: #000080;\">Rechercher des mots correspondant aux sons simples entendus<\/span><br \/>\n<span style=\"font-family: verdana, geneva, sans-serif; color: #000080;\">Rechercher des mots ou phrases courtes avec deux ou plusieurs sons, selon la vitesse d&rsquo;apprentissage<\/span><br \/>\n<span style=\"font-family: verdana, geneva, sans-serif; color: #000080;\">Formuler des mots et phrases tr\u00e8s simples et tr\u00e8s courts avec les sons et les images et si possible les lettres \u00a0<\/span><br \/>\n<span style=\"font-family: verdana, geneva, sans-serif; color: #000080;\">\u00a0<\/span><br \/>\n<span style=\"font-family: verdana, geneva, sans-serif; color: #000080;\"><strong><span style=\"color: #0000ff;\">Phase 2<\/span><\/strong> &#8211; Nous commen\u00e7ons \u00e0 apprendre dans le manuel de fran\u00e7ais du quotidien :<\/span><br \/>\n<span style=\"font-family: verdana, geneva, sans-serif; color: #000080;\">Reconnaissance de lettres, syllabes simples, et mots pour s&rsquo;identifier selon les sons reconnus\u00a0<\/span><br \/>\n<span style=\"font-family: verdana, geneva, sans-serif; color: #000080;\">Reconnaissance des sons et des lettres puis des mots \u00e9crits lors de l&rsquo;entrainement lent et progressif \u00e0 la lecture\u00a0<\/span><br \/>\n<span style=\"font-family: verdana, geneva, sans-serif; color: #000080;\">Activit\u00e9s ludiques pour introduire progressivement des difficult\u00e9s d\u00e8s qu&rsquo;un th\u00e8me (le\u00e7on) est acquis.<\/span><br \/>\n<span style=\"font-family: verdana, geneva, sans-serif; color: #000080;\">La m\u00e9thode permet une r\u00e9vision en spirale pour faciliter la m\u00e9morisation et provoquer la lecture automatique\u00a0<\/span><br \/>\n<span style=\"font-family: verdana, geneva, sans-serif; color: #000080;\">LE BUT : prendre plaisir \u00e0 parler fran\u00e7ais et \u00e0 lire, quel que soit le niveau et les comp\u00e9tences pour s&rsquo;exprimer et comprendre !<\/span><br \/>\n<span style=\"font-family: verdana, geneva, sans-serif; color: #000080;\">\u00a0<\/span><br \/>\n<span style=\"font-family: verdana, geneva, sans-serif; color: #000080;\"><span style=\"color: #0000ff;\"><strong>Phase 3<\/strong><\/span> &#8211; pr\u00e9paration au test de niveau de ma\u00eetrise du fran\u00e7ais \u00a0<\/span><br \/>\n<span style=\"font-family: verdana, geneva, sans-serif; color: #000080;\">Valider la progression entre le d\u00e9but du parcours et le moment du test.<\/span><br \/>\n<span style=\"font-family: verdana, geneva, sans-serif; color: #000080;\">R\u00e9viser et renforcer les bases acquises et celles pas encore bien comprises.<\/span><br \/>\n<span style=\"font-family: verdana, geneva, sans-serif; color: #000080;\">Reconnaitre ses nouveaux besoins pour \u00e9largir ses connaissances en fran\u00e7ais \u00e9crit et parl\u00e9.<\/span><br \/>\n<span style=\"font-family: verdana, geneva, sans-serif; color: #000080;\">LE BUT : renforcer l&rsquo;estime de soi en reconnaissant ses comp\u00e9tences et l&rsquo;\u00e9norme effort d\u00e9ploy\u00e9 pour en arriver au niveau valid\u00e9, quel qu&rsquo;il soit.<\/span><\/p>\n<h2 style=\"font-weight: 400;\"><span style=\"font-family: verdana, geneva, sans-serif; color: #0000ff; font-size: 20px;\"><img loading=\"lazy\" decoding=\"async\" class=\"alignnone size-medium wp-image-12173 aligncenter\" src=\"https:\/\/www.leslanguessansstress.fr\/wp-content\/uploads\/2021\/03\/lotus_hypnose-relaxation-300x120.jpeg\" alt=\"\" width=\"300\" height=\"120\" srcset=\"https:\/\/www.leslanguessansstress.fr\/wp-content\/uploads\/2021\/03\/lotus_hypnose-relaxation-300x120.jpeg 300w, https:\/\/www.leslanguessansstress.fr\/wp-content\/uploads\/2021\/03\/lotus_hypnose-relaxation-768x308.jpeg 768w, https:\/\/www.leslanguessansstress.fr\/wp-content\/uploads\/2021\/03\/lotus_hypnose-relaxation.jpeg 1024w\" sizes=\"auto, (max-width: 300px) 100vw, 300px\" \/>Apprendre le fran\u00e7ais sous hypnose\u00a0<\/span><\/h2>\n<p><span style=\"font-family: verdana, geneva, sans-serif; color: #000080; font-size: 16px;\">L&rsquo;hypnose est un outil fantastique pour abaisser le niveau de stress pendant l&rsquo;\u00e9tude du fran\u00e7ais avec alphab\u00e9tisation et pour combattre l&rsquo;illettrisme en chassant les pr\u00e9jug\u00e9s et autres pens\u00e9es limitantes. Vous apprenez diff\u00e9remment, d&rsquo;abord en vous concentrant sur des th\u00e8mes nouveaux puis des capacit\u00e9s insoup\u00e7onn\u00e9es d&rsquo;apprentissage.<\/span><\/p>\n<p><span style=\"font-family: verdana, geneva, sans-serif; color: #0000ff;\">TARIF\/FINANCEMENT\u00a0<\/span><br \/>\n<span style=\"font-family: verdana, geneva, sans-serif; color: #000080;\">Le parcours est personnalis\u00e9 aux besoins du stagiaire ou du groupe. Nous acceptons tous les financements de l&rsquo;Etat et de l&rsquo;entreprise dont OPCO, CPF, VIVEA&#8230; \u00a0et des associations! information dans notre LIVRET D&rsquo;ACCUEIL.<\/span><\/p>\n<p style=\"text-align: center;\"><img loading=\"lazy\" decoding=\"async\" class=\"alignnone wp-image-15368\" src=\"https:\/\/www.leslanguessansstress.fr\/wp-content\/uploads\/2023\/05\/Cloe-287x300-1.png\" alt=\"\" width=\"135\" height=\"141\" \/> <img loading=\"lazy\" decoding=\"async\" class=\"alignnone wp-image-12141\" src=\"https:\/\/www.leslanguessansstress.fr\/wp-content\/uploads\/2021\/03\/Francais-perfectionner-ses-connaissances-et-preparer-le-Certificat-Le-Robert-avec-coaching-ludique-Les-langues-sans-stress.png-287x300.png\" alt=\"\" width=\"141\" height=\"147\" srcset=\"https:\/\/www.leslanguessansstress.fr\/wp-content\/uploads\/2021\/03\/Francais-perfectionner-ses-connaissances-et-preparer-le-Certificat-Le-Robert-avec-coaching-ludique-Les-langues-sans-stress.png-287x300.png 287w, https:\/\/www.leslanguessansstress.fr\/wp-content\/uploads\/2021\/03\/Francais-perfectionner-ses-connaissances-et-preparer-le-Certificat-Le-Robert-avec-coaching-ludique-Les-langues-sans-stress.png.png 304w\" sizes=\"auto, (max-width: 141px) 100vw, 141px\" \/><\/p>\n<p><span style=\"font-family: verdana, geneva, sans-serif; color: #000080;\"><span style=\"font-family: verdana, geneva, sans-serif; color: #0000ff;\">VALIDATION DU PROGRAMME\u00a0<\/span><br \/>\nLa certification mesure le niveau de ma\u00eetrise de l\u2019orthographe grammaticale grammaticale et lexicale des fautes couramment commises en milieu courant et professionnel. <\/span><br \/>\n<span style=\"font-family: verdana, geneva, sans-serif; color: #000080;\">Le Robert est propos\u00e9 aux personnes dont le fran\u00e7ais est la langue maternelle et aux \u00e9trangers qui la maitrise au moins au niveau A2\/B1 et plus. <\/span><br \/>\n<span style=\"font-family: verdana, geneva, sans-serif; color: #000080;\">Le test CLO\u00c9 certifie les connaissances en fran\u00e7ais langue \u00e9trang\u00e8re. <\/span><\/p>\n<p><img loading=\"lazy\" decoding=\"async\" class=\"alignnone size-medium wp-image-14157 aligncenter\" src=\"https:\/\/www.leslanguessansstress.fr\/wp-content\/uploads\/2022\/10\/Mon-compte-formation-CPF-les-langues-sans-stress-300x159.jpg\" alt=\"\" width=\"300\" height=\"159\" srcset=\"https:\/\/www.leslanguessansstress.fr\/wp-content\/uploads\/2022\/10\/Mon-compte-formation-CPF-les-langues-sans-stress-300x159.jpg 300w, https:\/\/www.leslanguessansstress.fr\/wp-content\/uploads\/2022\/10\/Mon-compte-formation-CPF-les-langues-sans-stress.jpg 646w\" sizes=\"auto, (max-width: 300px) 100vw, 300px\" \/><span style=\"font-family: verdana, geneva, sans-serif; color: #0000ff; font-size: 20px;\"><br \/>\nIV &#8211; Activez votre budget CPF pour am\u00e9liorer le fran\u00e7ais \u00e9crit et enrichir votre expression, FLE ou FLM<\/span><\/p>\n<p><span style=\"font-family: verdana, geneva, sans-serif; color: #000080;\">La majorit\u00e9 de nos parcours sont \u00e9ligibles au financement CPF, veuillez nous contacter pour recevoir un programme personnalis\u00e9 \u00e0 vos besoins afin d&rsquo;atteindre vos objectifs en 3, 6 \u00e0 9 mois.\u00a0<\/span><br \/>\n<span style=\"font-family: verdana, geneva, sans-serif; color: #000080;\">Nous vous pr\u00e9parons au fur et \u00e0 mesure de l&rsquo;assimilation des nouveaux concepts \u00e0 la partie \u00e9crite puis \u00e0 la partie orale du test \u00ab\u00a0CLO\u00c9\u00a0\u00bb pour les \u00e9trangers, et au test Le Robert pour les Fran\u00e7ais ou \u00e9trangers ayant atteint le niveau A2\/B1 pendant les cours.\u00a0<\/span><\/p>\n<p><span style=\"font-family: verdana, geneva, sans-serif; color: #000080;\"><img loading=\"lazy\" decoding=\"async\" class=\" wp-image-9171 alignleft\" src=\"https:\/\/www.leslanguessansstress.fr\/wp-content\/uploads\/2020\/05\/clic-DROIT-\u00c0-LA-DIFF\u00c9RENCE-300x120.png\" alt=\"\" width=\"235\" height=\"94\" srcset=\"https:\/\/www.leslanguessansstress.fr\/wp-content\/uploads\/2020\/05\/clic-DROIT-\u00c0-LA-DIFF\u00c9RENCE-300x120.png 300w, https:\/\/www.leslanguessansstress.fr\/wp-content\/uploads\/2020\/05\/clic-DROIT-\u00c0-LA-DIFF\u00c9RENCE.png 389w\" sizes=\"auto, (max-width: 235px) 100vw, 235px\" \/><\/span><\/p>\n<p><span style=\"font-family: verdana, geneva, sans-serif; color: #000080;\"><strong>Vous \u00eates incroyable<\/strong>, nous aussi! <img loading=\"lazy\" decoding=\"async\" class=\"alignnone wp-image-14125\" src=\"https:\/\/www.leslanguessansstress.fr\/wp-content\/uploads\/2022\/10\/programme-adapte-a-5-langues-sans-stress-CPF-300x35.jpg\" alt=\"\" width=\"232\" height=\"27\" srcset=\"https:\/\/www.leslanguessansstress.fr\/wp-content\/uploads\/2022\/10\/programme-adapte-a-5-langues-sans-stress-CPF-300x35.jpg 300w, https:\/\/www.leslanguessansstress.fr\/wp-content\/uploads\/2022\/10\/programme-adapte-a-5-langues-sans-stress-CPF.jpg 702w\" sizes=\"auto, (max-width: 232px) 100vw, 232px\" \/><\/span><\/p>\n<p><span style=\"font-family: verdana, geneva, sans-serif; color: #000080;\">Dans le cadre de la lutte contre l&rsquo;illettrisme, nous proposons aussi des cours en langues \u00e9trang\u00e8res avec un module sp\u00e9cialement pens\u00e9 pour les personnes qui rencontrent de r\u00e9els probl\u00e8mes de lecture voire m\u00eame de d\u00e9chiffrage. Renseignez-vous avant de d\u00e9clencher le financement CPF pour l&rsquo;adaptation du parcours et le choix du test de certification de vos comp\u00e9tences dans la langue de votre choix.<\/span><\/p>\n<p style=\"text-align: center;\"><img loading=\"lazy\" decoding=\"async\" class=\"alignnone wp-image-16444\" src=\"https:\/\/www.leslanguessansstress.fr\/wp-content\/uploads\/2024\/08\/20240828-charte-de-deontologie-Qualiopi--300x271.jpg\" alt=\"\" width=\"201\" height=\"182\" srcset=\"https:\/\/www.leslanguessansstress.fr\/wp-content\/uploads\/2024\/08\/20240828-charte-de-deontologie-Qualiopi--300x271.jpg 300w, https:\/\/www.leslanguessansstress.fr\/wp-content\/uploads\/2024\/08\/20240828-charte-de-deontologie-Qualiopi-.jpg 370w\" sizes=\"auto, (max-width: 201px) 100vw, 201px\" \/><\/p>\n<p><span style=\"font-family: verdana, geneva, sans-serif; color: #000080;\">* frais non inclus dans la prestation standard.<\/span><br \/>\n<span style=\"font-family: verdana, geneva, sans-serif; color: #000080;\">Notre \u00e9tablissement peut faire l&rsquo;achat pour le stagiaire et inclure les frais dans ceux de la prestation. Nous signaler ce choix en amont de la personnalisation du parcours.<\/span><\/p>\n","protected":false},"excerpt":{"rendered":"<p>Adulte fran\u00e7ais ayant rencontr\u00e9 des difficult\u00e9s \u00e0 apprendre \u00e0 lire et \u00e0 \u00e9crire : passez<\/p>\n","protected":false},"author":1,"featured_media":15672,"comment_status":"closed","ping_status":"open","sticky":false,"template":"","format":"standard","meta":{"footnotes":""},"categories":[80,546,227,371],"tags":[441,807,166,733,167,515,460],"class_list":["post-15296","post","type-post","status-publish","format-standard","has-post-thumbnail","hentry","category-actualites","category-adultes","category-francais-fle","category-programme","tag-alphabetisation","tag-atelier-jeux-et-humour","tag-fle","tag-flm","tag-francais","tag-illettrisme","tag-programme"],"_links":{"self":[{"href":"https:\/\/www.leslanguessansstress.fr\/index.php\/wp-json\/wp\/v2\/posts\/15296","targetHints":{"allow":["GET"]}}],"collection":[{"href":"https:\/\/www.leslanguessansstress.fr\/index.php\/wp-json\/wp\/v2\/posts"}],"about":[{"href":"https:\/\/www.leslanguessansstress.fr\/index.php\/wp-json\/wp\/v2\/types\/post"}],"author":[{"embeddable":true,"href":"https:\/\/www.leslanguessansstress.fr\/index.php\/wp-json\/wp\/v2\/users\/1"}],"replies":[{"embeddable":true,"href":"https:\/\/www.leslanguessansstress.fr\/index.php\/wp-json\/wp\/v2\/comments?post=15296"}],"version-history":[{"count":8,"href":"https:\/\/www.leslanguessansstress.fr\/index.php\/wp-json\/wp\/v2\/posts\/15296\/revisions"}],"predecessor-version":[{"id":19053,"href":"https:\/\/www.leslanguessansstress.fr\/index.php\/wp-json\/wp\/v2\/posts\/15296\/revisions\/19053"}],"wp:featuredmedia":[{"embeddable":true,"href":"https:\/\/www.leslanguessansstress.fr\/index.php\/wp-json\/wp\/v2\/media\/15672"}],"wp:attachment":[{"href":"https:\/\/www.leslanguessansstress.fr\/index.php\/wp-json\/wp\/v2\/media?parent=15296"}],"wp:term":[{"taxonomy":"category","embeddable":true,"href":"https:\/\/www.leslanguessansstress.fr\/index.php\/wp-json\/wp\/v2\/categories?post=15296"},{"taxonomy":"post_tag","embeddable":true,"href":"https:\/\/www.leslanguessansstress.fr\/index.php\/wp-json\/wp\/v2\/tags?post=15296"}],"curies":[{"name":"wp","href":"https:\/\/api.w.org\/{rel}","templated":true}]}}