{"id":15150,"date":"2026-02-15T08:00:09","date_gmt":"2026-02-15T07:00:09","guid":{"rendered":"https:\/\/www.leslanguessansstress.fr\/?p=15150"},"modified":"2026-02-15T13:53:39","modified_gmt":"2026-02-15T12:53:39","slug":"anglais-de-lentreprise","status":"publish","type":"post","link":"https:\/\/www.leslanguessansstress.fr\/index.php\/2026\/02\/15\/anglais-de-lentreprise\/","title":{"rendered":"Anglais am\u00e9ricain professionnel B1\/B2 (programme)"},"content":{"rendered":"<div id=\"col-1071875808\" class=\"col medium-12 small-12 large-7\">\n<div class=\"col-inner text-center\">\n<div id=\"text-1205262253\" class=\"text\">\n<div class=\"rte small-text\">\n<p style=\"font-weight: 400;\"><span style=\"font-family: verdana, geneva, sans-serif; color: #000080; font-size: 14px;\">Texte lu de pr\u00e9f\u00e9rence depuis un ordinateur<\/span><\/p>\n<p><span style=\"font-family: verdana, geneva, sans-serif; color: #000080; font-size: 14px;\"><img loading=\"lazy\" decoding=\"async\" class=\"alignnone wp-image-14383 aligncenter\" src=\"https:\/\/www.leslanguessansstress.fr\/wp-content\/uploads\/2022\/10\/QUALIOPI-action-de-formation-renouvele\u0301-20221009-Les-langues-sans-stress--300x193.jpg\" alt=\"\" width=\"194\" height=\"125\" srcset=\"https:\/\/www.leslanguessansstress.fr\/wp-content\/uploads\/2022\/10\/QUALIOPI-action-de-formation-renouvele\u0301-20221009-Les-langues-sans-stress--300x193.jpg 300w, https:\/\/www.leslanguessansstress.fr\/wp-content\/uploads\/2022\/10\/QUALIOPI-action-de-formation-renouvele\u0301-20221009-Les-langues-sans-stress--1024x660.jpg 1024w, https:\/\/www.leslanguessansstress.fr\/wp-content\/uploads\/2022\/10\/QUALIOPI-action-de-formation-renouvele\u0301-20221009-Les-langues-sans-stress--768x495.jpg 768w, https:\/\/www.leslanguessansstress.fr\/wp-content\/uploads\/2022\/10\/QUALIOPI-action-de-formation-renouvele\u0301-20221009-Les-langues-sans-stress-.jpg 1504w\" sizes=\"auto, (max-width: 194px) 100vw, 194px\" \/><\/span><\/p>\n<h1 style=\"font-weight: 400;\"><span style=\"font-family: verdana, geneva, sans-serif; color: #3366ff; font-size: 24px;\">Anglais de l&rsquo;entreprise &#8211; enrichissement des expressions<\/span><\/h1>\n<h4 style=\"font-weight: 400;\"><span style=\"color: #000080; font-family: verdana, geneva, sans-serif; font-size: 14px;\">Objectif<\/span><\/h4>\n<p><span style=\"font-family: verdana, geneva, sans-serif; color: #000080; font-size: 14px;\">Cette formation est con\u00e7ue pour d\u00e9velopper vos comp\u00e9tences linguistiques \u00e0 l\u2019oral et \u00e0 l\u2019\u00e9crit, et notamment : <\/span><br \/>\n<span style=\"font-family: verdana, geneva, sans-serif; color: #000080; font-size: 14px;\">&#8211; Identifier et utiliser un vocabulaire adapt\u00e9 au contexte. <\/span><br \/>\n<span style=\"font-family: verdana, geneva, sans-serif; color: #000080; font-size: 14px;\">&#8211; Utiliser les principales structures grammaticales n\u00e9cessaires pour construire des phrases coh\u00e9rentes et de complexit\u00e9 vari\u00e9e. <\/span><br \/>\n<span style=\"font-family: verdana, geneva, sans-serif; color: #000080; font-size: 14px;\">&#8211; Comprendre un court texte et en d\u00e9gager le sens global et des d\u00e9tails sp\u00e9cifiques. <\/span><br \/>\n<span style=\"font-family: verdana, geneva, sans-serif; color: #000080; font-size: 14px;\">&#8211; Comprendre un \u00e9nonc\u00e9, des instructions ou les questions d\u2019un interlocuteur <\/span><br \/>\n<span style=\"font-family: verdana, geneva, sans-serif; color: #000080; font-size: 14px;\">&#8211; Communiquer en situation socioprofessionnelle, professionnelle ou sp\u00e9cifique \u00e0 son activit\u00e9 en employant les expressions adapt\u00e9es <\/span><br \/>\n<span style=\"font-family: verdana, geneva, sans-serif; color: #000080; font-size: 14px;\">&#8211; Tenir une discussion sur un sujet professionnel <\/span><br \/>\n<span style=\"font-family: verdana, geneva, sans-serif; color: #000080; font-size: 14px;\">&#8211; Communiquer de fa\u00e7on naturelle et d\u00e9velopper l\u2019interaction orale. <\/span><br \/>\n<span style=\"font-family: verdana, geneva, sans-serif; color: #000080; font-size: 14px;\">&#8211; Se faire comprendre avec une prononciation claire. &#8211; G\u00e9rer son stress face \u00e0 l&rsquo;interlocuteur. <\/span><br \/>\n<span style=\"font-family: verdana, geneva, sans-serif; color: #000080; font-size: 14px;\">&#8211; D\u00e9velopper sa capacit\u00e9 \u00e0 communiquer avec confiance. <\/span><\/p>\n<p><span style=\"font-family: verdana, geneva, sans-serif; color: #000080; font-size: 14px;\">Entre 30 et 50 heures de cours selon le nombre d&rsquo;inscrits (1-8) et votre niveau d&rsquo;entr\u00e9e, vos objectifs personnels et de r\u00e9ussite au test de certification en anglais courant et professionnel. == == == == == == == == == == == == == Entre 30 et 50 heures de cours selon le nombre d&rsquo;inscrits (1-8) et votre niveau d&rsquo;entr\u00e9e, vos objectifs personnels et de r\u00e9ussite au test de certification en anglais courant et professionnel.<\/span><\/p>\n<h3><span style=\"color: #000080; font-family: verdana, geneva, sans-serif; font-size: 14px;\"> Les points forts<\/span><\/h3>\n<p><span style=\"color: #000080; font-family: verdana, geneva, sans-serif; font-size: 14px;\">Anglais am\u00e9ricain ax\u00e9 communication courante et pendant ses fonctions en entreprise. Formatrice tr\u00e8s patiente et inventive, hypnoth\u00e9rapeute pour g\u00e9rer le stress de la prise de parole en public et avant test ou entreitren professionnel.\u00a0<\/span><\/p>\n<h3><span style=\"color: #000080; font-family: verdana, geneva, sans-serif; font-size: 14px;\">Contenu du programme d&rsquo;anglais am\u00e9ricain de l&rsquo;entreprise<\/span><\/h3>\n<p><span style=\"color: #000080; font-family: verdana, geneva, sans-serif; font-size: 14px;\">D\u00e9finition des axes d&rsquo;am\u00e9lioration et choix entre suivre tout le programme ou seulement des th\u00e8mes \u00e0 renforcer. <\/span><\/p>\n<p><span style=\"color: #000080; font-family: verdana, geneva, sans-serif; font-size: 14px;\">Le\u00e7on 1 : Vocabulaire essentiel de l&#8217;emploi <\/span><\/p>\n<p><span style=\"color: #000080; font-family: verdana, geneva, sans-serif; font-size: 14px;\">Le\u00e7on 2 : L&rsquo;anglais de l&rsquo;entretien <\/span><\/p>\n<p><span style=\"color: #000080; font-family: verdana, geneva, sans-serif; font-size: 14px;\">Le\u00e7on 3 : Au bureau <\/span><\/p>\n<p><span style=\"color: #000080; font-family: verdana, geneva, sans-serif; font-size: 14px;\">Le\u00e7on 4 : Structure de l&rsquo;entreprise, carri\u00e8res et r\u00e9mun\u00e9rations <\/span><\/p>\n<p><span style=\"color: #000080; font-family: verdana, geneva, sans-serif; font-size: 14px;\">Le\u00e7on 5 : L&rsquo;anglais du t\u00e9l\u00e9phone &#8211; Partie 1 <\/span><\/p>\n<p><span style=\"color: #000080; font-family: verdana, geneva, sans-serif; font-size: 14px;\">Le\u00e7on 6 : L&rsquo;anglais au t\u00e9l\u00e9phone &#8211; 2\u00e8me partie <\/span><\/p>\n<p><span style=\"color: #000080; font-family: verdana, geneva, sans-serif; font-size: 14px;\">Le\u00e7on 7 : Pr\u00e9sentations <\/span><\/p>\n<p><span style=\"color: #000080; font-family: verdana, geneva, sans-serif; font-size: 14px;\">Le\u00e7on 8 : Chiffres et tendances <\/span><\/p>\n<p><span style=\"color: #000080; font-family: verdana, geneva, sans-serif; font-size: 14px;\">Le\u00e7on 9 : Les expressions idiomatiques du monde des affaires &#8211; Partie 1 <\/span><\/p>\n<p><span style=\"color: #000080; font-family: verdana, geneva, sans-serif; font-size: 14px;\">Le\u00e7on 10 : Test de progression 1 <\/span><\/p>\n<p><span style=\"color: #000080; font-family: verdana, geneva, sans-serif; font-size: 14px;\">Le\u00e7on 11 : Lettres et courriels &#8211; Partie 1 <\/span><\/p>\n<p><span style=\"color: #000080; font-family: verdana, geneva, sans-serif; font-size: 14px;\">Le\u00e7on 12 : Lettres et courriels &#8211; Partie 2 <\/span><\/p>\n<p><span style=\"color: #000080; font-family: verdana, geneva, sans-serif; font-size: 14px;\">Le\u00e7on 13 : R\u00e9unions <\/span><\/p>\n<p><span style=\"color: #000080; font-family: verdana, geneva, sans-serif; font-size: 14px;\">Le\u00e7on 14 : D\u00e9veloppement de projets et gestion du temps <\/span><\/p>\n<p><span style=\"color: #000080; font-family: verdana, geneva, sans-serif; font-size: 14px;\">Le\u00e7on 15 : Le r\u00e9seautage et les petites conversations <\/span><\/p>\n<p><span style=\"color: #000080; font-family: verdana, geneva, sans-serif; font-size: 14px;\">Le\u00e7on 16 : Les marqueurs de discours &#8211; Partie 1 <\/span><\/p>\n<p><span style=\"color: #000080; font-family: verdana, geneva, sans-serif; font-size: 14px;\">Le\u00e7on 17 et 18 : Les marqueurs de discours &#8211; 2\u00e8me partie <\/span><\/p>\n<p><span style=\"color: #000080; font-family: verdana, geneva, sans-serif; font-size: 14px;\">Le\u00e7on 19 : Les expressions idiomatiques du monde des affaires &#8211; 2\u00e8me partie <\/span><\/p>\n<p><span style=\"color: #000080; font-family: verdana, geneva, sans-serif; font-size: 14px;\">Le\u00e7on 20 : Test de progr\u00e8s 2 <\/span><\/p>\n<p><span style=\"color: #000080; font-family: verdana, geneva, sans-serif; font-size: 14px;\">Le\u00e7on 21 BILAN ET TOUR DE TABLE des difficult\u00e9s rencontr\u00e9es\u00a0<\/span><\/p>\n<p><span style=\"color: #000080; font-family: verdana, geneva, sans-serif; font-size: 14px;\">Le\u00e7on 22 : Finances <\/span><\/p>\n<p><span style=\"color: #000080; font-family: verdana, geneva, sans-serif; font-size: 14px;\">Le\u00e7on 23 : Strat\u00e9gie, concurrence et analyse <\/span><\/p>\n<p><span style=\"color: #000080; font-family: verdana, geneva, sans-serif; font-size: 14px;\">Le\u00e7on 24 : Marketing et publicit\u00e9 <\/span><\/p>\n<p><span style=\"color: #000080; font-family: verdana, geneva, sans-serif; font-size: 14px;\">Le\u00e7on 25 : Fabrication et exp\u00e9dition <\/span><\/p>\n<p><span style=\"color: #000080; font-family: verdana, geneva, sans-serif; font-size: 14px;\">Le\u00e7on 26 : La fixation des prix et la vente au d\u00e9tail <\/span><\/p>\n<p><span style=\"color: #000080; font-family: verdana, geneva, sans-serif; font-size: 14px;\">Le\u00e7on 27 : Vente et service \u00e0 la client\u00e8le <\/span><\/p>\n<p><span style=\"color: #000080; font-family: verdana, geneva, sans-serif; font-size: 14px;\">Le\u00e7on 28 : S\u00e9curit\u00e9 et assurance <\/span><\/p>\n<p><span style=\"color: #000080; font-family: verdana, geneva, sans-serif; font-size: 14px;\">L<\/span><span style=\"color: #000080; font-family: verdana, geneva, sans-serif; font-size: 14px;\">e\u00e7on 29 : Les expressions idiomatiques du monde des affaires &#8211; Partie 3 <\/span><\/p>\n<p><span style=\"color: #000080; font-family: verdana, geneva, sans-serif; font-size: 14px;\">Le\u00e7on 30 : Test de progr\u00e8s 3 <\/span><\/p>\n<p><span style=\"color: #000080; font-family: verdana, geneva, sans-serif; font-size: 14px;\">Le\u00e7on 31 : Ordinateurs et informatique <\/span><\/p>\n<p><span style=\"color: #000080; font-family: verdana, geneva, sans-serif; font-size: 14px;\">Le\u00e7on 32 : Anglais m\u00e9dical et dentaire <\/span><\/p>\n<p><span style=\"color: #000080; font-family: verdana, geneva, sans-serif; font-size: 14px;\">Le\u00e7on 33 : La science <\/span><\/p>\n<p><span style=\"color: #000080; font-family: verdana, geneva, sans-serif; font-size: 14px;\">L<\/span><span style=\"color: #000080; font-family: verdana, geneva, sans-serif; font-size: 14px;\">e\u00e7on 34 : Art, mode et design <\/span><\/p>\n<p><span style=\"color: #000080; font-family: verdana, geneva, sans-serif; font-size: 14px;\">Le\u00e7on 35 : Questions juridiques <\/span><\/p>\n<p><span style=\"color: #000080; font-family: verdana, geneva, sans-serif; font-size: 14px;\">Le\u00e7on 36 : Questions environnementales <\/span><\/p>\n<p><span style=\"color: #000080; font-family: verdana, geneva, sans-serif; font-size: 14px;\">Le\u00e7on 37 : Les organisations \u00e0 but non lucratif <\/span><\/p>\n<p><span style=\"color: #000080; font-family: verdana, geneva, sans-serif; font-size: 14px;\">Le\u00e7on 38 : L&rsquo;esprit d&rsquo;entreprise et les acquisitions <\/span><\/p>\n<p><span style=\"color: #000080; font-family: verdana, geneva, sans-serif; font-size: 14px;\">Le\u00e7on 39 : Expressions idiomatiques des affaires &#8211; Partie 4 <\/span><\/p>\n<p><span style=\"color: #000080; font-family: verdana, geneva, sans-serif; font-size: 14px;\">Le\u00e7on 40 : Test de progression 4 <\/span><\/p>\n<p><span style=\"color: #000080; font-family: verdana, geneva, sans-serif; font-size: 14px;\">Le\u00e7ons 41 \u00e0 45 : renforcement syntaxe et grammaire selon besoins d\u00e9cel\u00e9s vers la certification des comp\u00e9tences acquises.<\/span><\/p>\n<h3><span style=\"color: #000080; font-family: verdana, geneva, sans-serif; font-size: 14px;\">R\u00e9sultats attendus<\/span><\/h3>\n<p><span style=\"color: #000080; font-family: verdana, geneva, sans-serif; font-size: 14px;\">Attester de son niveau de ma\u00eetrise en anglais courant et professionnel au niveau seuil et interm\u00e9diaire. <\/span><\/p>\n<p><span style=\"color: #000080; font-family: verdana, geneva, sans-serif; font-size: 14px;\">Prendre confiance en ses comp\u00e9tences en anglais parl\u00e9 pour les rencontres professionnelles et voyages. <\/span><\/p>\n<p><span style=\"color: #000080; font-family: verdana, geneva, sans-serif; font-size: 14px;\">Mieux communiquer au sein d&rsquo;une entreprise avec des relations am\u00e9ricaines.<\/span><\/p>\n<h3><span style=\"font-family: verdana, geneva, sans-serif; color: #000080; font-size: 14px;\">Public et pr\u00e9requis<\/span><\/h3>\n<p><span style=\"font-family: verdana, geneva, sans-serif; font-size: 14px;\"><span style=\"color: #000080;\">Toute personne pouvant d\u00e9j\u00e0 s&rsquo;exprimer au niveau seuil- pr\u00e9interm\u00e9diaire A2+\/B1\/B2 en anglais courant avec l&rsquo;objectif d&rsquo;atteindre le niveau <\/span><span style=\"color: #000080;\">B1\/B2 ou plus en anglais professionnel \u00e9crit et oral. P<\/span><\/span><\/p>\n<p><strong><span style=\"font-family: verdana, geneva, sans-serif; font-size: 14px;\"><span style=\"color: #000080;\">Adaptation du niveau\u00a0<\/span><\/span><\/strong><\/p>\n<p><span style=\"color: #000080; font-family: verdana, geneva, sans-serif; font-size: 14px;\">Programme adaptable au niveau et besoins du candidat qui a d\u00e9j\u00e0 des bases et sait s&rsquo;exprimer au niveau A2\/B1 ou plus.<\/span><\/p>\n<p><span style=\"color: #000080; font-family: verdana, geneva, sans-serif; font-size: 14px;\">S<\/span><span style=\"color: #000080; font-family: verdana, geneva, sans-serif; font-size: 14px;\">elon votre budget personnel ou votre disponibilit\u00e9, vous pouvez allonger ou r\u00e9tr\u00e9cir la dur\u00e9e d&rsquo;\u00e9tude et la fr\u00e9quentation des ateliers mixtes et les interventions de la formatrice en entretiens individuels.<\/span><\/p>\n<h3><\/h3>\n<p><span style=\"color: #000080; font-family: verdana, geneva, sans-serif; font-size: 14px;\"><img loading=\"lazy\" decoding=\"async\" class=\"alignnone wp-image-15311 aligncenter\" src=\"https:\/\/www.leslanguessansstress.fr\/wp-content\/uploads\/2023\/08\/France-Competences-300x86.jpg\" alt=\"\" width=\"471\" height=\"135\" srcset=\"https:\/\/www.leslanguessansstress.fr\/wp-content\/uploads\/2023\/08\/France-Competences-300x86.jpg 300w, https:\/\/www.leslanguessansstress.fr\/wp-content\/uploads\/2023\/08\/France-Competences.jpg 708w\" sizes=\"auto, (max-width: 471px) 100vw, 471px\" \/><\/span><\/p>\n<h3><span style=\"color: #000080; font-family: verdana, geneva, sans-serif; font-size: 14px;\">MODALIT\u00c9S<\/span><\/h3>\n<div class=\"mcf-title-and-illustration-wrapper\">\n<div class=\"mcf-card-title-wrapper\">\n<p class=\"mcf-card-title-subwrapper\"><span style=\"color: #000080; font-family: verdana, geneva, sans-serif; font-size: 14px;\"><strong>Langue<\/strong> : Anglais. <\/span><br \/>\n<span style=\"font-family: verdana, geneva, sans-serif; font-size: 14px; color: #000080;\">Lorsque le niveau d&rsquo;entr\u00e9e le permet, ce cours peut se d\u00e9rouler enti\u00e8rement en langue anglaise, hypnose immersive en anglais comprise.<br \/>\n<\/span><span style=\"font-family: verdana, geneva, sans-serif; font-size: 14px; color: #000080;\"><strong>Pr\u00e9requis<\/strong> : Avoir valid\u00e9 les bases niveau B1 en anglais avec la volont\u00e9 d&rsquo;enrichir son vocabulaire professionnel et approfondir la grammaire.<br \/>\n<\/span><span style=\"font-family: verdana, geneva, sans-serif; font-size: 14px; color: #000080;\"><strong>Handicap<\/strong> : Veuillez contacter la r\u00e9f\u00e9rente pour discuter d&rsquo;un possible am\u00e9nagement des cours.<br \/>\n<\/span><strong style=\"font-family: verdana, geneva, sans-serif; font-size: 14px; color: #000080;\">Dur\u00e9e<\/strong><span style=\"font-family: verdana, geneva, sans-serif; font-size: 14px; color: #000080;\"> : 3-6 mois d\u2019affil\u00e9e<br \/>\n<\/span><strong style=\"font-family: verdana, geneva, sans-serif; font-size: 14px; color: #000080;\">Effort<\/strong><span style=\"font-family: verdana, geneva, sans-serif; font-size: 14px; color: #000080;\"> : 50 heures (plus ou moins selon niveau d\u00e9cel\u00e9 et objectifs de communication du stagiaire)<br \/>\n<\/span><strong style=\"font-family: verdana, geneva, sans-serif; font-size: 14px; color: #000080;\">Rythme<\/strong><span style=\"font-family: verdana, geneva, sans-serif; font-size: 14px; color: #000080;\"> : ~3 \u00e0 5 heures\/semaine<br \/>\n<\/span><strong style=\"font-family: verdana, geneva, sans-serif; font-size: 14px; color: #000080;\">Entretiens<\/strong><span style=\"font-family: verdana, geneva, sans-serif; font-size: 14px; color: #000080;\"> : 30 avec formatrice<br \/>\n<\/span><strong style=\"font-family: verdana, geneva, sans-serif; font-size: 14px; color: #000080;\">Flexibilit\u00e9 du calendrier<\/strong><span style=\"font-family: verdana, geneva, sans-serif; font-size: 14px; color: #000080;\"> : les entretiens sont \u00e0 poser ensemble selon votre disponibilit\u00e9 en amont de la formation.<br \/>\n<\/span><strong style=\"font-family: verdana, geneva, sans-serif; font-size: 14px; color: #000080;\">Cours sur-mesure<\/strong><span style=\"font-family: verdana, geneva, sans-serif; font-size: 14px; color: #000080;\"> : Tous les parcours sont personnalisables aux besoins d\u00e9tect\u00e9s et au profil de l&rsquo;apprenant (niveau, dates\/horaires, ressources et fr\u00e9quence de l&rsquo;accompagnement\/adaptation tarif.<br \/>\n<\/span><span style=\"font-family: verdana, geneva, sans-serif; font-size: 14px; color: #000080;\">Le tarif peut varier pour \u00eatre adapt\u00e9 aux nouveaux param\u00e8tres en augmentant ou r\u00e9duisant le nombre des entretiens pr\u00e9sentiels et la dur\u00e9e de la formation (proposition\/devis).<br \/>\n<\/span><span style=\"color: #0000ff;\"><strong style=\"font-family: verdana, geneva, sans-serif; font-size: 14px;\"><a style=\"color: #0000ff;\" href=\"https:\/\/www.leslanguessansstress.fr\/index.php\/prix-financement\/\" target=\"_blank\" rel=\"noopener\">Tarif et\u00a0<\/a><\/strong><\/span><span style=\"color: #0000ff; font-family: verdana, geneva, sans-serif;\"><span style=\"caret-color: #0000ee; font-size: 14px;\"><b><u>financement<\/u><\/b><\/span><\/span><span style=\"color: #000080; font-family: verdana, geneva, sans-serif;\"><span style=\"font-size: 14px;\">\u00a0: 3460\u20ac\/<\/span><\/span><span style=\"font-family: verdana, geneva, sans-serif; font-size: 14px; color: #000080;\"><a href=\"https:\/\/www.moncompteformation.gouv.fr\/espace-prive\/html\/#\/formation\/recherche\/81794041400029_GBSH40\/81794041400029_GBSH40?contexteFormation=ACTIVITE_PROFESSIONNELLE\" target=\"_blank\" rel=\"noopener\">50 heures &#8211; Validit\u00e9 de l&rsquo;offre MCF : CLO\u00c9 15-11-2026 R\u00c9F\u00c9RENCE MCF<\/a> \u00a0<\/span><span style=\"font-family: verdana, geneva, sans-serif; font-size: 14px; color: #000080;\"><br \/>\n<\/span><\/p>\n<\/div>\n<\/div>\n<p><span style=\"font-size: 14px; font-family: verdana, geneva, sans-serif; color: #000080;\"><img loading=\"lazy\" decoding=\"async\" class=\"alignnone size-medium wp-image-16991 aligncenter\" src=\"https:\/\/www.leslanguessansstress.fr\/wp-content\/uploads\/2024\/11\/CPF-Mon-Compte-Formation--300x300.png\" alt=\"\" width=\"300\" height=\"300\" srcset=\"https:\/\/www.leslanguessansstress.fr\/wp-content\/uploads\/2024\/11\/CPF-Mon-Compte-Formation--300x300.png 300w, https:\/\/www.leslanguessansstress.fr\/wp-content\/uploads\/2024\/11\/CPF-Mon-Compte-Formation--150x150.png 150w, https:\/\/www.leslanguessansstress.fr\/wp-content\/uploads\/2024\/11\/CPF-Mon-Compte-Formation-.png 472w\" sizes=\"auto, (max-width: 300px) 100vw, 300px\" \/><\/span><\/p>\n<h2 style=\"font-weight: 400;\"><span style=\"font-size: 20px; font-family: verdana, geneva, sans-serif;\"><span style=\"color: #3366ff;\">Enrichissez votre anglais professionnel d&rsquo;expressions et tournures de phrase am\u00e9ricaines &#8211; <\/span><span style=\"color: #3366ff;\">\u00e9ligible au budget CPF \u00a0<\/span><\/span><\/h2>\n<p><span style=\"font-family: verdana, geneva, sans-serif; color: #000080; font-size: 14px;\">Pour activer votre financement CPF vous devez accepter de vous pr\u00e9parer au niveau seuil ou plus A2\/B1 (conversation simple) ou plus selon votre maitrise de la langue jusqu&rsquo;\u00e0 C1-C2 et passer toutes les parties du test de certification \u00a0selon les modalit\u00e9s de MON COMPTE FORMATION avant la fin de votre formation pr\u00e9sentielle. \u00a0<\/span><\/p>\n<p><span style=\"font-family: verdana, geneva, sans-serif; color: #000080; font-size: 14px;\">Certification TOEIC 4 SKILLS <a href=\"https:\/\/www.francecompetences.fr\/recherche\/rs\/7229\/\" target=\"_blank\" rel=\"noopener\">RS7229<\/a> en anglais am\u00e9ricain (test autoguid\u00e9 de 4 heures) valide 2 ans. &#8211; niveaux entre A2 et C1 : \u00a0<a href=\"https:\/\/www.etsglobal.org\/fr\/fr\/test-type-family\/tests-toeic-4-skills?utm_source=google&amp;utm_medium=cpc&amp;utm_campaign=22131548841&amp;utm_content=173811799859&amp;utm_source=google&amp;utm_medium=cpc&amp;utm_campaign=22131548841&amp;utm_content=173811799859&amp;gad_source=1&amp;gad_campaignid=22131548841&amp;gbraid=0AAAAADlVbMryJo4UrMP7WQD0LMurdmDY4&amp;gclid=CjwKCAiA-sXMBhAOEiwAGGw6LAG0INySyLC7HY5BPvAHHHFGoKeYHBTUsX12v97ja55WnKyiJ4RIhhoCNkkQAvD_BwE\" target=\"_blank\" rel=\"noopener\">Information Ets Global Toeic 4 skills<\/a><\/span><\/p>\n<p><span style=\"font-family: verdana, geneva, sans-serif; color: #000080; font-size: 14px;\">Certification CLO\u00c9 anglais (test de 60 minutes puis entretien en Visio de 10 \u00e0 15 minutes avec un interlocuteur natif). Validit\u00e9 \u00e0 vie &#8211; niveaux A1 \u00e0 C2. <a href=\"https:\/\/certifications-cloe.com\/\" target=\"_blank\" rel=\"noopener\">Information test CLO\u00c9 ANGLAIS<\/a>\u00a0<\/span><\/p>\n<h5>\n<span style=\"color: #000080; font-family: verdana, geneva, sans-serif;\"><span style=\"caret-color: #000080; font-size: 14px;\">ADAPTATION DE VOTRE PARCOURS<\/span><\/span><\/h5>\n<p><span style=\"font-family: verdana, geneva, sans-serif; font-size: 14px;\"><span style=\"color: #000080;\">\u00a0<\/span><\/span><span style=\"font-size: 14px; font-family: verdana, geneva, sans-serif;\"><span style=\"color: #000080;\">La dur\u00e9e de votre parcours, la fr\u00e9quence et le nombre des accompagnements pr\u00e9sentiels de la formatrice hypnoth\u00e9rapeute sont personnalisation pour s&rsquo;adapter \u00e0 votre profil et besoins ou contraintes individuelles dont le budget (en amont du parcours). \u00a0<\/span><\/span><span style=\"font-family: verdana, geneva, sans-serif; font-size: 14px;\"><a href=\"https:\/\/www.moncompteformation.gouv.fr\/espace-public\/les-acteurs-de-la-competence-linitiative-dune-charte-de-deontologie-au-cpf\" target=\"_blank\" rel=\"noopener\"><img loading=\"lazy\" decoding=\"async\" class=\"alignnone wp-image-16444 aligncenter\" src=\"https:\/\/www.leslanguessansstress.fr\/wp-content\/uploads\/2024\/08\/20240828-charte-de-deontologie-Qualiopi--300x271.jpg\" alt=\"\" width=\"231\" height=\"209\" srcset=\"https:\/\/www.leslanguessansstress.fr\/wp-content\/uploads\/2024\/08\/20240828-charte-de-deontologie-Qualiopi--300x271.jpg 300w, https:\/\/www.leslanguessansstress.fr\/wp-content\/uploads\/2024\/08\/20240828-charte-de-deontologie-Qualiopi-.jpg 370w\" sizes=\"auto, (max-width: 231px) 100vw, 231px\" \/><\/a><\/span><\/p>\n<h2 style=\"font-weight: 400;\"><span style=\"font-family: verdana, geneva, sans-serif; color: #3366ff; font-size: 14px;\">Donnez un coup de pouce \u00e0 votre anglais de l&rsquo;entreprise &#8211; enrichissement des expressions &#8211; \u00e9ligible au budget CPF\u00a0<\/span><\/h2>\n<p><span style=\"font-family: verdana, geneva, sans-serif; color: #000080; font-size: 14px;\">Pour activer votre financement CPF vous devez accepter de vous pr\u00e9parer au niveau A2 seuil (conversation simple) ou plus selon votre maitrise de la langue jusqu&rsquo;\u00e0 C1-C2 et passer toutes les parties du test de certification \u00a0CLO\u00c9 ANGLAIS selon les modalit\u00e9s de MON COMPTE FORMATION avant la fin de votre formation pr\u00e9sentielle. <\/span><br \/>\n<span style=\"font-family: verdana, geneva, sans-serif; color: #000080; font-size: 14px;\">Information dans notre rubrique offres CPF et sur la plateforme www.moncompteformation.gouv.fr <\/span><br \/>\n<span style=\"font-family: verdana, geneva, sans-serif; color: #000080; font-size: 14px;\">=&gt; anglais &#8211; pr\u00e9sentiel <\/span><br \/>\n<span style=\"font-family: verdana, geneva, sans-serif; color: #000080; font-size: 14px;\">=&gt; La Rochette 73110 &#8211; 5 km <\/span><br \/>\n<span style=\"font-family: verdana, geneva, sans-serif; color: #000080; font-size: 14px;\">=&gt; voir les r\u00e9sultats &#8211; Filtre : LES LANGUES SANS STRESS Val\u00e9rie Neyret-Vachey.<\/span><\/p>\n<p><span style=\"font-family: verdana, geneva, sans-serif; color: #000080; font-size: 14px;\">\u00a0Ce parcours et \u00e9ligible au financement CPF depuis la plateforme MCF inclut automatiquement la pr\u00e9paration sur plateforme d\u00e9di\u00e9e avec QCM et entrainement aux tests d&rsquo;expression orale et \u00e9crite ainsi que la pr\u00e9sentation aux deux parties du test de certification : QCM pour la partie \u00e9crite (1 h) \u00a0et Entretien avec un interlocuteur natif en Visio pour la partie orale (15 mn). Le stagiaire doit passer le test adaptatif en entier \u00e0 son niveau personnel d&rsquo;\u00e9tude pour d\u00e9clencher le financement de sa formation continue professionnelle s&rsquo;il choisit d&rsquo;utiliser son budget CPF.<\/span><\/p>\n<p><span style=\"font-family: verdana, geneva, sans-serif; color: #000080; font-size: 14px;\">La dur\u00e9e de votre parcours, la fr\u00e9quence et le nombre des accompagnements pr\u00e9sentiels de la formatrice hypnoth\u00e9rapeute sont personnalisation pour s&rsquo;adapter \u00e0 votre profil et besoins ou contraintes individuelles dont le budget (en amont du parcours). \u00a0<\/span><\/p>\n<p><span style=\"font-family: verdana, geneva, sans-serif; color: #000080; font-size: 14px;\">Les parcours d&rsquo;entrainement sur plateforme en pr\u00e9sentiel avec la formatrice hynoth\u00e9rapeute vont de 3 \u00e0 9 mois. L&rsquo;accompagnement mixte ou individualis\u00e9 peut \u00eatre d\u00e9cal\u00e9 des dur\u00e9es impos\u00e9es par la plateforme d&rsquo;\u00e9tude : discutez-en avec nous en amont de la formation choisie.\u00a0<\/span><\/p>\n<p><span style=\"font-size: 14px; font-family: verdana, geneva, sans-serif;\"><span style=\"color: #000080;\">Information du parcours tel qu&rsquo;il apparait sur MON \u00a0COMPTE \u00a0FORMATION:<\/span><\/span><\/p>\n<div class=\"mcf-title-and-illustration-wrapper\">\n<div class=\"mcf-card-title-wrapper\">\n<div class=\"mcf-card-title-subwrapper\"><span style=\"font-family: verdana, geneva, sans-serif; font-size: 14px;\">Objectif<\/span><\/div>\n<\/div>\n<\/div>\n<p><span style=\"font-family: verdana, geneva, sans-serif; font-size: 14px;\">Renforcer les bases de la communication orale et \u00e9crite. Enrichir le vocabulaire courant, des voyages et des affaires. D\u00e9velopper la compr\u00e9hension orale. Diversifier les contextes de communication professionnelle et d&rsquo;accueil. Valider les acquis en passant le certificat CLO\u00c9 ANGLAIS.<\/span><\/p>\n<p>&nbsp;<\/p>\n<\/div>\n<\/div>\n<\/div>\n<\/div>\n","protected":false},"excerpt":{"rendered":"<p>Texte lu de pr\u00e9f\u00e9rence depuis un ordinateur Anglais de l&rsquo;entreprise &#8211; enrichissement des expressions Objectif<\/p>\n","protected":false},"author":1,"featured_media":18656,"comment_status":"closed","ping_status":"open","sticky":false,"template":"","format":"standard","meta":{"footnotes":""},"categories":[80,127,348],"tags":[812,729,571,730,574,728,347,202,377,449],"class_list":["post-15150","post","type-post","status-publish","format-standard","has-post-thumbnail","hentry","category-actualites","category-anglais","category-cpf-certificats","tag-anglais-americain","tag-approfondissement-de-la-grammaire","tag-atelier-doral","tag-conversation-guidee","tag-cpf","tag-enrichissement-du-lexique","tag-langues","tag-perfectionnement","tag-professionnel","tag-test"],"_links":{"self":[{"href":"https:\/\/www.leslanguessansstress.fr\/index.php\/wp-json\/wp\/v2\/posts\/15150","targetHints":{"allow":["GET"]}}],"collection":[{"href":"https:\/\/www.leslanguessansstress.fr\/index.php\/wp-json\/wp\/v2\/posts"}],"about":[{"href":"https:\/\/www.leslanguessansstress.fr\/index.php\/wp-json\/wp\/v2\/types\/post"}],"author":[{"embeddable":true,"href":"https:\/\/www.leslanguessansstress.fr\/index.php\/wp-json\/wp\/v2\/users\/1"}],"replies":[{"embeddable":true,"href":"https:\/\/www.leslanguessansstress.fr\/index.php\/wp-json\/wp\/v2\/comments?post=15150"}],"version-history":[{"count":24,"href":"https:\/\/www.leslanguessansstress.fr\/index.php\/wp-json\/wp\/v2\/posts\/15150\/revisions"}],"predecessor-version":[{"id":19091,"href":"https:\/\/www.leslanguessansstress.fr\/index.php\/wp-json\/wp\/v2\/posts\/15150\/revisions\/19091"}],"wp:featuredmedia":[{"embeddable":true,"href":"https:\/\/www.leslanguessansstress.fr\/index.php\/wp-json\/wp\/v2\/media\/18656"}],"wp:attachment":[{"href":"https:\/\/www.leslanguessansstress.fr\/index.php\/wp-json\/wp\/v2\/media?parent=15150"}],"wp:term":[{"taxonomy":"category","embeddable":true,"href":"https:\/\/www.leslanguessansstress.fr\/index.php\/wp-json\/wp\/v2\/categories?post=15150"},{"taxonomy":"post_tag","embeddable":true,"href":"https:\/\/www.leslanguessansstress.fr\/index.php\/wp-json\/wp\/v2\/tags?post=15150"}],"curies":[{"name":"wp","href":"https:\/\/api.w.org\/{rel}","templated":true}]}}