{"id":14779,"date":"2024-05-11T09:57:53","date_gmt":"2024-05-11T07:57:53","guid":{"rendered":"https:\/\/www.leslanguessansstress.fr\/?p=14779"},"modified":"2024-05-21T18:42:38","modified_gmt":"2024-05-21T16:42:38","slug":"allemand-professionnel","status":"publish","type":"post","link":"https:\/\/www.leslanguessansstress.fr\/index.php\/2024\/05\/11\/allemand-professionnel\/","title":{"rendered":"Allemand professionnel"},"content":{"rendered":"<p style=\"font-weight: 400;\"><span style=\"font-family: verdana, geneva, sans-serif; color: #000080;\">Information sur la formation professionnelle en ALLEMAND \u00e9ligible CPF en offre sur www.moncompteformation.gouv.fr &#8211; Nous sommes sp\u00e9cialis\u00e9s dans la formation des adultes avec difficult\u00e9s d&rsquo;apprentissage, toutes raisons confondues.<\/span><\/p>\n<h1 style=\"font-weight: 400;\"><span style=\"font-family: verdana, geneva, sans-serif; color: #bd9d6d;\">Formation d&rsquo;allemand courant et professionnel avec pr\u00e9paration mentale \u00e9ligible au financement CPF\u00a0<\/span><\/h1>\n<p style=\"font-weight: 400;\"><span style=\"font-family: verdana, geneva, sans-serif; color: #000080;\"><strong>OBJECTIFS<\/strong><\/span><\/p>\n<p style=\"font-weight: 400;\"><span style=\"font-family: verdana, geneva, sans-serif; color: #000080;\">\u00catre capable de\u00a0:<\/span><\/p>\n<ul>\n<li style=\"font-weight: 400;\"><span style=\"font-family: verdana, geneva, sans-serif; color: #000080;\">Communiquer efficacement \u00e0 l\u2019oral et \u00e0 l\u2019\u00e9crit et interagir avec confiance \u00a0<\/span><\/li>\n<li style=\"font-weight: 400;\"><span style=\"font-family: verdana, geneva, sans-serif; color: #000080;\">Comprendre et d\u00e9gager le sens global et des d\u00e9tails sp\u00e9cifiques d\u2019un texte ou d\u2019un \u00e9nonc\u00e9 simple et court<\/span><\/li>\n<li style=\"font-weight: 400;\"><span style=\"font-family: verdana, geneva, sans-serif; color: #000080;\">Comprendre et mettre en action des instructions ou suivre un protocole<\/span><\/li>\n<li style=\"font-weight: 400;\"><span style=\"font-family: verdana, geneva, sans-serif; color: #000080;\">Identifier et utiliser un vocabulaire courant ou professionnel adapte\u0301 au contexte<\/span><\/li>\n<li style=\"font-weight: 400;\"><span style=\"font-family: verdana, geneva, sans-serif; color: #000080;\">Identifier et utiliser des expressions de la vie courante et du milieu professionnel<\/span><\/li>\n<li style=\"font-weight: 400;\"><span style=\"font-family: verdana, geneva, sans-serif; color: #000080;\">Participer a\u0300 une communication orale avec un interlocuteur sur des sujets personnels et professionnels<\/span><\/li>\n<li style=\"font-weight: 400;\"><span style=\"font-family: verdana, geneva, sans-serif; color: #000080;\">Comprendre et r\u00e9pondre aux questions d\u2019un interlocuteur<\/span><\/li>\n<li style=\"font-weight: 400;\"><span style=\"font-family: verdana, geneva, sans-serif; color: #000080;\">Partager des informations et participer activement \u00e0 une conversation ou r\u00e9union<\/span><\/li>\n<li style=\"font-weight: 400;\"><span style=\"font-family: verdana, geneva, sans-serif; color: #000080;\">Comprendre et \u00eatre compris par ses interlocuteurs <\/span><\/li>\n<li style=\"font-weight: 400;\"><span style=\"font-family: verdana, geneva, sans-serif; color: #000080;\">Prendre confiance p<\/span><span style=\"font-family: verdana, geneva, sans-serif; color: #000080;\">endant un voyage \u00e0 l&rsquo;\u00e9tranger dans la plupart des situations courantes et \u00e0 caract\u00e8re professionnel <\/span><\/li>\n<\/ul>\n<p style=\"font-weight: 400;\"><span style=\"font-family: verdana, geneva, sans-serif; color: #000080;\"><strong>\u00a0<\/strong><\/span><\/p>\n<p style=\"font-weight: 400;\"><span style=\"font-family: verdana, geneva, sans-serif; color: #000080;\"><strong>LANGUE<\/strong><\/span><\/p>\n<ul>\n<li><span style=\"color: #bd9d6d;\"><span style=\"font-family: verdana, geneva, sans-serif;\">\u00a0<\/span><strong><span style=\"font-family: verdana, geneva, sans-serif;\">Allemand <\/span><\/strong><span style=\"font-family: verdana, geneva, sans-serif; caret-color: #000080;\">\u00a0<\/span><\/span><\/li>\n<\/ul>\n<p>&nbsp;<\/p>\n<p style=\"font-weight: 400;\"><span style=\"font-family: verdana, geneva, sans-serif; color: #000080;\"><strong>CONTENU<\/strong><\/span><\/p>\n<p><span style=\"font-family: verdana, geneva, sans-serif; color: #bd9d6d;\"><strong style=\"font-weight: 400;\">EXPRESSION ORALE ET E\u0301CRITE <\/strong><\/span><\/p>\n<ul>\n<li style=\"font-weight: 400;\"><span style=\"font-family: verdana, geneva, sans-serif; color: #000080;\">Saluer, se pr\u00e9senter, montrer de l\u2019int\u00e9r\u00eat \u00e0 ce qui se dit ou se d\u00e9roule (situation socioprofessionnelle ou professionnelle)<\/span><\/li>\n<li style=\"font-weight: 400;\"><span style=\"font-family: verdana, geneva, sans-serif; color: #000080;\">R\u00e9pondre et poser des questions sur une offre, pendant une r\u00e9union ou un \u00e9change t\u00e9l\u00e9phonique<\/span><\/li>\n<li style=\"font-weight: 400;\"><span style=\"font-family: verdana, geneva, sans-serif; color: #000080;\">Accepter\/refuser une invitation, un pr\u00e9sent, une offre et exprimer un remerciement\u00a0<\/span><\/li>\n<li style=\"font-weight: 400;\"><span style=\"font-family: verdana, geneva, sans-serif; color: #000080;\">Pr\u00e9senter des produits ou services, un catalogue, prendre l&rsquo;avis de l&rsquo;interlocuteur \u00a0<\/span><\/li>\n<li style=\"font-weight: 400;\"><span style=\"font-family: verdana, geneva, sans-serif; color: #000080;\">Comprendre le sujet d\u2019une conversation \u00e0 r\u00e9sumer la discussion avec pr\u00e9cision (selon son niveau de compr\u00e9hension)\u00a0<\/span><\/li>\n<li style=\"font-weight: 400;\"><span style=\"font-family: verdana, geneva, sans-serif; color: #000080;\">Prendre part a\u0300 une conversation formelle ou informelle et interagir ponctuellement<\/span><\/li>\n<li style=\"font-weight: 400;\"><span style=\"font-family: verdana, geneva, sans-serif; color: #000080;\">D\u00e9crire et commenter ou d\u00e9battre d&rsquo;une image, un tableau, une vid\u00e9o ou un document a\u0300 l\u2019oral \u00a0<\/span><\/li>\n<li style=\"font-weight: 400;\"><span style=\"font-family: verdana, geneva, sans-serif; color: #000080;\">Discuter avec nuance et pr\u00e9cision sur des sujets simples \u00e0 complexes \u00e0 l&rsquo;\u00e9crit et \u00e0 l&rsquo;oral\u00a0<\/span><\/li>\n<li style=\"font-weight: 400;\"><span style=\"font-family: verdana, geneva, sans-serif; color: #000080;\">Acqu\u00e9rir des expressions idiomatiques et termes sp\u00e9cifiques \u00e0 la langue courante et professionnelle<\/span><\/li>\n<li style=\"font-weight: 400;\"><span style=\"font-family: verdana, geneva, sans-serif; color: #000080;\">Faire une pr\u00e9sentation, un discours, une intervention dans le cadre professionnel<\/span><\/li>\n<\/ul>\n<p>&nbsp;<\/p>\n<p><span style=\"font-family: verdana, geneva, sans-serif; color: #cca262;\"><strong>COMPRE\u0301HENSION ORALE ET ECRITE<\/strong><\/span><\/p>\n<ul>\n<li style=\"font-weight: 400;\"><span style=\"font-family: verdana, geneva, sans-serif; color: #000080;\">Adapter son \u00e9coute aux des dialogues entre locuteurs natifs et \u00e9trangers (divers accents, registres et de\u0301bits)<\/span><\/li>\n<li style=\"font-weight: 400;\"><span style=\"font-family: verdana, geneva, sans-serif; color: #000080;\">Suivre et d\u00e9crire une conversation depuis un extrait de film, s\u00e9rie, e\u0301mission TV<\/span><\/li>\n<li style=\"font-weight: 400;\"><span style=\"font-family: verdana, geneva, sans-serif; color: #000080;\">Lire et reformuler des textes simples \u00e0 complexes<\/span><\/li>\n<\/ul>\n<p>&nbsp;<\/p>\n<p style=\"font-weight: 400;\"><span style=\"font-family: verdana, geneva, sans-serif; color: #cca262;\"><strong>VOCABULAIRE<\/strong><\/span><\/p>\n<ul>\n<li><span style=\"font-family: verdana, geneva, sans-serif; color: #000080;\">Mots les plus usit\u00e9s toutes situations et contextes confondus, verbes modaux, d\u00e9clinaisons, expressions idiomatiques et langue formelle ou informelle \u00a0<\/span><\/li>\n<li style=\"font-weight: 400;\"><span style=\"font-family: verdana, geneva, sans-serif; color: #000080;\"><strong>Situations de la vie courante<\/strong> : relations sociales au travail, sant\u00e9, voyages, loisirs, cuisine, nature, famille et \u00e9tudes, actualit\u00e9s, culture et culture de l&rsquo;entreprise, etc.<\/span><\/li>\n<li style=\"font-weight: 400;\"><span style=\"font-family: verdana, geneva, sans-serif; color: #000080;\"><strong>Situations de la vie professionnelle<\/strong> : saluer et pr\u00e9senter sa hi\u00e9rarchie, l\u2019entreprise, accueillir des visiteurs, parler des succ\u00e8s et projets de son entreprise et ceux qui sont en cours, prendre\/annuler un rendez-vous, animer une r\u00e9union, pr\u00e9parer un entretien ou une n\u00e9gociation, le suivi des dossiers, donner la raison d\u2019une d\u00e9cision, etc.<\/span><\/li>\n<\/ul>\n<p>&nbsp;<\/p>\n<p><span style=\"font-family: verdana, geneva, sans-serif; color: #cca262;\"><strong>GRAMMAIRE<\/strong><\/span><\/p>\n<ul>\n<li><span style=\"font-family: verdana, geneva, sans-serif; color: #000080;\">Acquisition des bases de la grammaire ou renforcement des faiblesses d\u00e9cel\u00e9es lors du test d\u2019entr\u00e9e.<\/span><\/li>\n<li><span style=\"font-family: verdana, geneva, sans-serif; color: #000080;\">La prononciation, la rythmique de la phrase et les mots qui la composent\u00a0<\/span><\/li>\n<li><span style=\"font-family: verdana, geneva, sans-serif; color: #000080;\">La formation des questions, structures des phrases simples \u00e0 complexes\u00a0<\/span><\/li>\n<li><span style=\"font-family: verdana, geneva, sans-serif; color: #000080;\">L\u2019orthographe, les d\u00e9clinaisons, les accords et la conjugaison, les nuances d&#8217;emploi et concordances\u00a0<\/span><\/li>\n<li><span style=\"font-family: verdana, geneva, sans-serif; color: #000080;\">Les mots de liaison, pr\u00e9positions et adverbes, adjectifs, comparatif et superlatif &#8230;<\/span><\/li>\n<\/ul>\n<p>&nbsp;<\/p>\n<h2 style=\"font-weight: 400;\"><span style=\"font-family: verdana, geneva, sans-serif; color: #cca262;\"><span style=\"font-size: 28px;\">S&rsquo;immerger en allemand sous hypnose de relaxation<\/span><\/span><\/h2>\n<p><span style=\"color: #000080;\"><span style=\"font-family: verdana, geneva, sans-serif;\">Nous proposons des ressources et un accompagnement avec gestion du stress et hypnose de relaxation selon les situations \u00e0 travailler au cas par cas ou simplement pour mieux s&rsquo;immerger dans la langue, bien concentr\u00e9 sur les dialogues entre natifs.<\/span><\/span><\/p>\n<ul>\n<li><span style=\"text-decoration: underline;\"><span style=\"font-family: verdana, geneva, sans-serif; color: #000080; text-decoration: underline;\">Formatrice-hypnoth\u00e9rapeute bilingue d\u00e9di\u00e9e, \u00e0 votre \u00e9coute pour personnaliser votre parcours<\/span><\/span><\/li>\n<\/ul>\n<p><span style=\"color: #cca262;\"><img loading=\"lazy\" decoding=\"async\" class=\" wp-image-14742 aligncenter\" src=\"https:\/\/www.leslanguessansstress.fr\/wp-content\/uploads\/2023\/05\/entrainement-en-langues-sans-stress-a-La-Rochette-300x266.jpg\" alt=\"\" width=\"235\" height=\"208\" srcset=\"https:\/\/www.leslanguessansstress.fr\/wp-content\/uploads\/2023\/05\/entrainement-en-langues-sans-stress-a-La-Rochette-300x266.jpg 300w, https:\/\/www.leslanguessansstress.fr\/wp-content\/uploads\/2023\/05\/entrainement-en-langues-sans-stress-a-La-Rochette.jpg 674w\" sizes=\"auto, (max-width: 235px) 100vw, 235px\" \/><\/span><\/p>\n<p><span style=\"font-family: verdana, geneva, sans-serif; color: #cca262;\"><strong>ATELIER DE PRATIQUE ORALE THEMATIQUE<\/strong><\/span><\/p>\n<ul>\n<li style=\"font-weight: 400;\"><span style=\"font-family: verdana, geneva, sans-serif; color: #000080;\">S&rsquo;inspirer d\u2019un th\u00e8me ou d\u2019articles\/films comme base de discussion ou mise en sc\u00e8ne th\u00e9matique<\/span><\/li>\n<li style=\"font-weight: 400;\"><span style=\"font-family: verdana, geneva, sans-serif; color: #000080;\">Mettre en pratique et \u00e9largir le lexique du quotidien, professionnel ou sp\u00e9cifique<\/span><\/li>\n<li style=\"font-weight: 400;\"><span style=\"font-family: verdana, geneva, sans-serif; color: #000080;\">Conjuguer et choisir les concordances de temps instinctivement\u00a0<\/span><\/li>\n<li style=\"font-weight: 400;\"><span style=\"font-family: verdana, geneva, sans-serif; color: #000080;\">Structurer la phrase et son discours selon l\u2019interlocuteur et la situation<\/span><\/li>\n<li style=\"font-weight: 400;\"><span style=\"font-family: verdana, geneva, sans-serif; color: #000080;\">Interagir volontairement avec les participants et l&rsquo;intervenante\u00a0<\/span><\/li>\n<li style=\"font-weight: 400;\"><span style=\"font-family: verdana, geneva, sans-serif; color: #000080;\">Echanger sur des the\u0300mes lie\u0301s a\u0300 votre activite\u0301, vos expe\u0301riences et projets<\/span><\/li>\n<li><span style=\"font-family: verdana, geneva, sans-serif; color: #000080;\">Table ronde pour \u00e9changer des informations, trucs et questions en allemand<\/span><\/li>\n<\/ul>\n<p>&nbsp;<\/p>\n<p><span style=\"font-family: verdana, geneva, sans-serif; color: #cca262;\"><strong>ACCOMPAGNEMENT<\/strong><\/span><\/p>\n<ul>\n<li style=\"font-weight: 400;\"><span style=\"font-family: verdana, geneva, sans-serif; color: #000080;\">Intervenante multilingue exp\u00e9riment\u00e9e \u00e0 votre \u00e9coute\u00a0<\/span><\/li>\n<li style=\"font-weight: 400;\"><span style=\"font-family: verdana, geneva, sans-serif; color: #000080;\">Auto\u00e9valuation du niveau de maitrise et des objectifs \u00e0 atteindre<\/span><\/li>\n<li style=\"font-weight: 400;\"><span style=\"font-family: verdana, geneva, sans-serif; color: #000080;\">Suivi p\u00e9dagogique et entretiens avec l\u2019intervenante<\/span><\/li>\n<li style=\"font-weight: 400;\"><span style=\"font-family: verdana, geneva, sans-serif; color: #000080;\">Pr\u00e9paration mentale et\/ou hypnose de relaxation en fonction des besoins d\u00e9cel\u00e9s\u00a0<\/span><\/li>\n<li style=\"font-weight: 400;\"><span style=\"font-family: verdana, geneva, sans-serif; color: #000080;\">Mise en place des plannings d\u2019\u00e9tude autonome et de pratique orale accompagn\u00e9e\u00a0<\/span><\/li>\n<li style=\"font-weight: 400;\"><span style=\"font-family: verdana, geneva, sans-serif; color: #000080;\">Pr\u00e9paration et pr\u00e9sentation au test de certification CLO\u00c9\u00a0<\/span><\/li>\n<\/ul>\n<p>&nbsp;<\/p>\n<p style=\"font-weight: 400;\"><span style=\"color: #cca262; font-family: verdana, geneva, sans-serif;\"><strong>ME\u0301THODES PE\u0301DAGOGIQUES \u00a0<\/strong><\/span><\/p>\n<ul>\n<li><strong><span style=\"color: #000080; font-family: verdana, geneva, sans-serif;\">Pr\u00e9paration mentale <\/span><\/strong><span style=\"color: #000080; font-family: verdana, geneva, sans-serif;\">: atelier d&rsquo;\u00e9coute et r\u00e9flexion sur son profil d&rsquo;apprenant <\/span><span style=\"color: #000080; font-family: verdana, geneva, sans-serif;\">avec s\u00e9ances d&rsquo;hypnose de relaxation pour mieux <\/span><span style=\"color: #000080; font-family: verdana, geneva, sans-serif;\"><span style=\"caret-color: #000080;\">\u00e9couter<\/span> et se concentrer sur le cours ou le dialogue immersif, aider \u00e0 m\u00e9moriser la le\u00e7on et prendre la parole en public, \u00e9viter la procrastination et le stress avant un test, etc.<\/span><\/li>\n<li><strong><span style=\"color: #000080; font-family: verdana, geneva, sans-serif;\">Me\u0301thode interrogative<\/span><\/strong><span style=\"color: #000080; font-family: verdana, geneva, sans-serif;\"> : la formatrice axe son accompagnement et soutien sur la progression du stagiaire en lui posant des questions pour qu\u2019il livre ses connaissances.\u00a0<\/span><\/li>\n<li><span style=\"color: #000080; font-family: verdana, geneva, sans-serif;\"><strong>Me\u0301thode affirmative<\/strong> : la formatrice explique le contenu en insistant sur les points importants, pour transmettre des notions importantes ou indispensables &#8211; cette partie est principalement propos\u00e9e \u00e0 partir des ressources e-learning ou du manuel et du.visionnage de s\u00e9quences vid\u00e9o, \u00e9coute d&rsquo;audio, lecture de documents.<\/span><\/li>\n<li><span style=\"color: #000080; font-family: verdana, geneva, sans-serif;\"><strong>Me\u0301thode de\u0301monstrative<\/strong> : apport the\u0301orique et mise en pratique \/ simulations de situations professionnelles et quotidiennes, jeux de ro\u0302le, interactivite\u0301 sur place pendant les ateliers de mise en pratique \u00e0 l\u2019oral en centre. Exercices en temps limit\u00e9 pour acqu\u00e9rir un rythme de plus en plus rapide de communication instinctive. Entra\u00eenement sur supports et contenus de diff\u00e9rentes natures (PDF, audio, vid\u00e9o, e-learning, manuel de langue, QCM&#8230;) <\/span><\/li>\n<li><span style=\"color: #993366;\"><a style=\"color: #993366;\" href=\"https:\/\/www.leslanguessansstress.fr\/index.php\/2023\/04\/09\/apprendre-efficacement\/\" target=\"_blank\" rel=\"noopener\"><span style=\"font-family: verdana, geneva, sans-serif;\">Comment apprendre efficacement une langue sans stress<\/span><\/a><\/span><\/li>\n<\/ul>\n<h3><\/h3>\n<h3 style=\"font-weight: 400;\"><span style=\"font-family: verdana, geneva, sans-serif; color: #cca262;\"><span style=\"font-size: 28px;\">Se pr\u00e9parer sans stress au test Clo\u00e9 pour certifier ses nouvelles comp\u00e9tences en allemand \u00a0<\/span><\/span><\/h3>\n<p style=\"font-weight: 400;\"><span style=\"color: #000080; font-family: verdana, geneva, sans-serif;\"><strong>MOYENS PE\u0301DAGOGIQUES \u00a0<\/strong><\/span><\/p>\n<ul>\n<li><span style=\"color: #000080; font-family: verdana, geneva, sans-serif;\">Acce\u0300s e-learning ou manuel de langues \u00a0<\/span><\/li>\n<li><span style=\"color: #000080; font-family: verdana, geneva, sans-serif;\">Visionnage et se\u0301quences vide\u0301o \u00a0<\/span><\/li>\n<li><span style=\"color: #000080; font-family: verdana, geneva, sans-serif;\">Ecoute de pistes audio entre natifs et podcasts\u00a0<\/span><\/li>\n<li><span style=\"color: #000080; font-family: verdana, geneva, sans-serif;\">Tableaux blancs, \u00e9cran interactif, jeux de table (grammaire, structures et lexique)<\/span><\/li>\n<li><span style=\"color: #000080; font-family: verdana, geneva, sans-serif;\">Divers documents remis au stagiaire pour son \u00e9tude et son entrainement \u00a0<\/span><\/li>\n<li><span style=\"color: #000080; font-family: verdana, geneva, sans-serif;\">Livret de suivi pe\u0301dagogique, d\u2019e\u0301valuation et des compe\u0301tences \u00a0<\/span><\/li>\n<\/ul>\n<p><span style=\"color: #000080; font-family: verdana, geneva, sans-serif;\"><strong> <img loading=\"lazy\" decoding=\"async\" class=\"alignnone size-full wp-image-13578 aligncenter\" src=\"https:\/\/www.leslanguessansstress.fr\/wp-content\/uploads\/2022\/05\/TESTS-CLOE\u0301-anglais-allemand-espangol-italienn-et-franc\u0327ais-aux-langues-sans-stress.png\" alt=\"\" width=\"300\" height=\"168\" \/><br \/>\n<\/strong><\/span><\/p>\n<p style=\"font-weight: 400;\"><span style=\"color: #cca262; font-family: verdana, geneva, sans-serif;\"><strong>MODALITE\u0301S D\u2019E\u0301VALUATION<\/strong><\/span><\/p>\n<ul>\n<li><span style=\"color: #000080; font-family: verdana, geneva, sans-serif;\"><strong>Avant la formation<\/strong> : diagnostic avec auto-\u00e9valuation du niveau des connaissances, des besoins selon objectifs fix\u00e9s<\/span><\/li>\n<li><span style=\"color: #000080; font-family: verdana, geneva, sans-serif;\"><strong>Pendant la formation<\/strong> : test de positionnement &amp; QCM, mini tests de progression, quizz, mises en situation, pre\u0301paration a\u0300 la certification<\/span><\/li>\n<li><span style=\"color: #000080; font-family: verdana, geneva, sans-serif;\"><strong>Apre\u0300s la formation<\/strong> : Evaluation des compe\u0301tences cible\u0301es &amp; passage de la Certification CLOE (info et liens ci-dessous).<\/span><br \/>\n<span style=\"color: #000080; font-family: verdana, geneva, sans-serif;\">Evaluation \u00e0 chaud de la satisfaction du stagiaire<\/span><br \/>\n<span style=\"color: #000080; font-family: verdana, geneva, sans-serif;\">\u00c9valuation \u00e0 froid du stagiaire (apr\u00e8s quelques mois)<\/span><\/li>\n<\/ul>\n<p><span style=\"font-family: verdana, geneva, sans-serif;\"><span style=\"color: #000080;\"><strong>Certificats CLO\u00c9\u00a0<\/strong><\/span><\/span><\/p>\n<ul>\n<li><span style=\"font-family: verdana, geneva, sans-serif;\"><span style=\"color: #993366;\"><a style=\"color: #993366;\" href=\"https:\/\/www.francecompetences.fr\/recherche\/rs\/5661\/\" target=\"_blank\" rel=\"noopener\">Enregistrement valide jusqu&rsquo;au 31-12-2023 allemand- test Clo\u00e9 RS5661<\/a>\u00a0 \u00a0<\/span><\/span><\/li>\n<\/ul>\n<p>&nbsp;<\/p>\n<p style=\"font-weight: 400;\"><span style=\"color: #cca262; font-family: verdana, geneva, sans-serif;\"><strong>COMPE\u0301TENCES VISE\u0301ES<\/strong><\/span><\/p>\n<ul>\n<li style=\"font-weight: 400;\"><span style=\"font-family: verdana, geneva, sans-serif; color: #000080;\">Am\u00e9liorer votre niveau de communication entre le d\u00e9but et la fin de votre programme\u00a0<\/span><\/li>\n<li style=\"font-weight: 400;\"><span style=\"color: #000080; font-family: verdana, geneva, sans-serif;\">Utiliser naturellement les d\u00e9clinaisons et positionner les verbes avec confiance dans la phrase<\/span><\/li>\n<li style=\"font-weight: 400;\"><span style=\"color: #000080; font-family: verdana, geneva, sans-serif;\">D\u00e9velopper votre aisance a\u0300 l\u2019oral et une meilleure compre\u0301hension en langue <\/span><span style=\"color: #000080; font-family: verdana, geneva, sans-serif;\">du quotidien et professionnelle\u00a0<\/span><\/li>\n<li style=\"font-weight: 400;\"><span style=\"font-family: verdana, geneva, sans-serif; color: #000080;\">Pouvoir vous exprimer et vous faire comprendre lors d&rsquo;une prise de parole sur des sujets habituels\u00a0<\/span><\/li>\n<li><span style=\"color: #000080; font-family: verdana, geneva, sans-serif;\">R\u00e9diger des textes structur\u00e9s adapt\u00e9s au contexte professionnel et \u00e0 votre interlocuteur<\/span><\/li>\n<li><span style=\"color: #000080; font-family: verdana, geneva, sans-serif;\">Comprendre des e\u0301crits professionnels et en de\u0301gager le sens global \u00a0<\/span><\/li>\n<li style=\"font-weight: 400;\"><span style=\"font-family: verdana, geneva, sans-serif; color: #000080;\">Comprendre votre interlocuteur selon votre niveau d&rsquo;acquisition de la langue<\/span><\/li>\n<li style=\"font-weight: 400;\"><span style=\"font-family: verdana, geneva, sans-serif; color: #000080;\">Interagir avec spontan\u00e9it\u00e9 et pr\u00e9cision sans traduire depuis ou vers le fran\u00e7ais<\/span><\/li>\n<li style=\"font-weight: 400;\"><span style=\"font-family: verdana, geneva, sans-serif; color: #000080;\">Approfondir vos connaissances en vocabulaire, grammaire et syntaxe<\/span><\/li>\n<li style=\"font-weight: 400;\"><span style=\"font-family: verdana, geneva, sans-serif; color: #000080;\">Gagner en aisance au t\u00e9l\u00e9phone, en face-\u00e0-face et en Visio<\/span><\/li>\n<li style=\"font-weight: 400;\"><span style=\"font-family: verdana, geneva, sans-serif; color: #000080;\">Prendre confiance pendant vos d\u00e9placements \u00e0 l&rsquo;\u00e9tranger<\/span><\/li>\n<li style=\"font-weight: 400;\"><span style=\"font-family: verdana, geneva, sans-serif; color: #000080;\">Interagir avec efficacit\u00e9 selon votre interlocuteur et la situation<\/span><\/li>\n<li style=\"font-weight: 400;\"><span style=\"font-family: verdana, geneva, sans-serif; color: #000080;\">Vous pr\u00e9parer \u00e0 la certification Clo\u00e9 pour passer le test dans les meilleures conditions <\/span><\/li>\n<\/ul>\n<p>&nbsp;<\/p>\n<p style=\"font-weight: 400;\"><span style=\"color: #cca262; font-family: verdana, geneva, sans-serif;\"><strong>PERSPECTIVE PROFESSIONNELLE \u00a0<\/strong><\/span><\/p>\n<ul>\n<li><span style=\"color: #000080; font-family: verdana, geneva, sans-serif;\">Ouverture professionnelle vers des postes et secteurs ou m\u00e9tiers n\u00e9cessitant des connaissances en langues \u00e9trang\u00e8res et une aisance \u00e0 l\u2019oral.<\/span><\/li>\n<li><span style=\"color: #000080; font-family: verdana, geneva, sans-serif;\">Poursuivre la formation linguistique \u00e0 un niveau sup\u00e9rieur\u00a0<\/span><\/li>\n<li><span style=\"color: #000080; font-family: verdana, geneva, sans-serif;\">Comprendre les <a href=\"https:\/\/www.leslanguessansstress.fr\/index.php\/2023\/05\/21\/niveaux-cecrl\/\" target=\"_blank\" rel=\"noopener\">niveaux du CECRL<\/a> pour se situer avant, pendant et apr\u00e8s la formation\u00a0<\/span><\/li>\n<\/ul>\n<p style=\"font-weight: 400;\"><span style=\"color: #000080; font-family: verdana, geneva, sans-serif;\"><strong>\u00a0<\/strong><\/span><\/p>\n<p style=\"font-weight: 400;\"><span style=\"color: #cca262; font-family: verdana, geneva, sans-serif;\"><strong>LES ATOUTS DE CETTE FORMATION \u00a0<\/strong><\/span><\/p>\n<p style=\"font-weight: 400;\"><span style=\"color: #000080; font-family: verdana, geneva, sans-serif;\">Cette formation alterne apports th\u00e9oriques et exercices ludiques de mise en application des acquis avec entrainement illimit\u00e9 e-learning pour construire des phrases correctes, choisir le vocabulaire selon la situation, prendre confiance en ses comp\u00e9tences face \u00e0 ses interlocuteurs professionnels. L\u2019intervenante vous soutient dans vos prises de parole, corrige et explique les erreurs le cas \u00e9ch\u00e9ant, propose de nouveaux exercices d\u2019entrainement. Votre p<\/span><span style=\"font-family: verdana, geneva, sans-serif; color: #000080;\">arcours est personnalisable avec <strong>pr\u00e9par<span style=\"font-family: verdana, geneva, sans-serif;\">ation mentale pour d\u00e9clencher de bons r\u00e9flexes<\/span><\/strong> d&rsquo;\u00e9tude et h<\/span><span style=\"font-family: verdana, geneva, sans-serif; color: #000080;\">ypnose de relaxation d&rsquo;aide \u00e0 la compr\u00e9hension des dialogues entre natifs et d\u2019expression instinctive. <\/span><span style=\"font-family: verdana, geneva, sans-serif; color: #000080;\">Soutien d&rsquo;une coach motivante et toujours de bonne humeur pour vraiment prendre plaisir \u00e0 parler en allemand! <\/span><\/p>\n<p><span style=\"font-family: verdana, geneva, sans-serif; color: #cca262;\"><strong>ORGANISATION DE L\u2019ACTION \u00a0\u00a0<\/strong><\/span><\/p>\n<ul>\n<li style=\"font-weight: 400;\"><span style=\"font-family: verdana, geneva, sans-serif; color: #000080;\"><strong>Dur\u00e9e<\/strong> : 1 \u00e0 6 mois, \u00a0adaptation \u00e0 vos besoins pour atteindre l\u2019objectif vis\u00e9.<\/span><\/li>\n<li style=\"font-weight: 400;\"><span style=\"font-family: verdana, geneva, sans-serif; color: #000080;\"><strong>Date et horaires<\/strong> : sur mesure (+ atelier mixte selon planning du centre)<\/span><\/li>\n<li><span style=\"font-family: verdana, geneva, sans-serif; color: #000080;\"><strong>Lieu<\/strong> : en centre ou \u00e0 distance ou mixte \u00a0pre\u0301sentiel et en ligne <\/span><\/li>\n<li><span style=\"font-family: verdana, geneva, sans-serif; color: #000080;\"><strong>Situation de handicap<\/strong> : <span style=\"color: #993366;\"><a style=\"color: #993366;\" href=\"https:\/\/www.leslanguessansstress.fr\/index.php\/2023\/05\/08\/accessibilite-handicap\/\" target=\"_blank\" rel=\"noopener\">information et contact r\u00e9f\u00e9rente<\/a><\/span> \u00a0<\/span><\/li>\n<\/ul>\n<p>&nbsp;<\/p>\n<p><span style=\"font-family: verdana, geneva, sans-serif; color: #cca262;\"><strong>MODALITE D&rsquo;ENSEIGNEMENT<\/strong><\/span><\/p>\n<ul>\n<li style=\"font-weight: 400;\"><span style=\"font-family: verdana, geneva, sans-serif; color: #000080;\">Mixte (pr\u00e9sentielle et \u00e0 distance)<\/span><\/li>\n<li style=\"font-weight: 400;\"><span style=\"font-family: verdana, geneva, sans-serif; color: #000080;\">\u00c0 distance (100% e-learning)\u00a0<\/span><\/li>\n<\/ul>\n<p>&nbsp;<\/p>\n<p><span style=\"color: #cca262;\"><strong><span style=\"font-family: verdana, geneva, sans-serif;\">PR\u00c9REQUIS<\/span><\/strong><\/span><\/p>\n<ul>\n<li><span style=\"color: #000080; font-family: verdana, geneva, sans-serif;\"><span style=\"text-decoration: underline;\">Cours<\/span> : disposer d&rsquo;un ordinateur ou d&rsquo;un Smartphone ou d&rsquo;une tablette avec connexion Internet. Ne pas \u00eatre en situation d&rsquo;analphab\u00e9tisme.*<\/span><\/li>\n<li><span style=\"color: #000080; font-family: verdana, geneva, sans-serif;\"><span style=\"text-decoration: underline;\">Test de certification<\/span> : disposer d&rsquo;un ordinateur avec une bonne connexion Internet. Avoir suivi la formation pour comprendre les informations et les questions orales et \u00e9crites du test.<\/span><\/li>\n<\/ul>\n<p style=\"text-align: center;\"><span style=\"font-family: verdana, geneva, sans-serif; color: #cca262;\"><strong>\u2666\u00a0 \u00a0 \u2666\u00a0 \u00a0 \u2666\u00a0 \u00a0 \u2666\u00a0 \u00a0 \u2666\u00a0 \u00a0 \u2666\u00a0 \u00a0 \u2666\u00a0 \u00a0 \u2666\u00a0 \u00a0 \u2666\u00a0 \u00a0 \u2666\u00a0 \u00a0 \u2666\u00a0 \u00a0 \u2666<\/strong><\/span><\/p>\n<h3 style=\"font-weight: 400;\"><span style=\"color: #000080; font-family: 'comic sans ms', sans-serif; font-size: 20px;\"><strong>Activez votre budget CPF pour suivre cette formation d&rsquo;allemand sans stress en milieu professionnel<\/strong><\/span><\/h3>\n<p style=\"font-weight: 400;\"><span style=\"color: #cca262; font-family: verdana, geneva, sans-serif;\"><strong>MODES DE FINANCEMENT \u00a0<\/strong><\/span><\/p>\n<ul>\n<li><span style=\"color: #000080; font-family: verdana, geneva, sans-serif;\">CPF, entreprise, OPCO, Po\u0302le Emploi, Viv\u00e9a, Fifph\u2026<\/span><\/li>\n<li><span style=\"color: #000080; font-family: verdana, geneva, sans-serif;\">Aux frais des particuliers =&gt; adh\u00e9sion \u00e0 l\u2019association\u00a0<\/span><\/li>\n<\/ul>\n<p style=\"text-align: center;\"><img loading=\"lazy\" decoding=\"async\" class=\"alignnone size-medium wp-image-14157\" src=\"https:\/\/www.leslanguessansstress.fr\/wp-content\/uploads\/2022\/10\/Mon-compte-formation-CPF-les-langues-sans-stress-300x159.jpg\" alt=\"\" width=\"300\" height=\"159\" srcset=\"https:\/\/www.leslanguessansstress.fr\/wp-content\/uploads\/2022\/10\/Mon-compte-formation-CPF-les-langues-sans-stress-300x159.jpg 300w, https:\/\/www.leslanguessansstress.fr\/wp-content\/uploads\/2022\/10\/Mon-compte-formation-CPF-les-langues-sans-stress.jpg 646w\" sizes=\"auto, (max-width: 300px) 100vw, 300px\" \/><\/p>\n<p><span style=\"font-family: verdana, geneva, sans-serif; color: #000080;\"><strong>PRIX<\/strong><\/span><br \/>\n<span style=\"font-family: verdana, geneva, sans-serif; color: #000080;\">Formation CPF standard = prix net ci-dessous (mai 2023) &#8211; adaptation budget et devis sur simple demande.<\/span><\/p>\n<ol>\n<li><span style=\"font-family: verdana, geneva, sans-serif; color: #000080;\">Formation 1-3 mois 5-10 heures + e-learning illimit\u00e9 + Certification CLOE : 995\u20ac<\/span><\/li>\n<li><span style=\"font-family: verdana, geneva, sans-serif; color: #000080;\">Formation 1-3 mois 20-35 heures + e-learning illimit\u00e9 + Certification CLOE : 1695\u20ac<\/span><\/li>\n<li><span style=\"font-family: verdana, geneva, sans-serif; color: #000080;\">Formation 3 mois 50-70 heures + e-learning illimit\u00e9 + Certification CLOE : 3995\u20ac<\/span><\/li>\n<li><span style=\"font-family: verdana, geneva, sans-serif; color: #000080;\">Formation 6 mois 65-90 heures + e-learning illimit\u00e9 + Certification CLOE : 4950\u20ac<\/span><\/li>\n<\/ol>\n<p><span style=\"font-family: verdana, geneva, sans-serif; color: #000080;\"><strong>Tarif adapt\u00e9 aux modalit\u00e9s choisies<\/strong> : dur\u00e9e d&rsquo;\u00e9tude autonome, ressources et fr\u00e9quence de l&rsquo;accompagnement. <\/span><br \/>\n<span style=\"font-family: verdana, geneva, sans-serif; color: #000080;\">Plusieurs financements accept\u00e9s dont l\u2019apport personnel, de l\u2019entreprise, OPCO, VIVEA, <span style=\"color: #993366;\"><a style=\"color: #993366;\" href=\"https:\/\/www.leslanguessansstress.fr\/index.php\/2023\/05\/09\/financements-cpf\/\">CPF<\/a><\/span>.<\/span><br \/>\n<span style=\"text-decoration: underline;\"><span style=\"font-family: verdana, geneva, sans-serif; color: #000080; text-decoration: underline;\">Le co\u00fbt de la certification est inclus dans le tarif des formations CPF<\/span><\/span><\/p>\n<ul>\n<li><span style=\"font-family: verdana, geneva, sans-serif; color: #000080;\"><em>Mode semi intensif de 2 heures\/jour x 4\/semaine pour bien s&rsquo;immerger dans la langue d&rsquo;\u00e9tude\u00a0<\/em><\/span><\/li>\n<li><span style=\"font-family: verdana, geneva, sans-serif; color: #000080;\">Les formations courtes sont r\u00e9serv\u00e9s aux candidats avec des connaissances \u00e0 perfectionner\u00a0<\/span><\/li>\n<li><span style=\"font-family: verdana, geneva, sans-serif; color: #000080;\">Les formations longues permettent aux candidats d\u00e9butants de s&rsquo;initier \u00e0 la langue courante en milieu professionnel et d&rsquo;atteindre le niveau A2\/B1 en suivant un planning d&rsquo;\u00e9tude autonome et de mises en situation propos\u00e9 par le centre de formation.<\/span><\/li>\n<\/ul>\n<p><span style=\"color: #cca262;\"><img loading=\"lazy\" decoding=\"async\" class=\"alignnone size-medium wp-image-10897 aligncenter\" src=\"https:\/\/www.leslanguessansstress.fr\/wp-content\/uploads\/2020\/10\/i-etre-bilingue-est-un-super-pouvoir-ameliore-votre-employabilite-facilite-les-voyages-cours-certifie-qualiopi-CPF-a-La-Rochette-e1614703060280-300x78.png\" alt=\"\" width=\"300\" height=\"78\" srcset=\"https:\/\/www.leslanguessansstress.fr\/wp-content\/uploads\/2020\/10\/i-etre-bilingue-est-un-super-pouvoir-ameliore-votre-employabilite-facilite-les-voyages-cours-certifie-qualiopi-CPF-a-La-Rochette-e1614703060280-300x78.png 300w, https:\/\/www.leslanguessansstress.fr\/wp-content\/uploads\/2020\/10\/i-etre-bilingue-est-un-super-pouvoir-ameliore-votre-employabilite-facilite-les-voyages-cours-certifie-qualiopi-CPF-a-La-Rochette-e1614703060280-768x200.png 768w, https:\/\/www.leslanguessansstress.fr\/wp-content\/uploads\/2020\/10\/i-etre-bilingue-est-un-super-pouvoir-ameliore-votre-employabilite-facilite-les-voyages-cours-certifie-qualiopi-CPF-a-La-Rochette-e1614703060280.png 778w\" sizes=\"auto, (max-width: 300px) 100vw, 300px\" \/><\/span><\/p>\n<h3 style=\"font-weight: 400;\"><span style=\"color: #cca262;\"><strong><span style=\"font-family: verdana, geneva, sans-serif;\">Cette formation peut \u00eatre suivi depuis une base anglaise vers des dialogues en allemand professionnel<\/span><\/strong><\/span><br \/>\n<span style=\"color: #000080;\"><strong><span style=\"font-family: verdana, geneva, sans-serif;\">Acc\u00e8s tout public &#8211; niveaux A1 \u00e0 B1<\/span><\/strong><\/span><\/h3>\n<ul>\n<li><span style=\"font-family: verdana, geneva, sans-serif; color: #000080;\">Programmes bilingues tr\u00e8s attractifs et ludiques tout en \u00e9tant professionnels.<\/span><\/li>\n<li><span style=\"font-family: verdana, geneva, sans-serif; color: #000080;\">Information \u00e0 la rubrique BILINGUE ou en nous contactant.<\/span><\/li>\n<\/ul>\n<p style=\"text-align: center;\"><span style=\"font-family: verdana, geneva, sans-serif; color: #cca262;\"><strong>\u2666\u00a0 \u00a0 \u2666\u00a0 \u00a0 \u2666\u00a0 \u00a0 \u2666\u00a0 \u00a0 \u2666\u00a0 \u00a0 \u2666\u00a0 \u00a0 \u2666\u00a0 \u00a0 \u2666\u00a0 \u00a0 \u2666\u00a0 \u00a0 \u2666\u00a0 \u00a0 \u2666\u00a0 \u00a0 \u2666<\/strong><\/span><\/p>\n<p><span style=\"color: #cca262;\"><strong><span style=\"font-family: verdana, geneva, sans-serif;\">CONTACT<\/span><\/strong><\/span><\/p>\n<ul>\n<li><span style=\"color: #000080; font-family: verdana, geneva, sans-serif;\"><strong><a href=\"https:\/\/www.leslanguessansstress.fr\/index.php\/nous-contacter\/\" target=\"_blank\" rel=\"noopener\"><span style=\"color: #993366;\">Nous contacter<\/span><\/a><\/strong> depuis notre site internet pour fixer un rendez-vous ou entretien t\u00e9l\u00e9phonique. <\/span><\/li>\n<li><span style=\"color: #000080; font-family: verdana, geneva, sans-serif;\">Nous vous invitons \u00e0 prendre connaissance des CGV, du r\u00e8glement int\u00e9rieur, des modalit\u00e9s de cette formation personnalisable et de la m\u00e9thode Les langues sans stress avant toute inscription en lisant le <\/span><strong><span style=\"color: #993366;\"><a style=\"color: #993366; font-family: verdana, geneva, sans-serif;\" href=\"https:\/\/www.leslanguessansstress.fr\/index.php\/2023\/03\/24\/livret-daccueil-stagiaire\/\" target=\"_blank\" rel=\"noopener\">Livret d&rsquo;accueil du stagiaire<\/a><\/span><span style=\"color: #000080; font-family: verdana, geneva, sans-serif;\">. <\/span><\/strong><\/li>\n<\/ul>\n<p><!--more--><\/p>\n<p><strong><span style=\"color: #000080; font-family: verdana, geneva, sans-serif;\">\u00a0* <\/span><\/strong><span style=\"color: #000080; font-family: verdana, geneva, sans-serif;\">Nous avons \u00e0 c\u0153ur d&rsquo;accueillir chaque candidat et de l&rsquo;accompagner avec passion et <\/span><span style=\"color: #000080; font-family: verdana, geneva, sans-serif;\"><span style=\"caret-color: #000080;\">bienveillance<\/span> vers la certification de son choix quel que soit son niveau de d\u00e9part. L&rsquo;\u00e2ge, le handicap, l&rsquo;illettrisme et <\/span><span style=\"color: #000080; font-family: verdana, geneva, sans-serif;\">l&rsquo;analphab\u00e9tisme ne sont pas des freins \u00e0 l&rsquo;apprentissage des langues vivantes. Chacun a le droit d&rsquo;avancer \u00e0 son rythme avec un soutien d\u00e9di\u00e9 similaire \u00e0 celui propos\u00e9 \u00e0 une personne sans handicap ou difficult\u00e9s diverses <span style=\"caret-color: #000080;\">d&rsquo;apprentissage, mais avec des ressources et un suivi adapt\u00e9s pour rester heureux d&rsquo;apprendre et pr\u00eats \u00e0 \u00e9changer dans la langue d&rsquo;\u00e9tude avec le monde entier. <span style=\"color: #993366;\"><a style=\"color: #993366;\" href=\"https:\/\/www.leslanguessansstress.fr\/index.php\/2023\/05\/08\/accessibilite-handicap\/\" target=\"_blank\" rel=\"noopener\">R\u00e9f\u00e9rente Handicap \u00e0 votre \u00e9coute<\/a><\/span>.<\/span><\/span><\/p>\n<p>&nbsp;<\/p>\n<p><span style=\"color: #000080; font-family: verdana, geneva, sans-serif;\"><strong><img loading=\"lazy\" decoding=\"async\" class=\"size-medium wp-image-14383 aligncenter\" src=\"https:\/\/www.leslanguessansstress.fr\/wp-content\/uploads\/2022\/10\/QUALIOPI-action-de-formation-renouvele\u0301-20221009-Les-langues-sans-stress--300x193.jpg\" alt=\"\" width=\"300\" height=\"193\" srcset=\"https:\/\/www.leslanguessansstress.fr\/wp-content\/uploads\/2022\/10\/QUALIOPI-action-de-formation-renouvele\u0301-20221009-Les-langues-sans-stress--300x193.jpg 300w, https:\/\/www.leslanguessansstress.fr\/wp-content\/uploads\/2022\/10\/QUALIOPI-action-de-formation-renouvele\u0301-20221009-Les-langues-sans-stress--1024x660.jpg 1024w, https:\/\/www.leslanguessansstress.fr\/wp-content\/uploads\/2022\/10\/QUALIOPI-action-de-formation-renouvele\u0301-20221009-Les-langues-sans-stress--768x495.jpg 768w, https:\/\/www.leslanguessansstress.fr\/wp-content\/uploads\/2022\/10\/QUALIOPI-action-de-formation-renouvele\u0301-20221009-Les-langues-sans-stress-.jpg 1504w\" sizes=\"auto, (max-width: 300px) 100vw, 300px\" \/><\/strong><\/span><\/p>\n","protected":false},"excerpt":{"rendered":"<p>Information sur la formation professionnelle en ALLEMAND \u00e9ligible CPF en offre sur www.moncompteformation.gouv.fr &#8211; Nous<\/p>\n","protected":false},"author":1,"featured_media":11871,"comment_status":"closed","ping_status":"open","sticky":false,"template":"","format":"standard","meta":{"footnotes":""},"categories":[80,149,348,176,432,371],"tags":[112,574,430,377],"class_list":["post-14779","post","type-post","status-publish","format-standard","has-post-thumbnail","hentry","category-actualites","category-allemand","category-cpf-certificats","category-information-documentation","category-langues","category-programme","tag-allemand","tag-cpf","tag-formation-professionnelle","tag-professionnel"],"_links":{"self":[{"href":"https:\/\/www.leslanguessansstress.fr\/index.php\/wp-json\/wp\/v2\/posts\/14779","targetHints":{"allow":["GET"]}}],"collection":[{"href":"https:\/\/www.leslanguessansstress.fr\/index.php\/wp-json\/wp\/v2\/posts"}],"about":[{"href":"https:\/\/www.leslanguessansstress.fr\/index.php\/wp-json\/wp\/v2\/types\/post"}],"author":[{"embeddable":true,"href":"https:\/\/www.leslanguessansstress.fr\/index.php\/wp-json\/wp\/v2\/users\/1"}],"replies":[{"embeddable":true,"href":"https:\/\/www.leslanguessansstress.fr\/index.php\/wp-json\/wp\/v2\/comments?post=14779"}],"version-history":[{"count":7,"href":"https:\/\/www.leslanguessansstress.fr\/index.php\/wp-json\/wp\/v2\/posts\/14779\/revisions"}],"predecessor-version":[{"id":16063,"href":"https:\/\/www.leslanguessansstress.fr\/index.php\/wp-json\/wp\/v2\/posts\/14779\/revisions\/16063"}],"wp:featuredmedia":[{"embeddable":true,"href":"https:\/\/www.leslanguessansstress.fr\/index.php\/wp-json\/wp\/v2\/media\/11871"}],"wp:attachment":[{"href":"https:\/\/www.leslanguessansstress.fr\/index.php\/wp-json\/wp\/v2\/media?parent=14779"}],"wp:term":[{"taxonomy":"category","embeddable":true,"href":"https:\/\/www.leslanguessansstress.fr\/index.php\/wp-json\/wp\/v2\/categories?post=14779"},{"taxonomy":"post_tag","embeddable":true,"href":"https:\/\/www.leslanguessansstress.fr\/index.php\/wp-json\/wp\/v2\/tags?post=14779"}],"curies":[{"name":"wp","href":"https:\/\/api.w.org\/{rel}","templated":true}]}}