{"id":14702,"date":"2024-09-16T13:10:44","date_gmt":"2024-09-16T11:10:44","guid":{"rendered":"https:\/\/www.leslanguessansstress.fr\/?p=14702"},"modified":"2024-11-04T20:55:24","modified_gmt":"2024-11-04T19:55:24","slug":"estime-de-soi","status":"publish","type":"post","link":"https:\/\/www.leslanguessansstress.fr\/index.php\/2024\/09\/16\/estime-de-soi\/","title":{"rendered":"Estime de soi"},"content":{"rendered":"<h1><span style=\"font-family: verdana, geneva, sans-serif; color: #ff6600; font-size: 24px;\">Prendre confiance en soi et d\u00e9velopper l&rsquo;estime de soi<\/span><\/h1>\n<p><span style=\"font-family: verdana, geneva, sans-serif; color: #000080;\">Stage pour mieux se conna\u00eetre et reconna\u00eetre ses qualit\u00e9s et comp\u00e9tences afin de se sentir plus \u00e0 l&rsquo;aise pendant ses \u00e9tudes ou au travail, lors de r\u00e9unions familiales ou entra\u00eenements sportifs\u00a0<\/span><\/p>\n<p><span style=\"color: #ff6600;\"><strong><span style=\"font-family: verdana, geneva, sans-serif;\">Quelle est la diff\u00e9rence entre l&rsquo;estime de soi et la confiance en soi ? <\/span><\/strong><\/span><\/p>\n<p><span style=\"font-family: verdana, geneva, sans-serif; color: #000080;\">L&rsquo;estime de soi et la confiance en soi sont souvent utilis\u00e9es de mani\u00e8re interchangeable. Elles sont pourtant tr\u00e8s diff\u00e9rentes. <\/span><\/p>\n<p><span style=\"font-family: verdana, geneva, sans-serif; color: #000080;\">La confiance en soi est une mesure de notre croyance en nos propres capacit\u00e9s, tandis que l&rsquo;estime de soi est li\u00e9e \u00e0 notre perception de nous-m\u00eames et \u00e0 la mani\u00e8re dont nous interagissons avec le monde. <\/span><\/p>\n<h2><span style=\"font-family: verdana, geneva, sans-serif; color: #ff6600;\">Estime de soi : se d\u00e9couvrir bien meilleur qu&rsquo;on ne pensait aide \u00e0 aller plus loin<\/span><\/h2>\n<p><span style=\"font-family: verdana, geneva, sans-serif; color: #000080;\">Dans un premier temps, il est important de prendre confiance en soi pour d\u00e9velopper l&rsquo;estime de soi. <\/span><\/p>\n<p><span style=\"font-family: verdana, geneva, sans-serif; color: #000080;\">Ensuite, plus fort, vous pourrez distinguer les situations o\u00f9 une comparaison avec les qualit\u00e9s et capacit\u00e9s d&rsquo;autres personnes est in\u00e9vitable de celles qu&rsquo;on s&rsquo;impose inutilement, parfois m\u00eame au quotidien, qui vous affaiblit.<\/span><\/p>\n<p><span style=\"font-family: verdana, geneva, sans-serif; color: #000080;\">Nous travaillons ensemble comment :<\/span><\/p>\n<ul>\n<li><span style=\"font-family: verdana, geneva, sans-serif; color: #000080;\">acqu\u00e9rir des techniques de relaxation<\/span><\/li>\n<li><span style=\"font-family: verdana, geneva, sans-serif; color: #000080;\">avoir une vision r\u00e9aliste de soi-m\u00eame<\/span><\/li>\n<li><span style=\"font-family: verdana, geneva, sans-serif; color: #000080;\">changer votre vision du monde <\/span><\/li>\n<li><span style=\"font-family: verdana, geneva, sans-serif; color: #000080;\">\u00e9valuer vos qualit\u00e9s et comp\u00e9tences individuelles <\/span><\/li>\n<li><span style=\"font-family: verdana, geneva, sans-serif; color: #000080;\">d\u00e9velopper vos comp\u00e9tences relationnelles <\/span><\/li>\n<li><span style=\"font-family: verdana, geneva, sans-serif; color: #000080;\">reconna\u00eetre des probl\u00e8mes personnels qui interf\u00e8rent\u00a0<\/span><\/li>\n<\/ul>\n<p><span style=\"font-family: verdana, geneva, sans-serif; color: #000080;\">Vous apprendrez \u00e0 vous auto hypnotiser pour :<\/span><\/p>\n<ul>\n<li><span style=\"font-family: verdana, geneva, sans-serif; color: #000080;\">calmer des \u00e9motions profondes<\/span><\/li>\n<li><span style=\"font-family: verdana, geneva, sans-serif; color: #000080;\">mieux g\u00e9rer une situation <\/span><\/li>\n<li><span style=\"font-family: verdana, geneva, sans-serif; color: #000080;\">savoir prendre du recul <\/span><\/li>\n<li><span style=\"font-family: verdana, geneva, sans-serif; color: #000080;\">prendre le temps de la r\u00e9flexion <\/span><\/li>\n<li><span style=\"font-family: verdana, geneva, sans-serif; color: #000080;\">savoir dire non <\/span><\/li>\n<li><span style=\"font-family: verdana, geneva, sans-serif; color: #000080;\">visualiser votre nouvelle estime de soi<\/span><\/li>\n<\/ul>\n<p><span style=\"font-family: verdana, geneva, sans-serif; color: #000080;\">En fin de stage, vous verrez comment l&rsquo;accomplissement d&rsquo;une t\u00e2che (en commen\u00e7ant par suivre et participer activement \u00e0 ce stage) s&rsquo;accompagne d&rsquo;un profond sentiment d&rsquo;estime de soi.<\/span><\/p>\n<p><span style=\"font-family: verdana, geneva, sans-serif; color: #000080;\">Le stage est adaptatif pour convenir \u00e0 votre probl\u00e9matique (diagnostic de votre situation en amont du stage). <\/span><\/p>\n<p><span style=\"font-family: verdana, geneva, sans-serif; color: #000080;\">Ensuite, si vous avez besoin d&rsquo;un petit coup de main pour aller plus loin en renfor\u00e7ant votre confiance en soi, suivez le lien<span style=\"color: #ff6600;\"> Confiance en soi<\/span><\/span><\/p>\n<p>&nbsp;<\/p>\n<p><span style=\"font-family: verdana, geneva, sans-serif; color: #000080;\">Nos s\u00e9ances br\u00e8ves d&rsquo;accompagnement en d\u00e9veloppement personnel ne remplacent pas les conseils d&rsquo;un m\u00e9decin traitant dans le cas d&rsquo;un besoin m\u00e9dical av\u00e9r\u00e9.<\/span><\/p>\n<p>&nbsp;<\/p>\n","protected":false},"excerpt":{"rendered":"<p>Prendre confiance en soi et d\u00e9velopper l&rsquo;estime de soi Stage pour mieux se conna\u00eetre et<\/p>\n","protected":false},"author":1,"featured_media":0,"comment_status":"closed","ping_status":"open","sticky":false,"template":"","format":"standard","meta":{"footnotes":""},"categories":[80,346,176,432],"tags":[],"class_list":["post-14702","post","type-post","status-publish","format-standard","hentry","category-actualites","category-hypnose","category-information-documentation","category-langues"],"_links":{"self":[{"href":"https:\/\/www.leslanguessansstress.fr\/index.php\/wp-json\/wp\/v2\/posts\/14702","targetHints":{"allow":["GET"]}}],"collection":[{"href":"https:\/\/www.leslanguessansstress.fr\/index.php\/wp-json\/wp\/v2\/posts"}],"about":[{"href":"https:\/\/www.leslanguessansstress.fr\/index.php\/wp-json\/wp\/v2\/types\/post"}],"author":[{"embeddable":true,"href":"https:\/\/www.leslanguessansstress.fr\/index.php\/wp-json\/wp\/v2\/users\/1"}],"replies":[{"embeddable":true,"href":"https:\/\/www.leslanguessansstress.fr\/index.php\/wp-json\/wp\/v2\/comments?post=14702"}],"version-history":[{"count":1,"href":"https:\/\/www.leslanguessansstress.fr\/index.php\/wp-json\/wp\/v2\/posts\/14702\/revisions"}],"predecessor-version":[{"id":14703,"href":"https:\/\/www.leslanguessansstress.fr\/index.php\/wp-json\/wp\/v2\/posts\/14702\/revisions\/14703"}],"wp:attachment":[{"href":"https:\/\/www.leslanguessansstress.fr\/index.php\/wp-json\/wp\/v2\/media?parent=14702"}],"wp:term":[{"taxonomy":"category","embeddable":true,"href":"https:\/\/www.leslanguessansstress.fr\/index.php\/wp-json\/wp\/v2\/categories?post=14702"},{"taxonomy":"post_tag","embeddable":true,"href":"https:\/\/www.leslanguessansstress.fr\/index.php\/wp-json\/wp\/v2\/tags?post=14702"}],"curies":[{"name":"wp","href":"https:\/\/api.w.org\/{rel}","templated":true}]}}