{"id":14020,"date":"2025-06-09T06:56:10","date_gmt":"2025-06-09T04:56:10","guid":{"rendered":"https:\/\/www.leslanguessansstress.fr\/?p=14020"},"modified":"2025-06-21T10:08:17","modified_gmt":"2025-06-21T08:08:17","slug":"preparation-mentale","status":"publish","type":"post","link":"https:\/\/www.leslanguessansstress.fr\/index.php\/2025\/06\/09\/preparation-mentale\/","title":{"rendered":"Pr\u00e9paration mentale"},"content":{"rendered":"<p style=\"text-align: left;\"><span style=\"color: #00ccff; font-family: verdana, geneva, sans-serif;\"><span style=\"color: #ff0000;\"><span style=\"font-size: 14px;\"><span style=\"color: #000080; font-size: 16px;\"><span style=\"font-family: verdana, geneva, sans-serif; color: #000080;\">Dans le cadre de la gestion du stress et de sa pr\u00e9vention, ainsi que du d\u00e9veloppement personnel de la personne, je vous propose la pr\u00e9paration mentale pour atteindre vos objectifs avec une intention de succ\u00e8s dans vos \u00e9tudes ou au travail, dans le sport ou parce que vous avez besoin de r\u00e9fl\u00e9chir \u00e0 votre avenir vers un changement positif.<\/span><\/span><\/span><\/span><\/span><\/p>\n<h1 style=\"text-align: left;\"><span style=\"color: #00ccff; font-family: verdana, geneva, sans-serif;\"><span style=\"color: #ff0000;\"><span style=\"font-size: 14px;\"><span style=\"color: #000080; font-size: 16px;\"><img loading=\"lazy\" decoding=\"async\" class=\"alignnone wp-image-14995 aligncenter\" src=\"https:\/\/www.leslanguessansstress.fr\/wp-content\/uploads\/2023\/07\/Etre-et-rester-devant-preparation-mentale-sans-stress-300x200.jpg\" alt=\"\" width=\"224\" height=\"149\" srcset=\"https:\/\/www.leslanguessansstress.fr\/wp-content\/uploads\/2023\/07\/Etre-et-rester-devant-preparation-mentale-sans-stress-300x200.jpg 300w, https:\/\/www.leslanguessansstress.fr\/wp-content\/uploads\/2023\/07\/Etre-et-rester-devant-preparation-mentale-sans-stress-1024x682.jpg 1024w, https:\/\/www.leslanguessansstress.fr\/wp-content\/uploads\/2023\/07\/Etre-et-rester-devant-preparation-mentale-sans-stress-768x512.jpg 768w, https:\/\/www.leslanguessansstress.fr\/wp-content\/uploads\/2023\/07\/Etre-et-rester-devant-preparation-mentale-sans-stress.jpg 1280w\" sizes=\"auto, (max-width: 224px) 100vw, 224px\" \/><\/span><\/span><\/span><\/span><\/h1>\n<h1 style=\"font-weight: 400;\"><span style=\"color: #ff6600; font-size: 28px;\"><span style=\"font-family: verdana, geneva, sans-serif;\"><span style=\"font-size: 28px; font-family: verdana, geneva, sans-serif;\">Pr\u00e9paration mentale pour \u00eatre au top sans stress<\/span><\/span><\/span><\/h1>\n<h2 style=\"text-align: justify;\"><span style=\"font-size: 20px;\"><strong><span style=\"font-family: verdana, geneva, sans-serif; color: #000080;\">A quoi sert la pr\u00e9paration mentale?<\/span><\/strong><\/span><\/h2>\n<p style=\"text-align: justify;\"><span style=\"font-family: verdana, geneva, sans-serif; color: #000080;\">La pr\u00e9paration mentale est une mise en \u00ab\u00a0bonne condition\u00a0\u00bb pour am\u00e9liorer des comp\u00e9tences ou habilit\u00e9s, des proc\u00e9dures et strat\u00e9gies en vue d&rsquo;augmenter l&rsquo;efficacit\u00e9 d&rsquo;un apprentissage et d&rsquo;optimiser des performances personnelles tout en promouvant le plaisir de la pratique et en favorisant l\u2019atteinte de l\u2019autonomie.<\/span><\/p>\n<p style=\"text-align: justify;\"><span style=\"font-family: verdana, geneva, sans-serif; color: #000080;\">La pr\u00e9paration mentale est de plus en plus utilis\u00e9e en entreprise et pour le sport, avant des entretiens ou des examens, une audition, un spectacle.<\/span><\/p>\n<p style=\"text-align: justify;\"><span style=\"font-family: verdana, geneva, sans-serif; color: #000080;\">C&rsquo;est l&rsquo;outil parfait de l&rsquo;individuel pour avancer en langue comme en sport ou en n\u00e9gociation ou dans sa performance artistique. Lien vers notre site <a href=\"https:\/\/au-top-sans-stress.fr\/bienvenue\/\" target=\"_blank\" rel=\"noopener\">au-top-sans-stress.fr<\/a> qui propose tous types de prestations en pr\u00e9paration mentale, gestion du stress, d\u00e9veloppement personnel et th\u00e9rapies courtes pour venir \u00e0 bout de difficult\u00e9s ou pour am\u00e9liorer des comp\u00e9tences et passer de l&rsquo;impossible au possible avec facilit\u00e9 et enthousiasme.\u00a0<\/span><\/p>\n<h2 style=\"text-align: justify;\"><span style=\"font-size: 20px;\"><strong><span style=\"font-family: verdana, geneva, sans-serif; color: #000080;\">A quoi sert l&rsquo;hypnose?<\/span><\/strong><\/span><\/h2>\n<p style=\"text-align: justify;\"><span style=\"font-family: verdana, geneva, sans-serif; color: #000080;\">L&rsquo;hypnose est une ressource mentale au m\u00eame titre que la m\u00e9ditation, la sophrologie et bien d&rsquo;autres outils qui offre cependant l&rsquo;avantage \u00e0 elle seule de se concentrer sur un probl\u00e8me \u00e0 la fois pour le r\u00e9soudre rapidement ou am\u00e9liorer un \u00e9tat physique ou mental sans effort autre que la concentration sur la voix et une grande d\u00e9contraction induite par votre hypnoth\u00e9rapeute.\u00a0<\/span><\/p>\n<h2 style=\"text-align: justify;\"><span style=\"font-size: 20px;\"><strong><span style=\"font-family: verdana, geneva, sans-serif; color: #000080;\">Pr\u00e9paration mentale vs hypnose<\/span><\/strong><\/span><\/h2>\n<p style=\"text-align: justify;\"><span style=\"font-family: verdana, geneva, sans-serif; color: #000080;\">L&rsquo;hypnose est donc un moyen tr\u00e8s court d&rsquo;arriver \u00e0 son objectif lorsqu&rsquo;il n&rsquo;y a qu&rsquo;une situation \u00e0 traiter avec un bien-\u00eatre imm\u00e9diat. Selon la situation et le profil du client, cette ressource peut faire partie des outils mentaux utilis\u00e9s pendant les s\u00e9ances de pr\u00e9paration mentale.<\/span><\/p>\n<p style=\"text-align: justify;\"><span style=\"font-family: verdana, geneva, sans-serif; color: #000080;\">La Pr\u00e9paration mentale et le d\u00e9veloppement personnel requi\u00e8rent plus de temps car il y a un travail requis, de la r\u00e9flexion, de la mise en pratique d&rsquo;outils mentaux et autres ressources pour r\u00e9agir \u00e0 un ensemble de donn\u00e9es vers un mieux \u00eatre et l&rsquo;autonomie de penser autant que d&rsquo;entreprendre.<\/span><\/p>\n<p style=\"text-align: justify;\"><strong><span style=\"font-family: verdana, geneva, sans-serif; color: #000080;\"><img loading=\"lazy\" decoding=\"async\" class=\"size-medium wp-image-14529 aligncenter\" src=\"https:\/\/www.leslanguessansstress.fr\/wp-content\/uploads\/2022\/02\/De\u0301passez-vos-limites-avec-les-langues-sans-stress-300x227.jpeg\" alt=\"\" width=\"300\" height=\"227\" srcset=\"https:\/\/www.leslanguessansstress.fr\/wp-content\/uploads\/2022\/02\/De\u0301passez-vos-limites-avec-les-langues-sans-stress-300x227.jpeg 300w, https:\/\/www.leslanguessansstress.fr\/wp-content\/uploads\/2022\/02\/De\u0301passez-vos-limites-avec-les-langues-sans-stress.jpeg 635w\" sizes=\"auto, (max-width: 300px) 100vw, 300px\" \/><\/span><\/strong><\/p>\n<h1 style=\"font-weight: 400;\"><a href=\"https:\/\/au-top-sans-stress.fr\/\" target=\"_blank\" rel=\"noopener\"><span style=\"color: #ff6600; font-size: 28px;\"><span style=\"font-family: verdana, geneva, sans-serif;\"><span style=\"font-size: 28px; font-family: verdana, geneva, sans-serif;\">Proc\u00e9dures mises en place en pr\u00e9paration mentale<\/span><\/span><\/span><\/a><\/h1>\n<ul>\n<li><span style=\"color: #000080; font-family: verdana, geneva, sans-serif;\">La respiration<\/span><\/li>\n<li><span style=\"color: #000080; font-family: verdana, geneva, sans-serif;\">La relaxation\u00a0<\/span><\/li>\n<li><span style=\"color: #000080; font-family: verdana, geneva, sans-serif;\">La d\u00e9contraction des muscles, tendons et organes<\/span><\/li>\n<li><span style=\"color: #000080; font-family: verdana, geneva, sans-serif;\">La r\u00e9flexion sur une situation<\/span><\/li>\n<li><span style=\"color: #000080; font-family: verdana, geneva, sans-serif;\">La fixation d\u2019objectifs atteignables\u00a0<\/span><\/li>\n<li><span style=\"color: #000080; font-family: verdana, geneva, sans-serif;\">L\u2019imagerie mentale d&rsquo;un processus<\/span><\/li>\n<li><span style=\"color: #000080; font-family: verdana, geneva, sans-serif;\">L&rsquo;abstraction de la douleur ou d&rsquo;une difficult\u00e9 ressentie <\/span><\/li>\n<\/ul>\n<p>&nbsp;<\/p>\n<p><span style=\"color: #ff6600; font-size: 28px;\"><span style=\"font-family: verdana, geneva, sans-serif;\"><span style=\"font-size: 28px; font-family: verdana, geneva, sans-serif;\">Prestations antistress de visualisation ou en hypnose douce<\/span><\/span><\/span><\/p>\n<ul>\n<li><span style=\"color: #000080; font-family: verdana, geneva, sans-serif;\">S&rsquo;immerger dans une nouvelle langue<\/span><\/li>\n<li><span style=\"color: #000080; font-family: verdana, geneva, sans-serif;\">Suivre sa routine d&rsquo;\u00e9tude\u00a0<\/span><\/li>\n<li><span style=\"color: #000080; font-family: verdana, geneva, sans-serif;\">Mieux comprendre et s&rsquo;exprimer \u00e0 l&rsquo;oral<\/span><\/li>\n<li><span style=\"color: #000080; font-family: verdana, geneva, sans-serif;\">D\u00e9passer ses craintes de la prise de parole\u00a0<\/span><\/li>\n<li><span style=\"color: #000080; font-family: verdana, geneva, sans-serif;\">Se s\u00e9parer de situations de harc\u00e8lement\u00a0<\/span><\/li>\n<li><span style=\"color: #000080; font-family: verdana, geneva, sans-serif;\">Arr\u00eater de procrastiner <\/span><\/li>\n<li><span style=\"color: #000080; font-family: verdana, geneva, sans-serif;\">Se motiver \u00e0 apprendre et \u00e0 pratiquer ses acquis\u00a0<\/span><\/li>\n<li><span style=\"color: #000080; font-family: verdana, geneva, sans-serif;\">Surmonter des d\u00e9fis et pens\u00e9es envahissantes ou freins \u00e9ventuels<\/span><\/li>\n<li><span style=\"color: #000080; font-family: verdana, geneva, sans-serif;\">Prendre confiance en soi et en ses nouvelles comp\u00e9tences <\/span><\/li>\n<li><span style=\"color: #000080; font-family: verdana, geneva, sans-serif;\">Faire face \u00e0 l&rsquo;examen \u00e9crit puis \u00e0 l&rsquo;entretien oral <\/span><\/li>\n<li><span style=\"color: #000080; font-family: verdana, geneva, sans-serif;\">Atteindre son objectif <\/span><\/li>\n<li><span style=\"color: #000080; font-family: verdana, geneva, sans-serif;\">Se pr\u00e9parer \u00e0 r\u00e9ussir\u00a0<\/span><\/li>\n<\/ul>\n<p><span style=\"color: #000080; font-family: verdana, geneva, sans-serif;\">D\u00e9tail de l&rsquo;offre sur demande et apr\u00e8s entretien individuel (20 minutes).Je vous re\u00e7ois sur rendez-vous t\u00e9l\u00e9phonique ou en centre : prise de contact au-top-sans-stress <a href=\"https:\/\/au-top-sans-stress.fr\/contact\/\" target=\"_blank\" rel=\"noopener\">pour \u00eatre rappel\u00e9 et\/ou donner des disponibilit\u00e9s pour un rendez-vous<\/a>\u00a0<\/span><\/p>\n","protected":false},"excerpt":{"rendered":"<p>Dans le cadre de la gestion du stress et de sa pr\u00e9vention, ainsi que du<\/p>\n","protected":false},"author":1,"featured_media":17921,"comment_status":"closed","ping_status":"open","sticky":false,"template":"","format":"standard","meta":{"footnotes":""},"categories":[80,542,132],"tags":[576,561,676,279,466,690],"class_list":["post-14020","post","type-post","status-publish","format-standard","has-post-thumbnail","hentry","category-actualites","category-developpement-personnel","category-relaxation","tag-confiance-en-soi","tag-developpement-personnel","tag-etude","tag-hypnose","tag-preparation-mentale","tag-reussir"],"_links":{"self":[{"href":"https:\/\/www.leslanguessansstress.fr\/index.php\/wp-json\/wp\/v2\/posts\/14020","targetHints":{"allow":["GET"]}}],"collection":[{"href":"https:\/\/www.leslanguessansstress.fr\/index.php\/wp-json\/wp\/v2\/posts"}],"about":[{"href":"https:\/\/www.leslanguessansstress.fr\/index.php\/wp-json\/wp\/v2\/types\/post"}],"author":[{"embeddable":true,"href":"https:\/\/www.leslanguessansstress.fr\/index.php\/wp-json\/wp\/v2\/users\/1"}],"replies":[{"embeddable":true,"href":"https:\/\/www.leslanguessansstress.fr\/index.php\/wp-json\/wp\/v2\/comments?post=14020"}],"version-history":[{"count":10,"href":"https:\/\/www.leslanguessansstress.fr\/index.php\/wp-json\/wp\/v2\/posts\/14020\/revisions"}],"predecessor-version":[{"id":18057,"href":"https:\/\/www.leslanguessansstress.fr\/index.php\/wp-json\/wp\/v2\/posts\/14020\/revisions\/18057"}],"wp:featuredmedia":[{"embeddable":true,"href":"https:\/\/www.leslanguessansstress.fr\/index.php\/wp-json\/wp\/v2\/media\/17921"}],"wp:attachment":[{"href":"https:\/\/www.leslanguessansstress.fr\/index.php\/wp-json\/wp\/v2\/media?parent=14020"}],"wp:term":[{"taxonomy":"category","embeddable":true,"href":"https:\/\/www.leslanguessansstress.fr\/index.php\/wp-json\/wp\/v2\/categories?post=14020"},{"taxonomy":"post_tag","embeddable":true,"href":"https:\/\/www.leslanguessansstress.fr\/index.php\/wp-json\/wp\/v2\/tags?post=14020"}],"curies":[{"name":"wp","href":"https:\/\/api.w.org\/{rel}","templated":true}]}}