{"id":13558,"date":"2026-03-31T09:00:43","date_gmt":"2026-03-31T07:00:43","guid":{"rendered":"https:\/\/www.leslanguessansstress.fr\/?p=13558"},"modified":"2026-03-31T09:33:43","modified_gmt":"2026-03-31T07:33:43","slug":"accessibilite-handicap","status":"publish","type":"post","link":"https:\/\/www.leslanguessansstress.fr\/index.php\/2026\/03\/31\/accessibilite-handicap\/","title":{"rendered":"Accessibilit\u00e9 handicap &#8211; Actu&rsquo;"},"content":{"rendered":"<div class=\"page\" title=\"Page 6\">\n<div class=\"layoutArea\">\n<div class=\"column\">\n<p style=\"font-weight: 400;\"><span style=\"color: #000080; font-size: 16px; font-family: arial, helvetica, sans-serif;\">2026 03 31 Chers Partenaires, si, comme moi, vous \u00eates int\u00e9ress\u00e9 par ce sujet : <a href=\"https:\/\/appuipro.agefiph.fr\/learn\/signin;redirectURL=%2Flearn%2Fcourses%2F1393%2Finstant-rrh-2026-securiser-lemploi-des-salaries-en-situation-de-handicap-les-solutions-cles-de-lagefiph\" target=\"_blank\" rel=\"noopener\">Modul&rsquo;pro de l&rsquo;inclusion<\/a><\/span><\/p>\n<h1 style=\"font-weight: 400;\"><span style=\"color: #800080; font-size: 16px; font-family: arial, helvetica, sans-serif;\"><strong>Journ\u00e9e Nationale du R\u00e9f\u00e9rent Handicap<\/strong> : 27 mars 2026<\/span><\/h1>\n<h1><img loading=\"lazy\" decoding=\"async\" class=\" wp-image-19223 alignleft\" src=\"https:\/\/www.leslanguessansstress.fr\/wp-content\/uploads\/2026\/03\/Agefiph_je-suis-ref-handicap-2-RS-1080x1080_2026-03_1-300x300.jpg\" alt=\"\" width=\"230\" height=\"230\" srcset=\"https:\/\/www.leslanguessansstress.fr\/wp-content\/uploads\/2026\/03\/Agefiph_je-suis-ref-handicap-2-RS-1080x1080_2026-03_1-300x300.jpg 300w, https:\/\/www.leslanguessansstress.fr\/wp-content\/uploads\/2026\/03\/Agefiph_je-suis-ref-handicap-2-RS-1080x1080_2026-03_1-1024x1024.jpg 1024w, https:\/\/www.leslanguessansstress.fr\/wp-content\/uploads\/2026\/03\/Agefiph_je-suis-ref-handicap-2-RS-1080x1080_2026-03_1-150x150.jpg 150w, https:\/\/www.leslanguessansstress.fr\/wp-content\/uploads\/2026\/03\/Agefiph_je-suis-ref-handicap-2-RS-1080x1080_2026-03_1-768x768.jpg 768w, https:\/\/www.leslanguessansstress.fr\/wp-content\/uploads\/2026\/03\/Agefiph_je-suis-ref-handicap-2-RS-1080x1080_2026-03_1-1536x1536.jpg 1536w, https:\/\/www.leslanguessansstress.fr\/wp-content\/uploads\/2026\/03\/Agefiph_je-suis-ref-handicap-2-RS-1080x1080_2026-03_1-2048x2048.jpg 2048w\" sizes=\"auto, (max-width: 230px) 100vw, 230px\" \/><\/h1>\n<p style=\"font-weight: 400;\"><span style=\"color: #000080; font-size: 16px;\"><span style=\"font-family: verdana, geneva, sans-serif;\">Information pour tout public, handicap\u00e9 et valide \u00e0 lire de pr\u00e9f\u00e9rence sur un ordinateur.\u00a0<\/span><\/span><br \/>\n<span style=\"color: #000080; font-size: 16px;\"><span style=\"font-family: verdana, geneva, sans-serif;\">1 &#8211; Notre r\u00e9f\u00e9rente handicap pour \u00e9coute et vous accompagne <\/span><\/span><br \/>\n<span style=\"color: #000080; font-size: 16px;\"><span style=\"font-family: verdana, geneva, sans-serif;\">2 &#8211; Veille pour d\u00e9velopper ensemble un accueil et accompagnement adapt\u00e9s.<\/span><\/span><\/p>\n<\/div>\n<\/div>\n<\/div>\n<h2><span style=\"color: #000080; font-size: 16px;\"><span style=\"font-family: verdana, geneva, sans-serif;\">1 &#8211; Notre r\u00e9f\u00e9rente handicap vous \u00e9coute et vous accompagne<\/span><\/span><\/h2>\n<div class=\"page\" title=\"Page 6\">\n<div class=\"layoutArea\">\n<div class=\"column\">\n<h1><\/h1>\n<h1><\/h1>\n<h1 style=\"font-weight: 400;\"><span style=\"color: #ff6600;\"><span style=\"font-family: verdana, geneva, sans-serif; font-size: 28px;\">Reconnaissance du handicap pour mieux apprendre les langues sans stress<\/span><\/span><\/h1>\n<p><span style=\"font-family: verdana, geneva, sans-serif; color: #000080;\">Nos salles de cours sont accessibles \u00e0 la plupart des personnes en situation de handicap et les prestations sont adapte\u0301es en conse\u0301quence.\u00a0<\/span><span style=\"font-family: verdana, geneva, sans-serif; color: #000080;\">Nous sommes <a href=\"https:\/\/lemarche.inclusion.beta.gouv.fr\/ressources\/quest-ce-que-linclusion\/\" target=\"_blank\" rel=\"noopener\">inclusifs<\/a> et adaptons le programme choisi dans la mesure du possible ainsi que les ressources et le mat\u00e9riel p\u00e9dagogique sur place.<\/span><\/p>\n<p><span style=\"font-family: verdana, geneva, sans-serif; color: #000080;\">Une place privil\u00e9gi\u00e9e est faite \u00e0 l&rsquo;apprenant en situation de handicap sensoriel, physique, mental, psychique\/psychologique, ou d&rsquo;un \u00e2ge avanc\u00e9, mais aussi aux femmes allaitantes, qui sans \u00eatre toutes en situation de handicap, bien s\u00fbr, sont des personnes ayant besoin d&rsquo;un contexte favorable \u00e0 leur participation pour que la formation soit accessible et attrayante.<\/span><\/p>\n<p><span style=\"font-family: verdana, geneva, sans-serif;\"><span class=\"ILfuVd\" style=\"color: #000080;\"><span class=\"hgKElc\">Nous accueillons les personnes <a href=\"https:\/\/www.tdah-france.fr\/-Definition-et-description-Trouble-Deficit-de-l-Attention-Hyperactivite-.html\" target=\"_blank\" rel=\"noopener\">TDAH<\/a> et les <a style=\"font-family: verdana, geneva, sans-serif;\" href=\"https:\/\/www.snof.org\/public\/conseiller\/malvoyance-et-handicaps-visuels\" target=\"_blank\" rel=\"noopener\">malvoyants<\/a> avec enthousiasme parce que nous avons du mat\u00e9riel sp\u00e9cialis\u00e9 pour ces deux types de handicap afin de les aider \u00e0 apprendre dans des conditions plus favorables et participatives. <\/span><\/span><\/span><\/p>\n<p><span style=\"font-family: verdana, geneva, sans-serif;\"><span class=\"ILfuVd\" style=\"color: #000080;\"><span class=\"hgKElc\">Notre adaptation est large et vari\u00e9e:<\/span><\/span><\/span><\/p>\n<h3 style=\"font-weight: 400;\"><span style=\"color: #ff6600; font-size: 16px;\"><span style=\"font-family: verdana, geneva, sans-serif;\">M\u00e9thode<\/span><\/span><\/h3>\n<p><span style=\"color: #000080; font-family: verdana, geneva, sans-serif;\">L&rsquo;adaptation de la m\u00e9thode d&rsquo;apprentissage est \u00e0 pr\u00e9voir en amont de toute formation apr\u00e8s concertation entre notre administration, le stagiaire et les personnes accompagnantes, le cas \u00e9ch\u00e9ant. La formatrice est tr\u00e8s ouverte \u00e0 d&rsquo;autres m\u00e9thodes et s&rsquo;adapte facilement pour le bien-\u00eatre d&rsquo;\u00e9tude de ses stagiaires volontaires.\u00a0<\/span><\/p>\n<h3 style=\"font-weight: 400;\"><span style=\"color: #ff6600; font-size: 16px;\"><span style=\"font-family: verdana, geneva, sans-serif;\">Ressources\u00a0<\/span><\/span><\/h3>\n<p><span style=\"color: #000080; font-family: verdana, geneva, sans-serif;\">Nous proposons un vaste de choix de ressources et m\u00e9thodes d&rsquo;\u00e9tude des langues!<\/span><\/p>\n<p><span style=\"color: #000080; font-family: verdana, geneva, sans-serif;\">Le stagiaire peut choisir une ressource qui lui convient tant que cela est aussi adapt\u00e9 \u00e0 la situation de handicap de la formatrice et ax\u00e9 atteinte des objectifs de communication g\u00e9n\u00e9rale et\/ou professionnelle, passage d&rsquo;un test visant une certification des acquis, selon le contexte de l&rsquo;\u00e9tude et du financement qui peut imposer certaines modalit\u00e9s. <\/span><\/p>\n<p><span style=\"color: #000080; font-family: verdana, geneva, sans-serif;\"><span style=\"text-decoration: underline;\">Le stagiaire peut aussi choisir<\/span>\u00a0:<\/span><br \/>\n<span style=\"color: #000080; font-family: verdana, geneva, sans-serif;\">\u00a0&#8211; d&rsquo;\u00e9tudier dans un manuel papier ou une version e-learning,<\/span><br \/>\n<span style=\"color: #000080; font-family: verdana, geneva, sans-serif;\">\u00a0&#8211; son outil e-learning entre plusieurs plateformes partenaires,<\/span><br \/>\n<span style=\"color: #000080; font-family: verdana, geneva, sans-serif;\">\u00a0&#8211; de s&rsquo;immerger dans la langue gr\u00e2ce \u00e0 nos jeux de table p\u00e9dagogiques (A1 \u00e0 B1) ou sous hypnose de relaxation, <\/span><br \/>\n<span style=\"color: #000080; font-family: verdana, geneva, sans-serif;\">\u00a0&#8211; d&rsquo;apprendre tout \u00e0 l&rsquo;audio ou \u00e0 l&rsquo;\u00e9crit (sans certification mais avec une attestation de comp\u00e9tences),<\/span><br \/>\n<span style=\"color: #000080; font-family: verdana, geneva, sans-serif;\">\u00a0&#8211; un m\u00e9lange de plusieurs ressources selon ses besoins et objectifs. <\/span><\/p>\n<h3 style=\"font-weight: 400;\"><span style=\"color: #ff6600; font-size: 16px;\"><span style=\"font-family: verdana, geneva, sans-serif;\">Mat\u00e9riel<\/span><\/span><\/h3>\n<p><span style=\"color: #000080; font-family: verdana, geneva, sans-serif;\">Hautparleurs ind\u00e9pendants, lampe antireflet, loupe, p\u00e9daliers individuels, v\u00e9lo d\u2019\u00e9tude assise, tapis de marche-travail debout, ballons de maintien et autres objets antistress pour recentrer l\u2019attention.\u00a0<\/span><\/p>\n<h3 style=\"font-weight: 400;\"><span style=\"color: #ff6600; font-size: 16px;\"><span style=\"font-family: verdana, geneva, sans-serif;\">Salles de classe<\/span><\/span><\/h3>\n<p><span style=\"color: #000080; font-family: verdana, geneva, sans-serif;\">La disposition des salles permet \u00e0 l\u2019\u00e9tudiant kinesth\u00e9sique de se d\u00e9placer, toucher et bouger sur place sans d\u00e9ranger les autres participants pendant les ateliers de mise en pratique des acquis. <\/span><\/p>\n<p><span style=\"color: #000080; font-family: verdana, geneva, sans-serif;\">Cet espace permet l&rsquo;accueil des chaises roulantes standards, d&rsquo;un accompagnant humain ou canin et d&rsquo;un mat\u00e9riel personnel de lecture (apport\u00e9 par le stagiaire). <span style=\"text-decoration: underline;\">Dossier \u00e0 valider en amont de la formation pour la mise en place d&rsquo;un protocole d&rsquo;accompagnement particulier<\/span>.**<\/span><\/p>\n<h3 style=\"font-weight: 400;\"><span style=\"color: #ff6600; font-size: 16px;\"><span style=\"font-family: verdana, geneva, sans-serif;\">Accompagnement personnalis\u00e9<\/span><\/span><\/h3>\n<p><span style=\"color: #000080; font-family: verdana, geneva, sans-serif;\">Au fur et \u00e0 mesure de ses rencontres et de son appr\u00e9ciation des situations de chacun, votre formatrice a vraiment tout mis en place pour une \u00e9tude des langues ans stress :\u00a0<\/span><\/p>\n<p><span style=\"color: #000080; font-family: verdana, geneva, sans-serif;\">La formatrice en langues et gestion du stress est aussi certifi\u00e9e en <a href=\"https:\/\/au-top-sans-stress.fr\/preparation-mentale\/\" target=\"_blank\" rel=\"noopener\">pr\u00e9paration mentale<\/a>, techniques antistress, hypnoth\u00e9rapie et en modelage visage, corps sur v\u00eatements pour renforcer l&rsquo;envie d&rsquo;apprendre ou abaisser le niveau de stress et apaiser l&rsquo;apprenant lorsque la situation le requiert ou sur une demande ant\u00e9rieure.\u00a0<\/span><\/p>\n<p><img loading=\"lazy\" decoding=\"async\" class=\"alignnone size-medium wp-image-10251 aligncenter\" src=\"https:\/\/www.leslanguessansstress.fr\/wp-content\/uploads\/2020\/08\/handicap-reconnu-aux-langues-sans-stress-\u00e0-la-rochette-pr\u00e8s-de-pontcharra-e1614707557454-300x124.png\" alt=\"\" width=\"300\" height=\"124\" srcset=\"https:\/\/www.leslanguessansstress.fr\/wp-content\/uploads\/2020\/08\/handicap-reconnu-aux-langues-sans-stress-\u00e0-la-rochette-pr\u00e8s-de-pontcharra-e1614707557454-300x124.png 300w, https:\/\/www.leslanguessansstress.fr\/wp-content\/uploads\/2020\/08\/handicap-reconnu-aux-langues-sans-stress-\u00e0-la-rochette-pr\u00e8s-de-pontcharra-e1614707557454.png 686w\" sizes=\"auto, (max-width: 300px) 100vw, 300px\" \/><\/p>\n<h2 style=\"font-weight: 400;\"><span style=\"color: #ff6600; font-size: 20px;\"><span style=\"font-family: verdana, geneva, sans-serif;\">Pr\u00e9senter sa RQTH ou document assimil\u00e9 permet de personnaliser l&rsquo;accompagnement de votre formation certifiante en langues sans stress<\/span><\/span><\/h2>\n<p style=\"font-weight: 400;\"><span style=\"color: #000080; font-family: verdana, geneva, sans-serif; font-size: 16px;\"><span style=\"text-decoration: underline;\">La personnalisation de votre parcours ou programme a lieu en amont de l&rsquo;acceptation de la formation<\/span>.<\/span><br \/>\n<span style=\"font-family: verdana, geneva, sans-serif; color: #000080;\">Votre <a href=\"https:\/\/place-handicap.fr\/A-quoi-sert-la-RQTH\" target=\"_blank\" rel=\"noopener\">RQTH<\/a>, peut \u00eatre un document exig\u00e9 pour l&rsquo;enregistrement de votre situation personnelle et de vos besoins lors de <\/span><span style=\"font-family: verdana, geneva, sans-serif; color: #000080;\">l&rsquo;inscription \u00e0 la pr\u00e9paration d&rsquo;une certification linguistique, type TOEIC. <\/span><\/p>\n<p style=\"font-weight: 400;\"><span style=\"font-family: verdana, geneva, sans-serif; color: #000080;\">Ni la pr\u00e9sentation d&rsquo;un handicap, de la RQTH ni la personnalisation d&rsquo;un programme ne sont obligatoires pour s&rsquo;inscrire et suivre une formation. Cela permet simplement de mieux envisager ensemble les moyens techniques, p\u00e9dagogiques et d&rsquo;accompagnement les plus adapt\u00e9s \u00e0 votre situation en faisant intervenir des op\u00e9rateurs tels que Agefiph, Agir-H, etc.\u00a0<\/span><\/p>\n<div id=\"exacc_Dr50YoDbDIinlwSyjKDQBg5\" class=\"MBtdbb\" data-ved=\"2ahUKEwiAmpHIncr3AhWI04UKHTIGCGoQ7NUEegQIEBAD\">\n<div class=\"ymu2Hb\">\n<div id=\"_Dr50YoDbDIinlwSyjKDQBg20\" class=\"t0bRye r2fjmd\" data-hveid=\"CBAQBA\" data-ved=\"2ahUKEwiAmpHIncr3AhWI04UKHTIGCGoQu04oAHoECBAQBA\">\n<div id=\"WEB_ANSWERS_RESULT_21_Dr50YoDbDIinlwSyjKDQBg__20\">\n<div class=\"wDYxhc\" data-md=\"61\">\n<h2 style=\"font-weight: 400;\"><span style=\"color: #ff6600; font-size: 20px;\"><span style=\"font-family: verdana, geneva, sans-serif;\">Accessibilit\u00e9 aux formations professionnelles et cours les langues sans stress<\/span><\/span><\/h2>\n<p style=\"font-weight: 400;\"><span style=\"font-family: verdana, geneva, sans-serif; color: #000080;\">\u00a0&#8211; Entr\u00e9e et salles de plain-pied.<\/span><br \/>\n<span style=\"font-family: verdana, geneva, sans-serif; color: #000080;\">\u00a0&#8211; Hautparleurs ind\u00e9pendants, lampe antireflet, loupe, p\u00e9daliers individuels, v\u00e9lo d\u2019\u00e9tude assise, tapis de marche-travail debout, ballons de maintien et autres objets antistress pour recentrer l\u2019attention. <\/span><br \/>\n<span style=\"font-family: verdana, geneva, sans-serif; color: #000080;\">&#8211; La disposition des salles permet \u00e0 l\u2019\u00e9tudiant <a href=\"https:\/\/www.google.com\/search?client=safari&amp;rls=en&amp;q=kinesth\u00e9sique+personnalit\u00e9&amp;ie=UTF-8&amp;oe=UTF-8\" target=\"_blank\" rel=\"noopener\">kinesth\u00e9sique<\/a> de se d\u00e9placer, toucher et bouger sur place sans d\u00e9ranger les autres participants. Nos jeux de table ouvrent plus de possibilit\u00e9s d&rsquo;assimilation et de participation aux personnes en situation de handicap en favorisant le partage, le toucher, l&rsquo;\u00e9coute active, la prise de parole dans la bonne humeur, autour d&rsquo;un th\u00e8me commun.<\/span><br \/>\n<span style=\"font-family: verdana, geneva, sans-serif; color: #000080;\">\u00a0&#8211; Ce double espace &#8211; classe pour cours de langue et salle gestion du stress et d&rsquo;hypnose de relaxation &#8211; permet l&rsquo;accueil des des chaises roulantes standards, d&rsquo;un accompagnant humain ou canin et d&rsquo;un mat\u00e9riel personnel de lecture apport\u00e9 par le stagiaire. **<\/span><\/p>\n<p><span style=\"color: #000080; font-family: verdana, geneva, sans-serif;\"><strong>Information S\u00c9CURIT\u00c9<\/strong> ERP 5\u00e8me cat\u00e9gorie : notre \u00e9tablissement totalement de plain-pied. Un extincteur est dispos\u00e9 de mani\u00e8re visible entre les deux salles communicantes et accessibles en chaise roulante. Les alarmes sont tr\u00e8s audibles. L&rsquo;\u00e9tablissement b\u00e9n\u00e9ficie de deux entr\u00e9es et sorties distinctes et \u00e9loign\u00e9es l&rsquo;une de l&rsquo;autre dans la Rue Maurice Rey soit une ouverture dans chaque salle. L&rsquo;affichage des deux acc\u00e8s est visible de toute part dans chacune des salles. Seule la salle d&rsquo;accueil et d&rsquo;\u00e9tude des langues permet l&rsquo;entr\u00e9e et la sortie sans aide d&rsquo;un fauteuil roulant normalis\u00e9. Nous ne proposons pas de cours en soir\u00e9e lorsqu&rsquo;il n&rsquo;y pas de visibilit\u00e9 dehors (sauf demande express d&rsquo;un client) ; Les sorties sont donc toujours parfaitement visibles et tr\u00e8s proches.<\/span><\/p>\n<\/div>\n<\/div>\n<\/div>\n<\/div>\n<\/div>\n<h2 style=\"font-weight: 400;\"><span style=\"color: #ff6600; font-size: 20px;\"><span style=\"font-family: verdana, geneva, sans-serif;\"><span style=\"font-family: verdana, geneva, sans-serif;\">Echanges confidentiels avec la r\u00e9f\u00e9rente handicap <\/span><span style=\"font-family: verdana, geneva, sans-serif;\"> \u00e0 contactpro@leslanguessansstress.fr<\/span><\/span><\/span><\/h2>\n<p><span style=\"font-family: verdana, geneva, sans-serif; color: #000080;\"><span style=\"text-decoration: underline;\">Dossier Handicap \u00e0 valider en amont de la formation pour la mise en place d&rsquo;un protocole d&rsquo;accompagnement particulier si besoin<\/span>.<\/span><br \/>\n<span style=\"font-family: verdana, geneva, sans-serif; color: #000080;\">Vous pouvez obtenir des informations comple\u0301mentaires pour la mise en \u0153uvre d\u2019actions de compensation en amont de vos cours aupre\u0300s de la responsable formation re\u0301fe\u0301rente handicap : <\/span><br \/>\n<span style=\"font-family: verdana, geneva, sans-serif; color: #000080;\">Val\u00e9rie Neyret-Vachey <strong><a href=\"https:\/\/www.leslanguessansstress.fr\/index.php\/contact\/\" target=\"_blank\" rel=\"noopener\">contacter la r\u00e9f\u00e9rente Handicap et formatrice<\/a><\/strong><\/span><br \/>\n<span style=\"color: #000080; font-family: verdana, geneva, sans-serif;\"><strong>O6 18 01 18 09<\/strong> (8H-10H et 14-15H du lundi au vendredi et entre les prestations en lui laissant un message avec vos coordonn\u00e9es et disponibilit\u00e9s) \u00a0<\/span><br \/>\n<span style=\"color: #000080; font-family: verdana, geneva, sans-serif;\">Tous nos \u00e9changes sur une situation de handicap ou un besoin particulier d&rsquo;accompagnement sont confidentiels. <\/span><\/p>\n<p><img loading=\"lazy\" decoding=\"async\" class=\"alignnone size-full wp-image-10252 aligncenter\" src=\"https:\/\/www.leslanguessansstress.fr\/wp-content\/uploads\/2020\/05\/handicap-et-langues-vivantes-savoie-is\u00e8re.png\" alt=\"\" width=\"300\" height=\"139\" \/><\/p>\n<h2 style=\"font-weight: 400;\"><span style=\"color: #ff6600; font-size: 20px;\"><span style=\"font-family: verdana, geneva, sans-serif;\">Accompagnement non intrusif avec un soutien aupr\u00e8s des personnes en situation de handicap et en difficult\u00e9 d&rsquo;apprentissage\u00a0<\/span><\/span><\/h2>\n<p><span style=\"color: #000080; font-family: verdana, geneva, sans-serif;\">L\u2019organisme de formation\u00a0<strong>les langues sans stress <\/strong>s\u2019engage depuis 2016, date de sa cr\u00e9ation aupr\u00e8s des publics en situation de handicap, afin de les\u00a0<strong>accompagne<\/strong><strong>r<\/strong>\u00a0au mieux dans leur insertion sur le march\u00e9 de l\u2019emploi avec des formations adapt\u00e9es \u00e0 leur handicap et de les\u00a0<strong>soutenir<\/strong>\u00a0dans leurs perspectives d\u2019\u00e9volution personnelle et professionnelle.<\/span><\/p>\n<p><span style=\"color: #000080; font-family: verdana, geneva, sans-serif;\">Val\u00e9rie Neyret-Vachey, elle-m\u00eame en situation de handicap, \u00a0<strong>conseill\u00e8re\u00a0r\u00e9f\u00e9rente handicap<\/strong> et fondatrice dirigeante de l&rsquo;organisme de formation <strong>Les langues sans stress <\/strong>s\u2019engage \u00e0 remplir les missions suivantes :\u00a0<\/span><br \/>\n<span style=\"color: #000080; font-family: verdana, geneva, sans-serif;\">D\u00e9ployer la politique handicap<\/span><br \/>\n<span style=\"color: #000080; font-family: verdana, geneva, sans-serif;\">D\u00e9velopper et suivre les partenariats externes *<\/span><br \/>\n<span style=\"color: #000080; font-family: verdana, geneva, sans-serif;\">Participer \u00e0 la journ\u00e9e de la diversit\u00e9 et du handicap au niveau de la commune *<\/span><br \/>\n<span style=\"color: #000080; font-family: verdana, geneva, sans-serif;\">Organiser des actions de communication et d\u2019information en interne et en externe<\/span><br \/>\n<span style=\"color: #000080; font-family: verdana, geneva, sans-serif;\">Promouvoir une dynamique sur l\u2019engagement autour du handicap<\/span><br \/>\n<span style=\"color: #000080; font-family: verdana, geneva, sans-serif;\">Accueillir nos clients et stagiaires en situation de handicap ainsi que leur accompagnant <\/span><br \/>\n<span style=\"color: #000080; font-family: verdana, geneva, sans-serif;\">Informer et orienter les clients et stagiaires en situation de handicap<\/span><br \/>\n<span style=\"color: #000080; font-family: verdana, geneva, sans-serif;\">Participer au forum de l\u2019emploi Diversit\u00e9 et handicap d\u00e8s que possible*<\/span><br \/>\n<span style=\"color: #000080; font-family: verdana, geneva, sans-serif;\">Favoriser l\u2019insertion et l\u2019\u00e9volution professionnelle des stagiaires et salari\u00e9s en situation de handicap<\/span><\/p>\n<p><img loading=\"lazy\" decoding=\"async\" class=\"alignnone wp-image-16444 aligncenter\" src=\"https:\/\/www.leslanguessansstress.fr\/wp-content\/uploads\/2024\/08\/20240828-charte-de-deontologie-Qualiopi--300x271.jpg\" alt=\"\" width=\"203\" height=\"183\" srcset=\"https:\/\/www.leslanguessansstress.fr\/wp-content\/uploads\/2024\/08\/20240828-charte-de-deontologie-Qualiopi--300x271.jpg 300w, https:\/\/www.leslanguessansstress.fr\/wp-content\/uploads\/2024\/08\/20240828-charte-de-deontologie-Qualiopi-.jpg 370w\" sizes=\"auto, (max-width: 203px) 100vw, 203px\" \/><\/p>\n<h2><span style=\"color: #000080; font-size: 16px;\"><span style=\"font-family: verdana, geneva, sans-serif;\">2 &#8211; Veille pour d\u00e9velopper ensemble un accueil et accompagnement adapt\u00e9s.<\/span><\/span><\/h2>\n<p><span style=\"color: #000080; font-family: verdana, geneva, sans-serif;\">L&rsquo;accueil des personnes en situation de handicap est adapt\u00e9 \u00e0 chacun des cas pr\u00e9sent\u00e9s. Lorsque la situation personnelle de nos clients et stagiaires ne permet pas un accueil ais\u00e9, nous proposons des formules \u00e0 distance ou nous nous d\u00e9pla\u00e7ons selon le besoin.<\/span><\/p>\n<h3 style=\"font-weight: 400;\"><span style=\"color: #ff6600; font-size: 20px;\"><span style=\"font-family: verdana, geneva, sans-serif;\">Favorisons l&rsquo;inclusion des apprenants et professionnels en situations de handicap<\/span><\/span><\/h3>\n<p><span style=\"color: #000080; font-family: verdana, geneva, sans-serif;\">Les liens vers des sites Internet et informations lues sur le Net ci-dessous s&rsquo;adressent aussi bien aux personnes sans limitations fonctionnelles qu&rsquo;aux personnes en situation de handicap. <\/span><br \/>\n<span style=\"color: #000080; font-family: verdana, geneva, sans-serif;\">Laissons notre esprit s&rsquo;ouvrir et rester curieux!<\/span><\/p>\n<p><span style=\"font-family: verdana, geneva, sans-serif; color: #000080; font-size: 16px;\">2026 03 31 acc\u00e8s aux <a href=\"https:\/\/appuipro.agefiph.fr\/learn\/signin;redirectURL=%2Flearn%2Fcourses%2F1393%2Finstant-rrh-2026-securiser-lemploi-des-salaries-en-situation-de-handicap-les-solutions-cles-de-lagefiph\" target=\"_blank\" rel=\"noopener\">Modul&rsquo;pro de l&rsquo;Agefiph<\/a><\/span><\/p>\n<p><span style=\"font-family: verdana, geneva, sans-serif; color: #000080; font-size: 16px;\">2026 03 22 : <a href=\"https:\/\/www.fiphfp.fr\/node\/60958\" target=\"_blank\" rel=\"noopener\">auto-diagnostic emploi fiphfp<\/a>\u00a0<\/span><\/p>\n<p><span style=\"font-family: verdana, geneva, sans-serif; color: #000080; font-size: 16px;\">2026 03 21 : <a href=\"https:\/\/www.economie.gouv.fr\/entreprises\/trouver-des-aides-et-des-financements\/les-aides-et-financements-pour-developper-son-8#\" target=\"_blank\" rel=\"noopener\">Quels avantages pour l&rsquo;entreprise<\/a> qui engage un salari\u00e9 handicap\u00e9?<\/span><\/p>\n<p><span style=\"font-family: verdana, geneva, sans-serif; color: #000080; font-size: 16px;\">2026 03 12 : acc\u00e8s information en temps r\u00e9el de l&rsquo;<a href=\"https:\/\/www.youtube.com\/channel\/UCJv20zWZkIQR1X_0nk6T0jQ\" target=\"_blank\" rel=\"noopener\">AGEFIPH YouTube<\/a><\/span><\/p>\n<p><span style=\"font-family: verdana, geneva, sans-serif; color: #000080; font-size: 16px;\">2026 01 22 : Lancement de l&rsquo;<a href=\"https:\/\/www.agefiph.fr\/evenements-handicap\/lancement-de-lautodiagnostic-emploi-handicap#:~:text=L'autodiagnostic%20emploi%20et%20handicap%20est%20un%20outil%20en%20ligne,personnes%20handicap\u00e9es%20dans%20votre%20entreprise.\" target=\"_blank\" rel=\"noopener\">autodiagnostic emploi handicap<\/a> par l&rsquo;Agefiph pour se tenir au courant et d\u00e9velopper ensemble un accueil et accompagnement adapt\u00e9 au plus pr\u00e8s des besoins de la personne en situation de handicap.<\/span><\/p>\n<p><span style=\"font-family: verdana, geneva, sans-serif; color: #000080; font-size: 16px;\">2025 octobre : <a href=\"https:\/\/www.handipoursuite.fr\/app\/#\/lebonprofil\" target=\"_blank\" rel=\"noopener\">jeu Handi poursuite<\/a> &#8211; \u00a0<a href=\"https:\/\/www.activateurdeprogres.fr\/landing-page\/activateurdeprogres-des-outils-pour-sensibiliser\" target=\"_blank\" rel=\"noopener\">Activ Box Agefiph<\/a><\/span><\/p>\n<p><span style=\"font-family: verdana, geneva, sans-serif; color: #000080; font-size: 16px;\">2025 AOUT : <a href=\"https:\/\/www.leslanguessansstress.fr\/wp-content\/uploads\/2025\/03\/TOEIC-2025-HANDI-Z3_10JbqstJ99Q81_demande-amenagement-de-session.pdf\">TOEIC 2025 HANDI Z3_10JbqstJ99Q81_demande-amenagement-de-session<\/a><\/span><\/p>\n<p><span style=\"font-family: verdana, geneva, sans-serif; color: #000080; font-size: 16px;\">2025 03 20 : <a href=\"https:\/\/youtu.be\/3xHsKWNvCs4?feature=shared\" target=\"_blank\" rel=\"noopener\">webinaire Handicap et formation<\/a> : s\u00e9curiser les parcours avec le Dispositif de Formation Accompagn\u00e9e (DFA)<\/span><\/p>\n<p><span style=\"color: #000080; font-family: verdana, geneva, sans-serif;\">2024 10 22 : Entreprendre.Service-Public.fr \u2192 <a href=\"https:\/\/entreprendre.service-public.fr\/actualites\/A17769\" target=\"_blank\" rel=\"noopener\">DuoDay inscriptions<\/a>\u00a0information dont l&rsquo;objectif est de favoriser l&rsquo;inclusion des personnes en situation de handicap sur le march\u00e9 du travail.<\/span><\/p>\n<p><span style=\"color: #000080; font-family: verdana, geneva, sans-serif;\"><span style=\"color: #000080; font-family: verdana, geneva, sans-serif; font-size: 16px;\">2025 Septembre : la formatrice et dirigeante a fait la demande de partenariat avec H+.\u00a0<\/span><\/span><span style=\"color: #000080; font-family: verdana, geneva, sans-serif;\">Novembre 2024 : <\/span><span style=\"color: #000080; font-family: verdana, geneva, sans-serif;\">Il semble que la diff\u00e9rence impos\u00e9e par la situation de handicap de la formatrice Les langues sans stress ne corresponde pas aux exigences strictes de planning pour la remise de documents exig\u00e9s sous quelques semaines par le service ALTER EGO H+ mais nous tenterons cette adh\u00e9sion un prochain semestre si le protocole <\/span><span style=\"color: #000080; font-family: verdana, geneva, sans-serif;\"><a href=\"https:\/\/handicap-plus.auvergnerhonealpes.fr\/\" target=\"_blank\" rel=\"noopener\">ALTER EGO H+ Formation<\/a> trouve une solution pour adapter son protocole <\/span><span style=\"color: #000080; font-family: verdana, geneva, sans-serif;\">d&rsquo;inscription et de remise de documentation preuve <\/span><span style=\"color: #000080; font-family: verdana, geneva, sans-serif;\">\u00e0 cette diff\u00e9rence d&rsquo;un partenaire qui semble nouvelle pour leur service.<br \/>\n<\/span><span style=\"color: #000080; font-family: verdana, geneva, sans-serif;\">Nous cherchons entre temps d&rsquo;autres moyens pour <\/span><span style=\"color: #000080; font-family: verdana, geneva, sans-serif; font-size: 16px;\">\u00a0mieux comprendre la diversit\u00e9 du handicap et les besoins de chacun.\u00a0<\/span><\/p>\n<p><span style=\"font-family: verdana, geneva, sans-serif; color: #000080;\">Information pour la <a href=\"https:\/\/www.service-public.fr\/particuliers\/vosdroits\/R19993\" target=\"_blank\" rel=\"noopener\">reconnaissance du handicap<\/a>\u00a0si vous \u00eates dans cette d\u00e9marche.<\/span><\/p>\n<p><span style=\"color: #000080; font-family: verdana, geneva, sans-serif;\"><a href=\"https:\/\/www.monparcourshandicap.gouv.fr\/\" target=\"_blank\" rel=\"noopener\">Mon Parcours Handicap<\/a>\u00a0est\u00a0une plateforme d\u2019information, d\u2019orientation et de services pour les personnes en situation de handicap\u00a0et leurs proches aidants\u00a0con\u00e7ue, pour le compte de l\u2019\u00c9tat et\u00a0en \u00e9troite collaboration, par la Caisse des D\u00e9p\u00f4ts et la Caisse nationale de solidarit\u00e9 pour l\u2019autonomie (Cnsa).<\/span><\/p>\n<p><span style=\"color: #000080; font-family: verdana, geneva, sans-serif;\">Quand certaines <a href=\"https:\/\/www.activateurdeprogres.fr\/sites\/default\/files\/2022-06\/guide-collaborateurs-standard.pdf\" target=\"_blank\" rel=\"noopener\">addictions<\/a> deviennent un handicap au travail ou pendant les \u00e9tudes.<\/span><\/p>\n<p>&nbsp;<\/p>\n<p>&#8211; \u00a0 &#8211; \u00a0 &#8211; \u00a0 &#8211; \u00a0 &#8211; \u00a0 &#8211; \u00a0 &#8211; \u00a0 &#8211; \u00a0 &#8211; \u00a0 &#8211;<\/p>\n<p><span style=\"color: #000080; font-family: verdana, geneva, sans-serif;\">\u00a0* <span style=\"font-size: 14px;\">selon capacit\u00e9 de la r\u00e9f\u00e9rente en situation de handicap \u00e0 se d\u00e9placer.<\/span><\/span><\/p>\n<p><span style=\"color: #000080; font-family: verdana, geneva, sans-serif;\">**<span style=\"font-size: 14px;\"> La configuration de l&rsquo;immeuble ancien qui abrite nos classes ne permet pas un acc\u00e8s ais\u00e9 des toilettes aux chaises roulantes standard mais des\u00a0<a href=\"https:\/\/www.toilettespubliques.com\/valgelon-la-rochette-73215\/pmr\" target=\"_blank\" rel=\"noopener\">toilettes PMR<\/a> sont accessibles \u00e0 moins de 2 minutes \u00e0 pied dans la m\u00eame rue (v\u00e9rifier aupr\u00e8s des services de la Mairie de La Rochette s&rsquo;ils sont ouverts en permanence ou s&rsquo;il faut se procurer un double des cl\u00e9s au 04 79 25 50 32 et par email ou site Web <a href=\"https:\/\/www.valgelon-la-rochette.com\" target=\"_blank\" rel=\"noopener\">contact Mairie Val Gelon La Rochette<\/a>)<\/span><\/span><\/p>\n<\/div>\n<\/div>\n<\/div>\n","protected":false},"excerpt":{"rendered":"<p>2026 03 31 Chers Partenaires, si, comme moi, vous \u00eates int\u00e9ress\u00e9 par ce sujet :<\/p>\n","protected":false},"author":1,"featured_media":9194,"comment_status":"closed","ping_status":"open","sticky":false,"template":"","format":"standard","meta":{"footnotes":""},"categories":[80,176,432],"tags":[742,429,456,445,526,636],"class_list":["post-13558","post","type-post","status-publish","format-standard","has-post-thumbnail","hentry","category-actualites","category-information-documentation","category-langues","tag-accessibilite","tag-actualite","tag-adaptation","tag-information","tag-modalites","tag-situation-de-handicap"],"_links":{"self":[{"href":"https:\/\/www.leslanguessansstress.fr\/index.php\/wp-json\/wp\/v2\/posts\/13558","targetHints":{"allow":["GET"]}}],"collection":[{"href":"https:\/\/www.leslanguessansstress.fr\/index.php\/wp-json\/wp\/v2\/posts"}],"about":[{"href":"https:\/\/www.leslanguessansstress.fr\/index.php\/wp-json\/wp\/v2\/types\/post"}],"author":[{"embeddable":true,"href":"https:\/\/www.leslanguessansstress.fr\/index.php\/wp-json\/wp\/v2\/users\/1"}],"replies":[{"embeddable":true,"href":"https:\/\/www.leslanguessansstress.fr\/index.php\/wp-json\/wp\/v2\/comments?post=13558"}],"version-history":[{"count":33,"href":"https:\/\/www.leslanguessansstress.fr\/index.php\/wp-json\/wp\/v2\/posts\/13558\/revisions"}],"predecessor-version":[{"id":19239,"href":"https:\/\/www.leslanguessansstress.fr\/index.php\/wp-json\/wp\/v2\/posts\/13558\/revisions\/19239"}],"wp:featuredmedia":[{"embeddable":true,"href":"https:\/\/www.leslanguessansstress.fr\/index.php\/wp-json\/wp\/v2\/media\/9194"}],"wp:attachment":[{"href":"https:\/\/www.leslanguessansstress.fr\/index.php\/wp-json\/wp\/v2\/media?parent=13558"}],"wp:term":[{"taxonomy":"category","embeddable":true,"href":"https:\/\/www.leslanguessansstress.fr\/index.php\/wp-json\/wp\/v2\/categories?post=13558"},{"taxonomy":"post_tag","embeddable":true,"href":"https:\/\/www.leslanguessansstress.fr\/index.php\/wp-json\/wp\/v2\/tags?post=13558"}],"curies":[{"name":"wp","href":"https:\/\/api.w.org\/{rel}","templated":true}]}}