{"id":13421,"date":"2026-01-27T07:43:11","date_gmt":"2026-01-27T06:43:11","guid":{"rendered":"https:\/\/www.leslanguessansstress.fr\/?p=13421"},"modified":"2026-01-27T18:15:39","modified_gmt":"2026-01-27T17:15:39","slug":"francais-alphabetisation-cpf","status":"publish","type":"post","link":"https:\/\/www.leslanguessansstress.fr\/index.php\/2026\/01\/27\/francais-alphabetisation-cpf\/","title":{"rendered":"Fran\u00e7ais FLE Alphab\u00e9tisation"},"content":{"rendered":"<h1><span style=\"font-family: arial, helvetica, sans-serif; font-size: 14px;\"><img loading=\"lazy\" decoding=\"async\" class=\"alignnone size-medium wp-image-14383 aligncenter\" src=\"https:\/\/www.leslanguessansstress.fr\/wp-content\/uploads\/2022\/10\/QUALIOPI-action-de-formation-renouvele\u0301-20221009-Les-langues-sans-stress--300x193.jpg\" alt=\"\" width=\"300\" height=\"193\" srcset=\"https:\/\/www.leslanguessansstress.fr\/wp-content\/uploads\/2022\/10\/QUALIOPI-action-de-formation-renouvele\u0301-20221009-Les-langues-sans-stress--300x193.jpg 300w, https:\/\/www.leslanguessansstress.fr\/wp-content\/uploads\/2022\/10\/QUALIOPI-action-de-formation-renouvele\u0301-20221009-Les-langues-sans-stress--1024x660.jpg 1024w, https:\/\/www.leslanguessansstress.fr\/wp-content\/uploads\/2022\/10\/QUALIOPI-action-de-formation-renouvele\u0301-20221009-Les-langues-sans-stress--768x495.jpg 768w, https:\/\/www.leslanguessansstress.fr\/wp-content\/uploads\/2022\/10\/QUALIOPI-action-de-formation-renouvele\u0301-20221009-Les-langues-sans-stress-.jpg 1504w\" sizes=\"auto, (max-width: 300px) 100vw, 300px\" \/><\/span><\/h1>\n<p><span style=\"font-family: arial, helvetica, sans-serif; color: #000080; font-size: 14px;\">Certaines personnes \u00e9trang\u00e8res ne savent ni lire et ni \u00e9crire leur langue maternelle et reculent face \u00e0 l&rsquo;apprentissage du fran\u00e7ais.<\/span><br \/>\n<span style=\"font-family: arial, helvetica, sans-serif; color: #000080; font-size: 14px;\">D&rsquo;autres n&rsquo;osent pas d\u00fb \u00e0 leur \u00e2ge ou d&rsquo;autres freins culturels ou religieux, peur du jugement&#8230;<\/span><br \/>\n<span style=\"font-family: arial, helvetica, sans-serif; color: #000080; font-size: 14px;\">Nous avons con\u00e7u un parcours attrayant avec un accompagnement tr\u00e8s ludique et bienveillant adapt\u00e9 \u00e0 chaque cas et profil d&rsquo;apprenant. <\/span><\/p>\n<blockquote><p><span style=\"font-family: arial, helvetica, sans-serif; color: #000080; font-size: 14px;\">Lorsqu&rsquo;il s&rsquo;agit d&rsquo;un ressortissant fran\u00e7ais, quelque soit la raison de son besoin d&rsquo;alphab\u00e9tisation, nous l&rsquo;int\u00e9grons dans ce groupe convivial s&rsquo;il n&rsquo;a pas eu acc\u00e8s \u00e0 l&rsquo;apprentissage des bases du fran\u00e7ais \u00e9crit, confond les lettres et groupes de lettres, a peur du regard de ses concitoyens.\u00a0<\/span><\/p><\/blockquote>\n<p><span style=\"font-family: arial, helvetica, sans-serif; color: #000080; font-size: 14px;\">Cet accompagnement FLE et FLM peut \u00eatre individuel ou mixte ou en mini groupe mixte. <\/span><\/p>\n<p><span style=\"font-family: arial, helvetica, sans-serif; color: #000080; font-size: 14px;\">Bienvenue dans notre parcours d&rsquo;alphab\u00e9tisation et initiation au fran\u00e7ais courant pour l&rsquo;adulte et le professionnel, parce qu&rsquo;apprendre peut vraiment \u00eatre une activit\u00e9 joyeuse et attrayante tout en \u00e9tant efficace \u00e0 chaque \u00e9tape de la vie.<\/span><\/p>\n<h1 style=\"font-weight: 400;\"><span style=\"font-family: arial, helvetica, sans-serif; color: #0000ff; font-size: 20px;\">Alphab\u00e9tisation en fran\u00e7ais &#8211; Apprendre \u00e0 lire et \u00e9crire, mieux s&rsquo;exprimer et comprendre son environnement<\/span><\/h1>\n<div><span style=\"color: #000080; font-family: arial, helvetica, sans-serif; font-size: 14px;\"><strong>Objectif p\u00e9dagogique<\/strong><br \/>\nAcqu\u00e9rir ou renforcer les bases fondamentales de la communication \u00e9crite et orale en fran\u00e7ais dans le cadre d&rsquo;une alphab\u00e9tisation pour mieux comprendre et s&rsquo;int\u00e9grer dans son environnement habituel et au poste de travail ou pendant des d\u00e9placements.<br \/>\n<\/span><\/div>\n<p><span style=\"color: #000080; font-family: arial, helvetica, sans-serif; font-size: 14px;\"><strong>Point fort : parcours \u00e0 plusieurs niveaux accessible selon les besoins d\u00e9cel\u00e9s chez le stagiaire<\/strong><\/span><br \/>\n<span style=\"color: #000080; font-family: arial, helvetica, sans-serif; font-size: 14px;\">Atelier de d\u00e9chiffrage, lecture et d&rsquo;\u00e9criture en fran\u00e7ais du quotidien et en entreprise.<\/span><br \/>\n<span style=\"color: #000080; font-family: arial, helvetica, sans-serif; font-size: 14px;\">Atelier jeux et conversation de base en fran\u00e7ais courant avec mises en situations r\u00e9elles pour une meilleure immersion. <\/span><br \/>\n<span style=\"color: #000080; font-family: arial, helvetica, sans-serif; font-size: 14px;\">Accompagnement bienveillant avec activit\u00e9s ludiques et antistress. <\/span><br \/>\n<span style=\"color: #000080; font-family: arial, helvetica, sans-serif; font-size: 14px;\">Site \u00e0 consulter en autodidacte ou accompagn\u00e9 : <a href=\"https:\/\/francaispouradultes.fr\/page_exo\/exo-alphabet-a.php\" target=\"_blank\" rel=\"noopener\">le fran\u00e7ais pour adultes<\/a><\/span><\/p>\n<div>\n<div>\n<h2 style=\"font-weight: 400;\"><span style=\"font-family: arial, helvetica, sans-serif; color: #0000ff; font-size: 20px;\">Programme d&rsquo;alphab\u00e9tisation en fran\u00e7ais &#8211; bases niveau A1.1<\/span><\/h2>\n<\/div>\n<div><span style=\"font-family: arial, helvetica, sans-serif; font-size: 14px;\"><strong style=\"color: #000080;\">SANS STRESS\u00a0<\/strong><\/span><\/div>\n<\/div>\n<div>\n<p><span style=\"color: #000080; font-family: arial, helvetica, sans-serif; font-size: 14px;\">Ce programme est totalement adaptable au stagiaire et \u00e0 sa vitesse personnelle de progression dans les le\u00e7ons. Certaines s\u00e9ances peuvent se d\u00e9rouler sous hypnose de relaxation pour un apprentissage plus effectif.<\/span><\/p>\n<p><span style=\"font-family: arial, helvetica, sans-serif; font-size: 14px;\"><strong><span style=\"color: #000080;\">CONTENU<\/span><\/strong><\/span><br \/>\n<span style=\"font-family: arial, helvetica, sans-serif; font-size: 14px; color: #000080;\">Approche sur-mesure du contenu de la formation \u00e9labor\u00e9 en fonction des comp\u00e9tences \u00e0 d\u00e9velopper en priorit\u00e9 avec int\u00e9gration constante d\u2019activit\u00e9s ludiques et de documents authentiques au contexte souhait\u00e9 par le participant ou l\u2019entreprise<\/span><br \/>\n<span style=\"font-family: arial, helvetica, sans-serif; font-size: 14px; color: #000080;\">Niveau A1.1<\/span><br \/>\n<span style=\"font-family: arial, helvetica, sans-serif; font-size: 14px; color: #000080;\">A1.1 Alphab\u00e9tisation rapide \/renforcement d&rsquo;acquis\u00a0 lointains : 30 \u00e0 70 heures<\/span><br \/>\n<span style=\"font-family: arial, helvetica, sans-serif; font-size: 14px; color: #000080;\">A1.1 Alphab\u00e9tisation adaptative contextes quotidien et professionnel : 120 heures<\/span><br \/>\n<span style=\"font-family: arial, helvetica, sans-serif; font-size: 14px; color: #000080;\">D\u00e9couverte du fran\u00e7ais en contexte professionnel et de vie courante pour une meilleure int\u00e9gration en France<\/span><br \/>\n<span style=\"font-family: arial, helvetica, sans-serif; font-size: 14px; color: #000080;\">D\u00e9couverte des lettres, des sons et graphies, des mots, des liaisons, lettres muettes, \u2026<\/span><br \/>\n<span style=\"font-family: arial, helvetica, sans-serif; font-size: 14px; color: #000080;\">Lire et copier des mots, de petites phrases puis \u00e9crire sous la dict\u00e9e des mots et petites phrases<\/span><br \/>\n<span style=\"font-family: arial, helvetica, sans-serif; font-size: 14px; color: #000080;\">Elargir son vocabulaire selon les besoins ressentis<\/span><\/p>\n<p><span style=\"font-family: arial, helvetica, sans-serif; font-size: 14px; color: #000080;\">Contexte d\u2019\u00e9tude de la langue fran\u00e7aise, niveau alphab\u00e9tisation A1.1 du CECRL<\/span><\/p>\n<p><span style=\"font-family: arial, helvetica, sans-serif; font-size: 14px;\"><strong><span style=\"color: #000080;\">AU QUOTIDIEN<\/span><\/strong><\/span><br \/>\n<span style=\"font-family: arial, helvetica, sans-serif; font-size: 14px; color: #000080;\">Identifier les besoins et les priorit\u00e9s<\/span><br \/>\n<span style=\"font-family: arial, helvetica, sans-serif; font-size: 14px; color: #000080;\">Donner son identit\u00e9<\/span><br \/>\n<span style=\"font-family: arial, helvetica, sans-serif; font-size: 14px; color: #000080;\">Se pr\u00e9senter et pr\u00e9senter une personne<\/span><br \/>\n<span style=\"font-family: arial, helvetica, sans-serif; font-size: 14px; color: #000080;\">En ville : \u00ab je suis perdu \u00bb : le bus, la rue<\/span><br \/>\n<span style=\"font-family: arial, helvetica, sans-serif; font-size: 14px; color: #000080;\">En ville : donner et aller \u00e0 un rendez-vous<\/span><br \/>\n<span style=\"font-family: arial, helvetica, sans-serif; font-size: 14px; color: #000080;\">Les chiffres : exprimer la date <\/span><br \/>\n<span style=\"font-family: arial, helvetica, sans-serif; font-size: 14px; color: #000080;\">S\u2019exprimer au t\u00e9l\u00e9phone : prendre et donner des informations \u00e9crites<\/span><br \/>\n<span style=\"font-family: arial, helvetica, sans-serif; font-size: 14px; color: #000080;\">La famille : acte et date de naissance<\/span><br \/>\n<span style=\"font-family: arial, helvetica, sans-serif; font-size: 14px; color: #000080;\">La situation familiale<\/span><br \/>\n<span style=\"font-family: arial, helvetica, sans-serif; font-size: 14px; color: #000080;\">A la Poste : l\u2019adresse, le recommand\u00e9<\/span><br \/>\n<span style=\"font-family: arial, helvetica, sans-serif; font-size: 14px; color: #000080;\">Faire les courses : la liste, au march\u00e9<\/span><br \/>\n<span style=\"font-family: arial, helvetica, sans-serif; font-size: 14px; color: #000080;\">\u00c0 la banque<\/span><br \/>\n<span style=\"font-family: arial, helvetica, sans-serif; font-size: 14px; color: #000080;\">La sant\u00e9 : chez le m\u00e9decin, \u00e0 la pharmacie<\/span><br \/>\n<span style=\"font-family: arial, helvetica, sans-serif; font-size: 14px; color: #000080;\">A l\u2019\u00e9cole<\/span><br \/>\n<span style=\"font-family: arial, helvetica, sans-serif; font-size: 14px; color: #000080;\">Le logement<\/span><br \/>\n<span style=\"font-family: arial, helvetica, sans-serif; font-size: 14px; color: #000080;\">Les loisirs et l\u2019heure<\/span><br \/>\n<span style=\"font-family: arial, helvetica, sans-serif; font-size: 14px; color: #000080;\">Se d\u00e9placer : train ou avion \u2013 m\u00e9tro ou v\u00e9lo ?<\/span><br \/>\n<span style=\"font-family: arial, helvetica, sans-serif; font-size: 14px; color: #000080;\">Se d\u00e9placer : bus, taxi, moto ou voiture ?<\/span><br \/>\n<span style=\"font-family: arial, helvetica, sans-serif; font-size: 14px; color: #000080;\">Se d\u00e9placer \u00e0 pied<\/span><br \/>\n<span style=\"font-family: arial, helvetica, sans-serif; font-size: 14px; color: #000080;\">Le travail ** (voir : en entreprise)<\/span><br \/>\n<span style=\"font-family: arial, helvetica, sans-serif; font-size: 14px; color: #000080;\">Ordinateur et tablette : connect\u00e9 ou d\u00e9connect\u00e9 ?<\/span><br \/>\n<span style=\"font-family: arial, helvetica, sans-serif; font-size: 14px; color: #000080;\">Libert\u00e9, \u00c9galit\u00e9, Fraternit\u00e9<\/span><\/p>\n<p><span style=\"font-family: arial, helvetica, sans-serif; font-size: 14px;\"><strong><span style=\"color: #000080;\">EN ENTREPRISE<\/span><\/strong><\/span><br \/>\n<span style=\"font-family: arial, helvetica, sans-serif; font-size: 14px; color: #000080;\">La carte de visite<\/span><br \/>\n<span style=\"font-family: arial, helvetica, sans-serif; font-size: 14px; color: #000080;\">les d\u00e9buts en entreprise<\/span><br \/>\n<span style=\"font-family: arial, helvetica, sans-serif; font-size: 14px; color: #000080;\">L\u2019installation au poste<\/span><br \/>\n<span style=\"font-family: arial, helvetica, sans-serif; font-size: 14px; color: #000080;\">L\u2019emploi du temps<\/span><br \/>\n<span style=\"font-family: arial, helvetica, sans-serif; font-size: 14px; color: #000080;\">Action !<\/span><br \/>\n<span style=\"font-family: arial, helvetica, sans-serif; font-size: 14px; color: #000080;\">En route<\/span><br \/>\n<span style=\"font-family: arial, helvetica, sans-serif; font-size: 14px; color: #000080;\">Le travail jour apr\u00e8s jour<\/span><br \/>\n<span style=\"font-family: arial, helvetica, sans-serif; font-size: 14px; color: #000080;\">Le travail d\u2019\u00e9quipe<\/span><\/p>\n<div><\/div>\n<div><span style=\"color: #000080; font-family: arial, helvetica, sans-serif; font-size: 14px;\"><strong><a style=\"color: #000080;\" href=\"https:\/\/www.leslanguessansstress.fr\/index.php\/2022\/02\/27\/contenu-standard-des-formations\/\" target=\"_blank\" rel=\"noopener\">Information sur le contenu standard<\/a>\u00a0<\/strong><\/span><\/div>\n<p><span style=\"font-family: arial, helvetica, sans-serif; font-size: 14px;\"><strong><span style=\"color: #000080;\">M\u00e9thodologie<\/span><\/strong><\/span><br \/>\n<span style=\"font-family: arial, helvetica, sans-serif; font-size: 14px; color: #000080;\">Approche actionnelle bienveillante avec des supports authentiques et des mises en situation r\u00e9elles \u00e0 chaque s\u00e9ance pr\u00e9sentielle.<\/span><br \/>\n<span style=\"font-family: arial, helvetica, sans-serif; font-size: 14px; color: #000080;\">Accompagnement personnalis\u00e9 en micro ou mini groupe pour r\u00e9pondre aux besoins imm\u00e9diates du participant volontaire<\/span><\/p>\n<p><span style=\"font-family: arial, helvetica, sans-serif; font-size: 14px;\"><strong><span style=\"color: #000080;\">Parcours individualis\u00e9 en fonction des besoins sp\u00e9cifiques de chacun et au regard des objectifs vis\u00e9s.<\/span><\/strong><\/span><\/p>\n<p><span style=\"font-family: arial, helvetica, sans-serif; font-size: 14px; color: #000080;\">Adaptation du format des parcours selon les besoins : pr\u00e9sentiel avec formatrice en centre, pr\u00e9sentiel ou mixte hybride pr\u00e9sentiel en centre et appels t\u00e9l\u00e9phoniques ou en Visio + e-learning.<\/span><\/p>\n<p><span style=\"font-family: arial, helvetica, sans-serif; font-size: 14px;\"><strong><span style=\"color: #000080;\">Suivi progression et validation de la formation<\/span><\/strong><\/span><br \/>\n<span style=\"font-family: arial, helvetica, sans-serif; font-size: 14px; color: #000080;\">\u00c9valuations formatives, auto-\u00e9valuations, mises en situation de certification (option CPF possible pour l&rsquo;Etranger suivant un cours FLE ou un perfectionnement en fran\u00e7ais test LE ROBERT avec un niveau d&rsquo;entr\u00e9e &lsquo;seuil&rsquo;)<\/span><br \/>\n<span style=\"font-family: arial, helvetica, sans-serif; font-size: 14px; color: #000080;\">Attestation des acquis<\/span><\/p>\n<p><span style=\"font-family: arial, helvetica, sans-serif; font-size: 14px;\"><img loading=\"lazy\" decoding=\"async\" class=\"alignnone size-medium wp-image-14157 aligncenter\" src=\"https:\/\/www.leslanguessansstress.fr\/wp-content\/uploads\/2022\/10\/Mon-compte-formation-CPF-les-langues-sans-stress-300x159.jpg\" alt=\"\" width=\"300\" height=\"159\" srcset=\"https:\/\/www.leslanguessansstress.fr\/wp-content\/uploads\/2022\/10\/Mon-compte-formation-CPF-les-langues-sans-stress-300x159.jpg 300w, https:\/\/www.leslanguessansstress.fr\/wp-content\/uploads\/2022\/10\/Mon-compte-formation-CPF-les-langues-sans-stress.jpg 646w\" sizes=\"auto, (max-width: 300px) 100vw, 300px\" \/><\/span><\/p>\n<p><span style=\"font-family: arial, helvetica, sans-serif; font-size: 14px; color: #000080;\"><strong>CPF et OPTION certification<\/strong> <\/span><\/p>\n<h2 style=\"font-weight: 400;\"><span style=\"font-family: arial, helvetica, sans-serif; color: #0000ff; font-size: 20px;\">Certifiez votre niveau seuil A2 d&rsquo;expression et compr\u00e9hension du fran\u00e7ais \u00e9crit et parl\u00e9 avec le CPF<\/span><\/h2>\n<p><span style=\"font-family: arial, helvetica, sans-serif; font-size: 14px; color: #000080;\">Possibilit\u00e9 de faire certifier le niveau atteint \u00e0 l\u2019issue du parcours de formation pour am\u00e9liorer la mobilit\u00e9 du salari\u00e9 ou utiliser le financement CPF (\u00e0 int\u00e9grer en amont de la formation, co\u00fbts suppl\u00e9mentaires de suivis p\u00e9dagogique et administratif, pr\u00e9paration particuli\u00e8re et inscription au test de certification LE ROBERT)<\/span><\/p>\n<p><span style=\"font-family: arial, helvetica, sans-serif; font-size: 14px; color: #000080;\"><strong>Ce programme peut \u00eatre adapt\u00e9 \u00e0 des besoins professionnels particuliers ou devenir\u00a0<span style=\"caret-color: #000080;\">bilingue\u00a0<\/span>anglais ou allemand, etc. <\/strong>N&rsquo;h\u00e9sitez pas \u00e0 nous contacter pour une personnalisation de formation.<\/span><\/p>\n<p><span style=\"font-family: arial, helvetica, sans-serif; font-size: 14px;\"><strong><span style=\"color: #0000ff;\">Et ensuite ? Consolidation et perfectionnement selon besoins ressentis<\/span><\/strong><\/span><br \/>\n<span style=\"font-family: arial, helvetica, sans-serif; font-size: 14px;\"><strong><span style=\"color: #000080;\">Niveau A1\/A2 (ou <a href=\"https:\/\/www.leslanguessansstress.fr\/wp-admin\/post.php?post=18918&amp;action=edit\" target=\"_blank\" rel=\"noopener\">niveau 1<\/a>)<\/span><\/strong><\/span><br \/>\n<span style=\"font-family: arial, helvetica, sans-serif; font-size: 14px; color: #000080;\">Apprendre les bases de la communication dans la langue.<\/span><br \/>\n<span style=\"font-family: arial, helvetica, sans-serif; font-size: 14px; color: #000080;\">Acquisition ou r\u00e9vision des structures grammaticales et du vocabulaire essentiel de la langue en insistant particuli\u00e8rement sur les tournures de phrases les plus utiles dans les situations courantes et en entreprise standard.<\/span><\/p>\n<p><span style=\"font-family: arial, helvetica, sans-serif; font-size: 14px;\"><strong><span style=\"color: #000080;\">Niveau A2+\/B1 (ou niveau 2)<\/span><\/strong><\/span><br \/>\n<span style=\"font-family: arial, helvetica, sans-serif; font-size: 14px; color: #000080;\">Consolidation des bases gagner en confiance dans les \u00e9changes oraux de la vie quotidienne et en milieu professionnel standard.<\/span><\/p>\n<p><span style=\"font-family: arial, helvetica, sans-serif; font-size: 14px;\"><strong><span style=\"color: #000080;\">Niveau B1+\/B2 (ou niveau 3)<\/span><\/strong><\/span><br \/>\n<span style=\"font-family: arial, helvetica, sans-serif; font-size: 14px; color: #000080;\">\u00c9largissement des connaissances pour acqu\u00e9rir de l&rsquo;autonomie dans les principales situations professionnelles du quotidien et gagner en confiance autant \u00e0 l\u2019\u00e9crit qu\u2019\u00e0 l\u2019oral en langue courante et professionnelle.\u00a0<\/span><\/p>\n<\/div>\n","protected":false},"excerpt":{"rendered":"<p>Certaines personnes \u00e9trang\u00e8res ne savent ni lire et ni \u00e9crire leur langue maternelle et reculent<\/p>\n","protected":false},"author":1,"featured_media":10908,"comment_status":"closed","ping_status":"open","sticky":false,"template":"","format":"standard","meta":{"footnotes":""},"categories":[80,227,371],"tags":[441,575,166,167,386,726,795,734,373,440],"class_list":["post-13421","post","type-post","status-publish","format-standard","has-post-thumbnail","hentry","category-actualites","category-francais-fle","category-programme","tag-alphabetisation","tag-certification","tag-fle","tag-francais","tag-initiation","tag-initiation-mise-a-niveau-a1-a2","tag-lire-et-ecrire-a-son-rythme","tag-lutte-contre-lillettrisme","tag-renforcement","tag-savoirs-de-base"],"_links":{"self":[{"href":"https:\/\/www.leslanguessansstress.fr\/index.php\/wp-json\/wp\/v2\/posts\/13421","targetHints":{"allow":["GET"]}}],"collection":[{"href":"https:\/\/www.leslanguessansstress.fr\/index.php\/wp-json\/wp\/v2\/posts"}],"about":[{"href":"https:\/\/www.leslanguessansstress.fr\/index.php\/wp-json\/wp\/v2\/types\/post"}],"author":[{"embeddable":true,"href":"https:\/\/www.leslanguessansstress.fr\/index.php\/wp-json\/wp\/v2\/users\/1"}],"replies":[{"embeddable":true,"href":"https:\/\/www.leslanguessansstress.fr\/index.php\/wp-json\/wp\/v2\/comments?post=13421"}],"version-history":[{"count":11,"href":"https:\/\/www.leslanguessansstress.fr\/index.php\/wp-json\/wp\/v2\/posts\/13421\/revisions"}],"predecessor-version":[{"id":18940,"href":"https:\/\/www.leslanguessansstress.fr\/index.php\/wp-json\/wp\/v2\/posts\/13421\/revisions\/18940"}],"wp:featuredmedia":[{"embeddable":true,"href":"https:\/\/www.leslanguessansstress.fr\/index.php\/wp-json\/wp\/v2\/media\/10908"}],"wp:attachment":[{"href":"https:\/\/www.leslanguessansstress.fr\/index.php\/wp-json\/wp\/v2\/media?parent=13421"}],"wp:term":[{"taxonomy":"category","embeddable":true,"href":"https:\/\/www.leslanguessansstress.fr\/index.php\/wp-json\/wp\/v2\/categories?post=13421"},{"taxonomy":"post_tag","embeddable":true,"href":"https:\/\/www.leslanguessansstress.fr\/index.php\/wp-json\/wp\/v2\/tags?post=13421"}],"curies":[{"name":"wp","href":"https:\/\/api.w.org\/{rel}","templated":true}]}}