{"id":13394,"date":"2024-09-10T18:08:53","date_gmt":"2024-09-10T16:08:53","guid":{"rendered":"https:\/\/www.leslanguessansstress.fr\/?p=13394"},"modified":"2024-09-17T16:09:08","modified_gmt":"2024-09-17T14:09:08","slug":"qualite-deontologie","status":"publish","type":"post","link":"https:\/\/www.leslanguessansstress.fr\/index.php\/2024\/09\/10\/qualite-deontologie\/","title":{"rendered":"Qualit\u00e9 = D\u00e9ontologie"},"content":{"rendered":"<p><span style=\"color: #808080; font-family: verdana, geneva, sans-serif; font-size: 14px;\">vsept24mod<\/span><\/p>\n<div>\n<h1 style=\"font-weight: 400;\"><span style=\"font-family: verdana, geneva, sans-serif; color: #ff6600; font-size: 28px;\">Engagement qualit\u00e9 du centre de formation Les langues sans stress<\/span><\/h1>\n<h4><img loading=\"lazy\" decoding=\"async\" class=\"alignnone wp-image-14383 aligncenter\" src=\"https:\/\/www.leslanguessansstress.fr\/wp-content\/uploads\/2022\/10\/QUALIOPI-action-de-formation-renouvele\u0301-20221009-Les-langues-sans-stress--300x193.jpg\" alt=\"\" width=\"255\" height=\"164\" srcset=\"https:\/\/www.leslanguessansstress.fr\/wp-content\/uploads\/2022\/10\/QUALIOPI-action-de-formation-renouvele\u0301-20221009-Les-langues-sans-stress--300x193.jpg 300w, https:\/\/www.leslanguessansstress.fr\/wp-content\/uploads\/2022\/10\/QUALIOPI-action-de-formation-renouvele\u0301-20221009-Les-langues-sans-stress--1024x660.jpg 1024w, https:\/\/www.leslanguessansstress.fr\/wp-content\/uploads\/2022\/10\/QUALIOPI-action-de-formation-renouvele\u0301-20221009-Les-langues-sans-stress--768x495.jpg 768w, https:\/\/www.leslanguessansstress.fr\/wp-content\/uploads\/2022\/10\/QUALIOPI-action-de-formation-renouvele\u0301-20221009-Les-langues-sans-stress-.jpg 1504w\" sizes=\"auto, (max-width: 255px) 100vw, 255px\" \/><\/h4>\n<div>\n<p><span style=\"color: #000080; font-family: verdana, geneva, sans-serif;\">Organisme de formation r\u00e9f\u00e9renc\u00e9 DATADOCK depuis 2016,\u00a0<\/span><\/p>\n<p><span style=\"color: #000080; font-family: verdana, geneva, sans-serif;\">Il a re\u00e7u le <a href=\"https:\/\/www.leslanguessansstress.fr\/wp-content\/uploads\/2024\/09\/QUALIOPI-2024-SEPT-10-76626-35518-Certificat-Qualiopi-processus-certifie-Cofrac-LES-LANGUES-SANS-STRESS.pdf\" target=\"_blank\" rel=\"noopener\">Certificat Qualiopi <\/a> le 10 septembre 2024 par l\u2019Apave pour la troisi\u00e8me fois cons\u00e9cutive. Il <\/span><span style=\"font-family: verdana, geneva, sans-serif;\"><span style=\"color: #000080;\">applique<\/span><span style=\"color: #000080;\">\u00a0la <a href=\"https:\/\/www.leslanguessansstress.fr\/wp-content\/uploads\/2021\/10\/Charte-de-deontologie-CPF-min.pdf\" target=\"_blank\" rel=\"noopener\">Charte-de-d\u00e9ontologie-CPF<\/a>. <\/span><\/span><\/p>\n<p><span style=\"color: #000080; font-family: verdana, geneva, sans-serif;\">Depuis juin 2023 le Certificateur CLO\u00c9\/CCI oblige l&rsquo;organisme de formation en d\u00e9but de formation, \u00e0 rappeler au titulaire du Compte Formation ses propres engagements comme d\u00e9taill\u00e9s dans les CGU de Mon Compte Formation. Extrait Mon Compte Formation &#8211; <a href=\"https:\/\/www.moncompteformation.gouv.fr\/espace-public\/conditions-generales-dutilisation\" target=\"_blank\" rel=\"noopener\">CGU du CPF<\/a> &#8211; Article 8, dans le cadre de l\u2019utilisation du service de formation, le Stagiaire-CPF prend les engagements expos\u00e9s ci-apr\u00e8s :<\/span><\/p>\n<ul>\n<li><span style=\"color: #000080; font-family: verdana, geneva, sans-serif;\"><span style=\"text-decoration: underline;\">Participer \u00e0 la Session de formation<\/span> : le Stagiaire s\u2019engage \u00e0 participer \u00e0 la Session de formation \u00e0 laquelle il est inscrit, sous r\u00e9serve de l\u2019exercice de son droit de r\u00e9tractation et hors cas de force majeure d\u00fbment justifi\u00e9s mentionn\u00e9s \u00e0 l\u2019article 6.2.<\/span><\/li>\n<li><span style=\"color: #000080; font-family: verdana, geneva, sans-serif;\"><span style=\"text-decoration: underline;\">S\u2019inscrire \u00e0 l\u2019examen de certification<\/span> : il appartient au Stagiaire d\u2019effectuer les d\u00e9marches n\u00e9cessaires aupr\u00e8s de l\u2019Organisme de formation, de l\u2019administration ou de l\u2019organisme concern\u00e9 pour s\u2019inscrire aux \u00e9valuations, examens ou concours pr\u00e9par\u00e9s.<\/span><\/li>\n<li><span style=\"text-decoration: underline; font-family: verdana, geneva, sans-serif; color: #000080;\">Se pr\u00e9senter aux\u00a0<\/span><span style=\"color: #000080; font-family: verdana, geneva, sans-serif;\"><span style=\"caret-color: #000080;\"><u><span style=\"font-family: verdana, geneva, sans-serif; color: #000080;\">\u00e9<\/span>valuations et bilans<\/u> <\/span>\u00e0 l\u2019issue d\u2019une formation : le Stagiaire s\u2019engage \u00e0 se pr\u00e9senter aux examens \u00e9crits et oraux pr\u00e9vus, en vue de l\u2019obtention de la certification vis\u00e9e.<\/span><\/li>\n<li><span style=\"color: #000080; font-family: verdana, geneva, sans-serif;\"><span style=\"text-decoration: underline;\">D\u00e9clarer sa sortie de formation<\/span> sur la Plateforme au plus tard dans les 3 (trois) jours ouvr\u00e9s, \u00e0 compter de la date de sortie.<\/span><\/li>\n<li><span style=\"color: #000080; font-family: verdana, geneva, sans-serif;\"><span style=\"text-decoration: underline;\">Respecter les droits et devoirs associ\u00e9s au statut de demandeur d\u2019emploi pour le Stagiaire inscrit \u00e0 P\u00f4le emploi<\/span> dans le cas d\u2019un abondement en droits compl\u00e9mentaires par P\u00f4le emploi.<\/span><\/li>\n<\/ul>\n<\/div>\n<div>\n<h3><span style=\"color: #ff6600; font-family: verdana, geneva, sans-serif;\"><strong>Nos crit\u00e8res qualit\u00e9 vis\u00e9s sont notamment les suivants <\/strong>: <\/span><\/h3>\n<p><span style=\"color: #000080; font-family: verdana, geneva, sans-serif;\">L&rsquo;information et la transparence, des programmes con\u00e7us selon les besoins de chaque stagiaire avec des ressources diff\u00e9rentes adapt\u00e9es \u00e0 chaque profil d&rsquo;apprenant m\u00eame au sein d&rsquo;un petit atelier mixte. <\/span><\/p>\n<p><span style=\"color: #000080; font-family: verdana, geneva, sans-serif;\">Une progression valid\u00e9e selon les crit\u00e8res CECRL et les th\u00e8mes \u00e9tudi\u00e9s tout au long de la formation : le stagiaire parle face \u00e0 la formatrice ou lui \u00e9crit des emails reprenant les notions apprises. Selon la ressource, le stagiaire passe plusieurs tests depuis son interface e-learning.<\/span><\/p>\n<p><span style=\"color: #000080; font-family: verdana, geneva, sans-serif;\">Une insertion dans les cours de tout type de situation de handicap d\u00e9clar\u00e9 avec un vrai effort d&rsquo;adaptation des m\u00e9thodes et moyens d&rsquo;enseignement des langues sans stress. <\/span><\/p>\n<p><span style=\"color: #000080; font-family: verdana, geneva, sans-serif;\">L&rsquo;accompagnement du stagiaire dans son programme sans jugement sur le niveau et la capacit\u00e9 \u00e0 s&rsquo;exprimer dans la langue mais au contraire en pr\u00e9sentant de ressources et activit\u00e9s susceptibles de le motiver \u00e0 progresser dans ses efforts vers l&rsquo;atteinte de ses objectifs et la certification de ses acquis entre les niveaux A2 et C2..\u00a0<\/span><\/p>\n<p><span style=\"color: #000080; font-family: verdana, geneva, sans-serif;\">Notre inscription et investissement dans notre environnement professionnel avec quelques-uns des acteurs principaux du Val Gelon.<\/span><\/p>\n<p><span style=\"color: #000080; font-family: verdana, geneva, sans-serif;\"><span style=\"color: #ff6600;\">\u2663 <\/span>L&rsquo;accompagnement vers l&#8217;emploi avec l&rsquo;entrainement oral n\u00e9cessaire pour prendre de l&rsquo;assurance lors d&rsquo;un entretien stage ou embauche, surtout pour le jeune public et le public au-dessus de 50 ans et\/ou en situation de handicap. <\/span><\/p>\n<p><span style=\"color: #000080; font-family: verdana, geneva, sans-serif;\">Notre d\u00e9marche Qualit\u00e9 s&rsquo;inscrit dans un axe d&rsquo;am\u00e9lioration continue.\u00a0<\/span><\/p>\n<p><span style=\"color: #000080; font-family: verdana, geneva, sans-serif;\">Nous sommes \u00e0 votre \u00e9coute et restons ouverts aux remarques et suggestions pour faire \u00e9voluer mes prestations dans la bienveillance et le respect de tous.<\/span><\/p>\n<\/div>\n<\/div>\n<h3 style=\"font-weight: 400;\"><span style=\"font-family: verdana, geneva, sans-serif; color: #ff6600; font-size: 24px;\">Veille et pr\u00e9sence dans l&rsquo;environnement professionnel du Val Gelon<\/span><\/h3>\n<div>\n<p><span style=\"color: #000080; font-family: verdana, geneva, sans-serif;\">Nous sommes inscrits et investis, dans la mesure du possible et selon des besoins recueillis aupr\u00e8s de notre public, dans notre environnement professionnel avec quelques-uns des acteurs principaux de La Combe de Savoie et d\u00e9partements limitrophes pour l&rsquo;a<\/span><span style=\"color: #000080; font-family: verdana, geneva, sans-serif;\">ccompagnement vers l&#8217;emploi du jeune public et du public au-dessus de 50 ans et\/ou en situation de handicap : France Travail, la Mission Locale de La Rochette, les intervenants m\u00e9tiers CFA en Savoie, Cap Emploi&#8230; \u00a0<\/span><\/p>\n<p><strong><span style=\"color: #000080; font-family: verdana, geneva, sans-serif;\">CPF <\/span><\/strong><br \/>\n<span style=\"color: #000080; font-family: verdana, geneva, sans-serif;\">Depuis novembre 2023 nous sommes partenaires Wedof pour la divulgation des informations de certification entre notre organisme et les certificateurs pour une meilleure visibilit\u00e9 de l&rsquo;ensemble des apprentissages et transactions au niveau national par France Comp\u00e9tences.<\/span><\/p>\n<\/div>\n<h2 style=\"font-weight: 400;\"><span style=\"font-family: verdana, geneva, sans-serif; color: #ff6600; font-size: 24px;\">\u00c9valuation, attestation et certification en langues sans stress<\/span><\/h2>\n<div style=\"text-align: left;\">\n<p><strong><span style=\"color: #000080; font-family: verdana, geneva, sans-serif;\">TEST<\/span><\/strong><\/p>\n<p><span style=\"color: #000080; font-family: verdana, geneva, sans-serif;\">Nous proposons plusieurs types d&rsquo;\u00e9valuation des comp\u00e9tences linguistiques : test automatis\u00e9 ou \u00e9crit, auto\u00e9valuation, mise en sc\u00e8ne et entretien oral.\u00a0<\/span><\/p>\n<p><strong><span style=\"color: #000080; font-family: verdana, geneva, sans-serif;\">PROGRESSION<\/span><\/strong><\/p>\n<p><span style=\"color: #000080; font-family: verdana, geneva, sans-serif;\">Entre son entr\u00e9e et sa fin de formation, le stagiaire aura pu constater l&rsquo;am\u00e9lioration de ses comp\u00e9tences en passant quelques petits tests reli\u00e9s directement \u00e0 ses le\u00e7ons pour valider ses acquis au fur et \u00e0 mesure de son \u00e9tude autonome, des mises en pratique et des entretiens avec la formatrice d\u00e9di\u00e9e.<\/span><\/p>\n<p><strong><span style=\"color: #000080; font-family: verdana, geneva, sans-serif;\">CERTIFICATION<\/span><\/strong><\/p>\n<p><span style=\"color: #000080; font-family: verdana, geneva, sans-serif;\">Nous proposons 5 langues professionnelles certifiantes par nos partenaires : Test Clo\u00e9, Le Robert, Toeic, Bright (option selon situation et obligation ou financement CPF).<\/span><br \/>\n<span style=\"color: #000080; font-family: verdana, geneva, sans-serif;\">Des programmes de pr\u00e9paration au format des questions du test de certification sont propos\u00e9s en plusieurs langues. <\/span><\/p>\n<p><span style=\"color: #000080; font-family: verdana, geneva, sans-serif;\">La passation du test se fait avant la fin de la formation pour permettre un retour sur le r\u00e9sultat obtenu et comment maintenir puis d\u00e9velopper les acquis apr\u00e8s la formation. Certains tests ne sont pas \u00e9ligibles CPF &#8211; se renseigner sur \u00ab\u00a0mon compte formation\u00a0\u00bb ou aupr\u00e8s de notre administration. \u00a0<\/span><\/p>\n<p><span style=\"color: #000080;\"><strong><span style=\"font-family: verdana, geneva, sans-serif;\"><img loading=\"lazy\" decoding=\"async\" class=\"wp-image-10252 aligncenter\" src=\"https:\/\/www.leslanguessansstress.fr\/wp-content\/uploads\/2020\/05\/handicap-et-langues-vivantes-savoie-is\u00e8re.png\" alt=\"\" width=\"179\" height=\"83\" \/><\/span><\/strong><\/span><\/p>\n<p><span style=\"color: #000080;\"><span style=\"font-family: verdana, geneva, sans-serif;\"><strong>IND26 : Formulaire situation de handicap ou difficult\u00e9 d&rsquo;apprentissage<\/strong><br \/>\n<\/span><span style=\"font-family: verdana, geneva, sans-serif;\">A c\u00f4t\u00e9 des formulaires, vous \u00eates invit\u00e9 \u00e0 nous pr\u00e9senter votre situation personnelle si vous pensez que cela peut \u00eatre important dans la personnalisation de votre parcours et l&rsquo;atteinte de vos objectifs. Dans le cadre de la formation certifiante, la pr\u00e9sentation d&rsquo;un RQTH avec description de la situation pendant un entretien confidentiel en amont de votre inscription et autres documents officiels selon le degr\u00e9 de handicap vous sera demand\u00e9 pour la prise en compte de votre besoin et une possible adaptation des ressources, de l&rsquo;environnement d&rsquo;\u00e9tude et de l&rsquo;accompagnement. <\/span><\/span><\/p>\n<p><span style=\"color: #000080; font-family: verdana, geneva, sans-serif;\"><strong>TESTS<\/strong> : Nous vous invitons \u00e0 prendre des renseignements plus complets directement aupr\u00e8s du testeur CLO\u00c9, TOEIC, BRIGHT, LE ROBERT avant de commencer le parcours de <span style=\"caret-color: #000080;\">certification.<\/span><\/span><br \/>\n<span style=\"color: #000080; font-family: verdana, geneva, sans-serif;\"><span style=\"text-decoration: underline;\">Nous garantissons l&rsquo;enti\u00e8re confidentialit\u00e9 de nos \u00e9changes \u00e9crits, t\u00e9l\u00e9phoniques et pr\u00e9sentiels<\/span>.<\/span><\/p>\n<p><strong><span style=\"color: #000080; font-family: verdana, geneva, sans-serif;\">ATTEINDRE SES OBJECTIFS\u00a0<\/span><\/strong><\/p>\n<p><span style=\"color: #000080; font-family: verdana, geneva, sans-serif; font-size: 16px;\">La totale adh\u00e9sion \u00e0 <span style=\"text-decoration: underline;\">notre m\u00e9thode d&rsquo;apprentissage des langues<\/span> ainsi que la fr\u00e9quence des <span style=\"text-decoration: underline;\">mises en pratique immersive des acquis<\/span> et le nombre d&rsquo;heures d&rsquo;\u00e9tude autonome influencent consid\u00e9rablement le niveau CECRL atteint en fin de formation et la note re\u00e7ue au test de certification. <\/span><br \/>\n<span style=\"color: #000080; font-family: verdana, geneva, sans-serif; font-size: 16px;\"><span style=\"color: #ff6600;\">\u2663<\/span> Pensez \u00e0 vous organiser s\u00e9rieusement ou demandez conseil aupr\u00e8s de la formatrice <span style=\"color: #ff6600;\">\u2663<\/span> <\/span><\/p>\n<h2 style=\"font-weight: 400;\"><span style=\"font-family: verdana, geneva, sans-serif; color: #ff6600; font-size: 24px;\">Ce que vous pouvez attendre de nos cours et stages en langues sans stress\u00a0<\/span><\/h2>\n<p><strong style=\"color: #000080; font-family: verdana, geneva, sans-serif;\">R\u00c9SULTATS ATTENDUS DE NOS FORMATIONS ET STAGES<\/strong><\/p>\n<\/div>\n<div>\n<p><span style=\"font-family: verdana, geneva, sans-serif; color: #000080;\">\u2013 1 Savoir utiliser vos nouvelles comp\u00e9tences lexicales et grammaticales selon la situation et l&rsquo;interlocuteur. \u00a0\u00a0<\/span><br \/>\n<span style=\"font-family: verdana, geneva, sans-serif; color: #000080;\">\u2013 2 Communiquer et interagir avec professionnalisme pendant vos fonctions et d\u00e9placements. \u00a0<\/span><br \/>\n<span style=\"font-family: verdana, geneva, sans-serif; color: #000080;\">\u2013 3 Construire des phrases correctes <\/span><span style=\"font-family: verdana, geneva, sans-serif; color: #000080;\">de mani\u00e8re instinctive \u00e0 l\u2019oral comme \u00e0 l\u2019\u00e9crit. \u00a0<\/span><br \/>\n<span style=\"font-family: verdana, geneva, sans-serif; color: #000080;\">\u2013 4 Choisir vos mots avec assurance pour une communication plus efficace et concise.\u00a0<\/span><br \/>\n<span style=\"font-family: verdana, geneva, sans-serif; color: #000080;\">\u2013 5 Elargir vos connaissances selon le besoin exprim\u00e9 en amont de la formation. \u00a0<\/span><br \/>\n<span style=\"font-family: verdana, geneva, sans-serif; color: #000080;\">\u2013 6 Ressentir un vrai plaisir \u00e0 communiquer selon votre niveau personnel d&rsquo;acquisition de la langue. \u00a0\u00a0<\/span><br \/>\n<span style=\"font-family: verdana, geneva, sans-serif; color: #000080;\"> \u2013 7 Valider une progression entre le niveau d&rsquo;entr\u00e9e et celui de fin de formation.<br \/>\n\u2013 8 <\/span><span style=\"font-family: verdana, geneva, sans-serif; color: #000080;\">Etre pr\u00e9par\u00e9 \u00e0 passer un test de certification en langues refl\u00e9tant le niveau atteint pendant votre \u00e9tude active.<br \/>\n\u2013 9 Poss\u00e9der une meilleure vue d&rsquo;ensemble de vos comp\u00e9tences r\u00e9elles et celles qui peuvent encore \u00eatre d\u00e9velopp\u00e9es. <\/span><br \/>\n<span style=\"font-family: verdana, geneva, sans-serif; color: #000080;\">\u2013 10 Savoir apprendre efficacement et de mani\u00e8re autonome une ou plusieurs langues et mettre en place l&rsquo;autocorrection pour \u00e9tendre ses connaissances seul et aupr\u00e8s de natifs apr\u00e8s la formation. \u00a0<\/span><\/p>\n<h3><span style=\"font-family: verdana, geneva, sans-serif; color: #000080; font-size: 14px;\">R\u00c9SULTATS ATTENDUS AU TEST DE CERTIFICATION<\/span><\/h3>\n<p><span style=\"font-family: verdana, geneva, sans-serif; color: #000080;\">Veuillez visiter les pages concern\u00e9es \u00a0: <a href=\"https:\/\/www.leslanguessansstress.fr\/index.php\/2024\/09\/11\/certification-cloe-en-langues-sans-stress\/\" target=\"_blank\" rel=\"noopener\">tests CLO\u00c9 20204-2026<\/a>, test LE ROBERT, tests TOEIC et BRIGHT.<\/span><\/p>\n<p><span style=\"font-family: verdana, geneva, sans-serif; color: #000080;\">Dans le cadre d&rsquo;un financement CPF vous avez l&rsquo;obligation de vous pr\u00e9parer \u00e0 passer un test de certification de vos acquis dans la langue cible. Les r\u00e9sultats attendus peuvent sensiblement diverg\u00e9 des n\u00f4tres qui portent sur voter aisance orale et \u00e9crite, lorsqu&rsquo;ils sont parall\u00e8les* ou hors programme de certification. INFORMATION FORMATION CPF CERTIFIANTE<\/span><\/p>\n<div style=\"text-align: left;\">\n<div class=\"elementor-element elementor-element-3e2ad0b e-flex e-con-boxed e-con\" data-id=\"3e2ad0b\" data-element_type=\"container\" data-settings=\"{&quot;background_background&quot;:&quot;classic&quot;,&quot;content_width&quot;:&quot;boxed&quot;}\">\n<div class=\"e-con-inner\">\n<div class=\"elementor-element elementor-element-665bcde e-con-full e-flex e-con\" data-id=\"665bcde\" data-element_type=\"container\" data-settings=\"{&quot;content_width&quot;:&quot;full&quot;}\">\n<div class=\"elementor-element elementor-element-c273402 e-con-full e-grid e-con\" data-id=\"c273402\" data-element_type=\"container\" data-settings=\"{&quot;content_width&quot;:&quot;full&quot;,&quot;grid_columns_grid&quot;:{&quot;unit&quot;:&quot;fr&quot;,&quot;size&quot;:2,&quot;sizes&quot;:[]},&quot;grid_rows_grid&quot;:{&quot;unit&quot;:&quot;fr&quot;,&quot;size&quot;:1,&quot;sizes&quot;:[]},&quot;grid_outline&quot;:&quot;yes&quot;,&quot;grid_columns_grid_tablet&quot;:{&quot;unit&quot;:&quot;fr&quot;,&quot;size&quot;:&quot;&quot;,&quot;sizes&quot;:[]},&quot;grid_columns_grid_mobile&quot;:{&quot;unit&quot;:&quot;fr&quot;,&quot;size&quot;:1,&quot;sizes&quot;:[]},&quot;grid_rows_grid_tablet&quot;:{&quot;unit&quot;:&quot;fr&quot;,&quot;size&quot;:&quot;&quot;,&quot;sizes&quot;:[]},&quot;grid_rows_grid_mobile&quot;:{&quot;unit&quot;:&quot;fr&quot;,&quot;size&quot;:&quot;&quot;,&quot;sizes&quot;:[]}}\">\n<div class=\"elementor-element elementor-element-6a07ab9 elementor-widget__width-initial elementor-widget elementor-widget-text-editor\" data-id=\"6a07ab9\" data-element_type=\"widget\" data-widget_type=\"text-editor.default\">\n<div class=\"elementor-widget-container\">\n<div>\n<div class=\"tauxtxt\"><span style=\"font-family: verdana, geneva, sans-serif; color: #ff6600;\">Pour conna\u00eetre le taux de satisfaction \u00e0 chaud des stagiaires, le taux de r\u00e9ussite aux divers certificats et le taux de participation aux parcours linguistiques propos\u00e9s, veuillez vous reporter \u00e0 l&rsquo;article Mes r\u00e9f\u00e9rences.<\/span><\/div>\n<\/div>\n<\/div>\n<\/div>\n<\/div>\n<\/div>\n<\/div>\n<\/div>\n<div>\n<div style=\"text-align: left;\">\n<p><a href=\"https:\/\/www.leslanguessansstress.fr\/wp-content\/uploads\/2021\/10\/Charte-de-deontologie-CPF-min.pdf\" target=\"_blank\" rel=\"noopener\"><img loading=\"lazy\" decoding=\"async\" class=\"alignnone size-medium wp-image-16444 aligncenter\" src=\"https:\/\/www.leslanguessansstress.fr\/wp-content\/uploads\/2024\/08\/20240828-charte-de-deontologie-Qualiopi--300x271.jpg\" alt=\"\" width=\"300\" height=\"271\" srcset=\"https:\/\/www.leslanguessansstress.fr\/wp-content\/uploads\/2024\/08\/20240828-charte-de-deontologie-Qualiopi--300x271.jpg 300w, https:\/\/www.leslanguessansstress.fr\/wp-content\/uploads\/2024\/08\/20240828-charte-de-deontologie-Qualiopi-.jpg 370w\" sizes=\"auto, (max-width: 300px) 100vw, 300px\" \/><\/a><\/p>\n<p><strong><span style=\"color: #000080; font-family: verdana, geneva, sans-serif;\">DOCUMENTS QUALIT\u00c9\u00a0<\/span><\/strong><\/p>\n<p><span style=\"color: #000080; font-family: verdana, geneva, sans-serif;\">\u2013 1 &#8211; <strong>Test de positionnement<\/strong> automatis\u00e9 ou formulaire d&rsquo;auto-\u00e9valuation objective du niveau d&rsquo;entr\u00e9e par le stagiaire et de ses objectifs r\u00e9els \u00e0 atteindre (personnalisation de programme).<\/span><span style=\"color: #000080; font-family: verdana, geneva, sans-serif;\">\u00a0<\/span><br \/>\n<span style=\"color: #000080; font-family: verdana, geneva, sans-serif;\">\u2013 2 &#8211; <strong>Calendrier d&rsquo;\u00e9tude<\/strong> et de mise en pratique des acquis avec \u00e9margement des dates pr\u00e9vues en amont suivi d&rsquo;un \u00e9margement des th\u00e8mes acquis en auto\u00e9valuation par le stagiaire, supervis\u00e9 par la formatrice.\u00a0<\/span><br \/>\n<span style=\"color: #000080; font-family: verdana, geneva, sans-serif;\">\u2013 3 &#8211; <strong>Inscription \u00e0 la formation<\/strong>, plusieurs choix de modalit\u00e9s ;<\/span><br \/>\n<span style=\"color: #000080; font-family: verdana, geneva, sans-serif;\">\u00a0 \u00a0 \u00a0 \u00a0 Dossier individuel num\u00e9rot\u00e9 par le CPF, ou<\/span><br \/>\n<span style=\"color: #000080; font-family: verdana, geneva, sans-serif;\">\u00a0 \u00a0 \u00a0 \u00a0 Devis\/Contrat avec le stagiaire qui paie une partie ou enti\u00e8rement les frais de sa formation professionnelle, ou <\/span><br \/>\n<span style=\"color: #000080; font-family: verdana, geneva, sans-serif;\">\u00a0 \u00a0 \u00a0 \u00a0 Devis\/Convention avec l&rsquo;entreprise lorsqu&rsquo;elle prend en charge des heures de formation de ses salari\u00e9s, ou <\/span><br \/>\n<span style=\"color: #000080; font-family: verdana, geneva, sans-serif;\">\u00a0 \u00a0 \u00a0 \u00a0 Adh\u00e9sion \u00e0 l&rsquo;association pour le particulier\u00a0<\/span><br \/>\n<span style=\"color: #000080; font-family: verdana, geneva, sans-serif;\">\u2013 4 &#8211; <strong>Certificat des comp\u00e9tences acquises <\/strong>en fin de formation ou Attestation de niveau, et<\/span><br \/>\n<span style=\"color: #000080; font-family: verdana, geneva, sans-serif;\">\u00a0 \u00a0 \u00a0 \u00a0 <strong>Questionnaire de satisfaction<\/strong> ou d&rsquo;am\u00e9lioration positive et Formulaire R\u00e9clamation.\u00a0<\/span><br \/>\n<span style=\"color: #000080; font-family: verdana, geneva, sans-serif;\">\u2013 5 &#8211; <strong>Questionnaire \u00e0 froid<\/strong> pour maintenir une veille sur les besoins des stagiaires et des entreprises. <\/span><\/p>\n<p><span style=\"color: #000080; font-family: verdana, geneva, sans-serif;\">N&rsquo;h\u00e9sitez pas \u00e0 nous demander un formulaire pour exprimer votre satisfaction ou un besoin d&rsquo;am\u00e9lioration voire une r\u00e9clamation.<\/span><\/p>\n<\/div>\n<p><span style=\"font-family: verdana, geneva, sans-serif; font-size: 16px; color: #000080;\">IND04 : Auto\u00e9valuation des connaissances et des besoins selon profil individuel<\/span><br \/>\n<span style=\"color: #993300;\"><span style=\"color: #000080;\"><span style=\"font-family: verdana, geneva, sans-serif; font-size: 16px;\">IND30 : Enqu\u00eate SATISFACTION &#8211; Evaluation a\u0300 CHAUD<br \/>\n<\/span><span style=\"font-family: verdana, geneva, sans-serif;\">IND30 : Enqu\u00eate SATISFACTION &#8211; Evaluation a\u0300 FROID<br \/>\n<\/span><span style=\"font-family: verdana, geneva, sans-serif;\">IND30 FICHE Enque\u0302te satisfaction FINANCEUR<br \/>\n<\/span><span style=\"font-family: verdana, geneva, sans-serif;\">IND30 FICHE e\u0301valuation a\u0300 froid STAGIAIRE<br \/>\n<\/span><\/span><span style=\"font-family: verdana, geneva, sans-serif;\"><span style=\"color: #000080;\">IND31 &#8211; Fiche RE\u0301CLAMATION\u00a0<\/span><\/span><\/span><\/p>\n<div><strong><span style=\"font-family: verdana, geneva, sans-serif; color: #000080;\">IND32 AXE D&rsquo;AM\u00c9LIORATION<\/span><\/strong><\/div>\n<div><span style=\"font-family: verdana, geneva, sans-serif; color: #000080;\">Nous nous engageons \u00e0 analyser et traiter toutes les informations positives et n\u00e9gatives dans les meilleurs d\u00e9lais afin d&rsquo;am\u00e9liorer nos prestations et notre offre <\/span><span style=\"color: #000080; font-family: verdana, geneva, sans-serif;\">dans notre qu\u00eate d\u2019adaptation constante aux besoins du march\u00e9 de travail, des apprenants et au maintien de la qualit\u00e9 de nos prestations. Dans le m\u00eame esprit d&rsquo;\u00e9quit\u00e9 le stagiaire doit \u00e9valuer sur place et sur Google Avis la qualit\u00e9 de la prestation suivie et sur son interface CPF dans les m\u00eames termes.\u00a0\u00a0<\/span><\/div>\n<\/div>\n<div>\n<h4><span style=\"font-family: verdana, geneva, sans-serif; color: #000080;\">\u00a0* <span style=\"text-decoration: underline;\">Programme parall\u00e8le ou hors champ certification<\/span> : vous avez demand\u00e9 la personnalisation de votre parcours en langues sans stress pour des motifs et objectifs personnels tout en pr\u00e9parant une certification.\u00a0<\/span><\/h4>\n<\/div>\n<\/div>\n<\/div>\n<h1><img loading=\"lazy\" decoding=\"async\" class=\"alignnone wp-image-14157 aligncenter\" src=\"https:\/\/www.leslanguessansstress.fr\/wp-content\/uploads\/2022\/10\/Mon-compte-formation-CPF-les-langues-sans-stress-300x159.jpg\" alt=\"\" width=\"243\" height=\"129\" srcset=\"https:\/\/www.leslanguessansstress.fr\/wp-content\/uploads\/2022\/10\/Mon-compte-formation-CPF-les-langues-sans-stress-300x159.jpg 300w, https:\/\/www.leslanguessansstress.fr\/wp-content\/uploads\/2022\/10\/Mon-compte-formation-CPF-les-langues-sans-stress.jpg 646w\" sizes=\"auto, (max-width: 243px) 100vw, 243px\" \/><\/h1>\n<h2 style=\"font-weight: 400;\"><span style=\"font-family: verdana, geneva, sans-serif; color: #ff6600; font-size: 24px;\">Information sur l&rsquo;utilisation du budget-CPF et le souci de qualit\u00e9 de des formations les langues sans stress<\/span><\/h2>\n<p><span style=\"color: #000080; font-family: verdana, geneva, sans-serif;\">Rappel de la nature et des caract\u00e9ristiques de l\u2019action de formation professionnelle financ\u00e9e par le CPF :<\/span><\/p>\n<p><span style=\"color: #000080; font-family: verdana, geneva, sans-serif;\">L\u2019action entre dans la cat\u00e9gorie des actions d\u2019<strong>adaptation au poste et de d\u00e9veloppement des comp\u00e9tences<\/strong> pr\u00e9vues par l\u2019article L.6313-1 du Code du travail. <\/span><\/p>\n<p><span style=\"color: #000080; font-family: verdana, geneva, sans-serif;\">Cette action de formation a pour objectif soit l\u2019<strong>initiation<\/strong> aux bases puis le <strong>renforcement<\/strong> des notions encore faibles ou l\u2019<strong>\u00e9largissement des connaissances<\/strong> essentielles \u00e0 l\u2019interaction dans la langue cible avec prise de confiance \u00e0 l\u2019oral pour une communication instinctive de qualit\u00e9 au poste de travail, en r\u00e9union, pendant les voyages et dans la sph\u00e8re priv\u00e9e.<\/span><\/p>\n<h2><span style=\"color: #000080; font-family: verdana, geneva, sans-serif;\"><a href=\"https:\/\/www.leslanguessansstress.fr\/wp-content\/uploads\/2021\/10\/Charte-de-deontologie-CPF-min.pdf\" target=\"_blank\" rel=\"noopener\"><img loading=\"lazy\" decoding=\"async\" class=\"wp-image-12984 alignleft\" src=\"https:\/\/www.leslanguessansstress.fr\/wp-content\/uploads\/2021\/02\/Macaron-Charte-de-deontologie-CPF-1-300x290.png\" alt=\"\" width=\"123\" height=\"119\" srcset=\"https:\/\/www.leslanguessansstress.fr\/wp-content\/uploads\/2021\/02\/Macaron-Charte-de-deontologie-CPF-1-300x290.png 300w, https:\/\/www.leslanguessansstress.fr\/wp-content\/uploads\/2021\/02\/Macaron-Charte-de-deontologie-CPF-1-1024x988.png 1024w, https:\/\/www.leslanguessansstress.fr\/wp-content\/uploads\/2021\/02\/Macaron-Charte-de-deontologie-CPF-1-768x741.png 768w, https:\/\/www.leslanguessansstress.fr\/wp-content\/uploads\/2021\/02\/Macaron-Charte-de-deontologie-CPF-1-1536x1482.png 1536w, https:\/\/www.leslanguessansstress.fr\/wp-content\/uploads\/2021\/02\/Macaron-Charte-de-deontologie-CPF-1.png 1605w\" sizes=\"auto, (max-width: 123px) 100vw, 123px\" \/><\/a><span style=\"color: #ff6600; font-size: 20px;\"><strong>Un test de validation de votre progression \u00e0 passer pendant l&rsquo;avant-derni\u00e8re s\u00e9ance de votre formation CPF<\/strong><\/span><\/span><\/h2>\n<p><span style=\"color: #000080; font-family: verdana, geneva, sans-serif;\">Dans le cas d&rsquo;une formation bilingue, deux tests peuvent \u00eatre pass\u00e9s dont l&rsquo;un est obligatoire et d\u00e9cid\u00e9 en amont de la formation, non interchangeable (modalit\u00e9s \u00e0 \u00e9tablir en amont de la formation).<\/span><\/p>\n<p><img loading=\"lazy\" decoding=\"async\" class=\"alignnone wp-image-15071 aligncenter\" src=\"https:\/\/www.leslanguessansstress.fr\/wp-content\/uploads\/2023\/09\/5-COURS-BILINGUES-ANGLAIS-et-espagnol-ou-italien-ou-allemand-ou-FLE-300x60.jpg\" alt=\"\" width=\"265\" height=\"53\" srcset=\"https:\/\/www.leslanguessansstress.fr\/wp-content\/uploads\/2023\/09\/5-COURS-BILINGUES-ANGLAIS-et-espagnol-ou-italien-ou-allemand-ou-FLE-300x60.jpg 300w, https:\/\/www.leslanguessansstress.fr\/wp-content\/uploads\/2023\/09\/5-COURS-BILINGUES-ANGLAIS-et-espagnol-ou-italien-ou-allemand-ou-FLE.jpg 686w\" sizes=\"auto, (max-width: 265px) 100vw, 265px\" \/><\/p>\n<p><span style=\"color: #000080; font-family: verdana, geneva, sans-serif;\">Tout au long de votre formation plusieurs documents de suivi administratif et p\u00e9dagogique sont \u00e0 signer ou \u00e0 remplir :<\/span><\/p>\n<p><span style=\"color: #000080; font-family: verdana, geneva, sans-serif;\"><strong>Au d\u00e9but de la formation<\/strong> : <\/span><br \/>\n<span style=\"color: #000080; font-family: verdana, geneva, sans-serif;\">Acceptation du programme valid\u00e9 sur la plateforme du CPF<\/span><br \/>\n<span style=\"color: #000080; font-family: verdana, geneva, sans-serif;\">Contrat interne reprenant le programme, les modalit\u00e9s et le r\u00e8glement int\u00e9rieur \u00e0 respecter.<\/span><br \/>\n<span style=\"color: #000080; font-family: verdana, geneva, sans-serif;\">Programme des le\u00e7ons dat\u00e9es pour valider la progression propos\u00e9e d&rsquo;\u00e9tude autonome et sur place<\/span><\/p>\n<p><span style=\"color: #000080; font-family: verdana, geneva, sans-serif;\"><strong>Pendant la formation<\/strong> : <\/span><br \/>\n<span style=\"color: #000080; font-family: verdana, geneva, sans-serif;\">Emargement des s\u00e9ances honor\u00e9es de mise en pratique des acquis selon programme et m\u00e9thode <\/span><br \/>\n<span style=\"color: #000080; font-family: verdana, geneva, sans-serif;\">Evaluation \u00e0 chaud des prestations version papier \/ email ou Google Avis suite r\u00e9adaptation du soutien ou d&rsquo;un cours<\/span><\/p>\n<p><span style=\"font-family: verdana, geneva, sans-serif;\"><strong><span style=\"color: #000080;\">En fin de formation :<\/span><\/strong><\/span><br \/>\n<span style=\"color: #000080; font-family: verdana, geneva, sans-serif;\"><span style=\"caret-color: #000080;\">Inscription et passage du test de certification dont vous avez suivi pr\u00e9alablement la pr\u00e9paration pendant quelques semaines.<\/span><\/span><br \/>\n<span style=\"color: #000080; font-family: verdana, geneva, sans-serif;\">Attestation de fin de formation<\/span><br \/>\n<span style=\"color: #000080; font-family: verdana, geneva, sans-serif;\">Evaluation \u00e0 chaud des prestations version papier et sur votre interface-CPF pour signaler la fin de votre participation au v\u00e9rificateur-CPF et la concordance des documents officiels \u00e9tablis.<\/span><\/p>\n<p><span style=\"font-family: verdana, geneva, sans-serif; color: #000080;\">L&rsquo;\u00e9tablissement Les langues sans stress r\u00e9pond aux exigences du r\u00e9f\u00e9rentiel QUALIOPI ou de la norme ISO 29990, d\u00e9di\u00e9e sp\u00e9cifiquement \u00e0 tous les types de centres de formation.<\/span><\/p>\n<div>\n<p><span style=\"text-decoration: underline;\"><span style=\"color: #000080; font-family: verdana, geneva, sans-serif; text-decoration: underline;\">Documentation<\/span><\/span><\/p>\n<ul>\n<li><span style=\"color: #000080;\"><span style=\"font-family: verdana, geneva, sans-serif;\">Auto\u00e9valuation des besoins et objectifs par le stagiaire<\/span><\/span><\/li>\n<li><span style=\"color: #000080;\"><span style=\"font-family: verdana, geneva, sans-serif;\">\u00c9valuation de la prestation \u00e0 chaud<\/span><\/span><\/li>\n<li><span style=\"color: #000080;\"><span style=\"font-family: verdana, geneva, sans-serif;\">Mise en \u00e9vidence d&rsquo;un axe d&rsquo;am\u00e9lioration <\/span><\/span><\/li>\n<li><span style=\"font-family: verdana, geneva, sans-serif; color: #000080;\">R\u00e9clamation\u00a0<\/span><\/li>\n<li><span style=\"color: #000080;\"><span style=\"font-family: verdana, geneva, sans-serif;\">\u00c9valuation \u00e0 froid d&rsquo;une prestation par le financeur et ou le stagiaire<\/span><\/span><\/li>\n<\/ul>\n<\/div>\n","protected":false},"excerpt":{"rendered":"<p>vsept24mod Engagement qualit\u00e9 du centre de formation Les langues sans stress Organisme de formation r\u00e9f\u00e9renc\u00e9<\/p>\n","protected":false},"author":1,"featured_media":11158,"comment_status":"closed","ping_status":"open","sticky":false,"template":"","format":"standard","meta":{"footnotes":""},"categories":[80,348,176,432],"tags":[575,574,430,347,526],"class_list":["post-13394","post","type-post","status-publish","format-standard","has-post-thumbnail","hentry","category-actualites","category-cpf-certificats","category-information-documentation","category-langues","tag-certification","tag-cpf","tag-formation-professionnelle","tag-langues","tag-modalites"],"_links":{"self":[{"href":"https:\/\/www.leslanguessansstress.fr\/index.php\/wp-json\/wp\/v2\/posts\/13394","targetHints":{"allow":["GET"]}}],"collection":[{"href":"https:\/\/www.leslanguessansstress.fr\/index.php\/wp-json\/wp\/v2\/posts"}],"about":[{"href":"https:\/\/www.leslanguessansstress.fr\/index.php\/wp-json\/wp\/v2\/types\/post"}],"author":[{"embeddable":true,"href":"https:\/\/www.leslanguessansstress.fr\/index.php\/wp-json\/wp\/v2\/users\/1"}],"replies":[{"embeddable":true,"href":"https:\/\/www.leslanguessansstress.fr\/index.php\/wp-json\/wp\/v2\/comments?post=13394"}],"version-history":[{"count":9,"href":"https:\/\/www.leslanguessansstress.fr\/index.php\/wp-json\/wp\/v2\/posts\/13394\/revisions"}],"predecessor-version":[{"id":16661,"href":"https:\/\/www.leslanguessansstress.fr\/index.php\/wp-json\/wp\/v2\/posts\/13394\/revisions\/16661"}],"wp:featuredmedia":[{"embeddable":true,"href":"https:\/\/www.leslanguessansstress.fr\/index.php\/wp-json\/wp\/v2\/media\/11158"}],"wp:attachment":[{"href":"https:\/\/www.leslanguessansstress.fr\/index.php\/wp-json\/wp\/v2\/media?parent=13394"}],"wp:term":[{"taxonomy":"category","embeddable":true,"href":"https:\/\/www.leslanguessansstress.fr\/index.php\/wp-json\/wp\/v2\/categories?post=13394"},{"taxonomy":"post_tag","embeddable":true,"href":"https:\/\/www.leslanguessansstress.fr\/index.php\/wp-json\/wp\/v2\/tags?post=13394"}],"curies":[{"name":"wp","href":"https:\/\/api.w.org\/{rel}","templated":true}]}}