{"id":12255,"date":"2025-02-06T19:00:46","date_gmt":"2025-02-06T18:00:46","guid":{"rendered":"https:\/\/www.leslanguessansstress.fr\/?p=12255"},"modified":"2025-02-06T19:43:10","modified_gmt":"2025-02-06T18:43:10","slug":"gestion-du-stress-en-entreprise","status":"publish","type":"post","link":"https:\/\/www.leslanguessansstress.fr\/index.php\/2025\/02\/06\/gestion-du-stress-en-entreprise\/","title":{"rendered":"Gestion du stress en entreprise"},"content":{"rendered":"<h1 style=\"text-align: center;\"><span style=\"font-family: verdana, geneva, sans-serif; color: #99cc00;\"><strong><span style=\"color: #8a0f88;\">Gestion du Stress<\/span><\/strong><\/span><\/h1>\n<h1 style=\"text-align: center;\"><span style=\"font-family: verdana, geneva, sans-serif; color: #99cc00; font-size: 8px;\"><strong><img loading=\"lazy\" decoding=\"async\" class=\"alignnone size-full wp-image-11347\" src=\"https:\/\/www.leslanguessansstress.fr\/wp-content\/uploads\/2021\/02\/Stop-au-stress-pour-mieux-apprendre-les-langues-sans-stress-vivre-travailler-et-communiquer-au-quotidien-e1614705172693.png\" alt=\"\" width=\"299\" height=\"84\" \/> <\/strong><\/span><\/h1>\n<h1 style=\"font-weight: 400; text-align: center;\"><span style=\"font-family: verdana, geneva, sans-serif; color: #993300; font-size: 28px;\"><span style=\"font-family: verdana, geneva, sans-serif; font-size: 24px;\">Formation en gestion et pr\u00e9vention du stress destin\u00e9e \u00e0 l&rsquo;entreprise \u00a0<\/span><\/span><\/h1>\n<p><span style=\"font-family: verdana, geneva, sans-serif; color: #000080;\"><strong>Objectifs de la formation :<\/strong>\u00a0<\/span><br \/>\n<span style=\"font-family: verdana, geneva, sans-serif; color: #000080;\">Mieux se conna\u00eetre et comprendre le stress pour savoir g\u00e9rer ses \u00e9motions et les effets n\u00e9gatifs du stress. Apprendre quelques techniques faciles \u00e0 mettre en place au poste de travail.<\/span><\/p>\n<p><span style=\"font-family: verdana, geneva, sans-serif; color: #000080;\"><strong>Public vis\u00e9 :<\/strong> <\/span><br \/>\n<span style=\"font-family: verdana, geneva, sans-serif; color: #000080;\">Toute personne souhaitant s&rsquo;approprier des cl\u00e9s pour g\u00e9rer son stress ou \u00e9viter les effets n\u00e9gatifs du stress et pr\u00e9venir certaines situations reconnues stressantes, principalement en milieu professionnel. <\/span><\/p>\n<p><span style=\"font-family: verdana, geneva, sans-serif; color: #000080;\"><strong>Pr\u00e9requis \/ Niveau de formation :<\/strong> <\/span><br \/>\nS<span style=\"font-family: verdana, geneva, sans-serif; color: #000080;\">ans<\/span><\/p>\n<p><span style=\"font-family: verdana, geneva, sans-serif; color: #000080;\"><strong>M\u00e9thodes p\u00e9dagogiques :<\/strong> <\/span><br \/>\n<span style=\"font-family: verdana, geneva, sans-serif; color: #000080;\">Vid\u00e9oprojecteur, Paperboard, document de synth\u00e8se, exercices, jeux de r\u00f4le, tour de table, mise en situation et entrainement selon son propre v\u00e9cu.<\/span><\/p>\n<p><span style=\"font-family: verdana, geneva, sans-serif; color: #000080;\"><strong>Dur\u00e9e de la formation :<\/strong> <\/span><br \/>\n<span style=\"font-family: verdana, geneva, sans-serif; color: #000080;\">14 heures<\/span><\/p>\n<p><span style=\"font-family: verdana, geneva, sans-serif; color: #000080;\"><strong>Dates :<\/strong> <\/span><br \/>\n<span style=\"font-family: verdana, geneva, sans-serif; color: #000080;\">A d\u00e9terminer ensemble. <\/span><br \/>\n<span style=\"font-family: verdana, geneva, sans-serif; color: #000080;\">2 jours d&rsquo;affil\u00e9e pour les cadres ou 4 demi-journ\u00e9es d&rsquo;adaptation aux postes <\/span><\/p>\n<p><span style=\"font-family: verdana, geneva, sans-serif; color: #000080;\"><strong>Modalit\u00e9s : <\/strong><\/span><br \/>\n<span style=\"font-family: verdana, geneva, sans-serif; color: #000080;\">Petit groupe (effectif jusqu&rsquo;\u00e0 8 participants de statuts similaires)*<\/span><\/p>\n<p><span style=\"font-family: verdana, geneva, sans-serif; color: #000080;\"><strong>Sanction de la formation :<\/strong> <\/span><br \/>\n<span style=\"font-family: verdana, geneva, sans-serif; color: #000080;\">Attestation de stage <\/span><br \/>\n<span style=\"font-family: verdana, geneva, sans-serif; color: #000080;\">Emargement<\/span><\/p>\n<p><span style=\"font-family: verdana, geneva, sans-serif; color: #000080;\"><strong>Titre et qualit\u00e9 de la formatrice :<\/strong> <\/span><br \/>\n<span style=\"font-family: verdana, geneva, sans-serif; color: #000080;\">Val\u00e9rie NEYRET-VACHEY, consultante formatrice certifi\u00e9e en langues professionnelles, gestion du stress en entreprise avec hypnoth\u00e9rapie et pr\u00e9paration mentale.<\/span><\/p>\n<p><span style=\"font-family: verdana, geneva, sans-serif; color: #000080;\"><strong>Lieu de la formation :<\/strong>\u00a0<\/span><br \/>\n<span style=\"font-family: verdana, geneva, sans-serif; color: #000080;\">Centre les langues sans stress \u00e0 La Rochette ou intra entreprise\/collectivit\u00e9.<\/span><\/p>\n<h1 style=\"font-weight: 400;\"><span style=\"font-family: verdana, geneva, sans-serif; color: #993300; font-size: 28px;\"><span style=\"font-family: verdana, geneva, sans-serif; font-size: 24px;\">Programme du stage court \u00ab\u00a0Gestion et pr\u00e9vention du stress en entreprise\u00a0\u00bb\u00a0<\/span><\/span><\/h1>\n<p><span style=\"font-family: verdana, geneva, sans-serif; color: #000080;\"><strong>Identifier son attitude face au stress <\/strong><\/span><br \/>\n<span style=\"font-family: verdana, geneva, sans-serif; color: #000080;\">&#8211; Les sympt\u00f4mes \u00e0 rep\u00e9rer.<\/span><br \/>\n<span style=\"font-family: verdana, geneva, sans-serif; color: #000080;\">&#8211; Les sources de stress.<\/span><br \/>\n<span style=\"font-family: verdana, geneva, sans-serif; color: #000080;\">&#8211; Les r\u00e9actions face au stress.<\/span><\/p>\n<p><span style=\"font-family: verdana, geneva, sans-serif; color: #000080;\"><strong>Identifier son attitude face aux stresseurs <\/strong><\/span><br \/>\n<span style=\"font-family: verdana, geneva, sans-serif; color: #000080;\">&#8211; Analyser ses propres m\u00e9canismes de r\u00e9actions face aux stresseurs.<\/span><br \/>\n<span style=\"font-family: verdana, geneva, sans-serif; color: #000080;\">&#8211; Prendre conscience de son positionnement vis \u00e0 vis des autres et de soi-m\u00eame.<\/span><br \/>\n<span style=\"font-family: verdana, geneva, sans-serif; color: #000080;\">&#8211; Analyser son comportement sous pression.<\/span><\/p>\n<p><span style=\"font-family: verdana, geneva, sans-serif; color: #000080;\"><strong>Reprendre le contr\u00f4le <\/strong><\/span><br \/>\n<span style=\"font-family: verdana, geneva, sans-serif; color: #000080;\">&#8211; Faire le diagnostic des domaines sur lesquels on peut agir.<\/span><br \/>\n<span style=\"font-family: verdana, geneva, sans-serif; color: #000080;\">&#8211; Maintenir son niveau d\u2019\u00e9nergie.<\/span><br \/>\n<span style=\"font-family: verdana, geneva, sans-serif; color: #000080;\">&#8211; G\u00e9rer sa stabilit\u00e9\u0301 \u00e9motionnelle.<\/span><\/p>\n<p><span style=\"font-family: verdana, geneva, sans-serif; color: #000080;\"><strong>G\u00e9rer les stresseurs <\/strong><\/span><br \/>\n<span style=\"font-family: verdana, geneva, sans-serif; color: #000080;\">&#8211; Faire face aux sollicitations.<\/span><br \/>\n<span style=\"font-family: verdana, geneva, sans-serif; color: #000080;\">&#8211; Poser ses limites en \u00e9vitant le conflit.<\/span><br \/>\n<span style=\"font-family: verdana, geneva, sans-serif; color: #000080;\">&#8211; Faire respecter ses fronti\u00e8res et augmenter sa propre capacit\u00e9\u0301 \u00e0 faire face.<\/span><br \/>\n<span style=\"font-family: verdana, geneva, sans-serif; color: #000080;\">&#8211; Savoir dire non quand c\u2019est n\u00e9cessaire.<\/span><br \/>\n<span style=\"font-family: verdana, geneva, sans-serif; color: #000080;\">&#8211; Utiliser les outils de la CNV pour anticiper les situations stressantes.<\/span><\/p>\n<p><span style=\"font-family: verdana, geneva, sans-serif; color: #000080;\"><strong>G\u00e9rer les p\u00e9riodes de forte charge <\/strong><\/span><br \/>\n<span style=\"font-family: verdana, geneva, sans-serif; color: #000080;\">&#8211; \u00c9valuer son niveau de fatigue.<\/span><br \/>\n<span style=\"font-family: verdana, geneva, sans-serif; color: #000080;\">&#8211; Les cl\u00e9s pour se r\u00e9g\u00e9n\u00e9rer physiquement.<\/span><br \/>\n<span style=\"font-family: verdana, geneva, sans-serif; color: #000080;\">&#8211; Les cl\u00e9s pour g\u00e9rer la fatigue morale<\/span><\/p>\n<p><span style=\"font-family: verdana, geneva, sans-serif; color: #000080;\">L&rsquo;intervenante est form\u00e9e \u00e0 diverses techniques antistress et vous propose d&rsquo;en d\u00e9couvrir quelques-unes telles que la visualisation cr\u00e9ative, les massages bien-\u00eatre sur habits, l&rsquo;hypnose de relaxation.<\/span><\/p>\n<p><span style=\"font-family: verdana, geneva, sans-serif; color: #000080;\">Renseignements et devis : <span style=\"color: #0000ff;\"><a style=\"color: #0000ff;\" href=\"https:\/\/www.leslanguessansstress.fr\/index.php\/nous-contacter\/\" target=\"_blank\" rel=\"noopener\">CONTACT<\/a><\/span><\/span><span style=\"color: #000080; font-family: verdana, geneva, sans-serif;\">\u00a0<\/span><\/p>\n<h1 style=\"text-align: center;\"><span style=\"font-size: 16px;\"><span style=\"color: #000080; font-family: verdana, geneva, sans-serif;\"><a href=\"https:\/\/travail-emploi.gouv.fr\/qualiopi-marque-de-certification-qualite-des-prestataires-de-formation\" target=\"_blank\" rel=\"noopener\"> <img loading=\"lazy\" decoding=\"async\" class=\"alignnone size-medium wp-image-13668\" src=\"https:\/\/www.leslanguessansstress.fr\/wp-content\/uploads\/2022\/05\/Les-langues-sans-stress-certifiees-Qualiopi-depuis-2020-300x123.png\" alt=\"\" width=\"300\" height=\"123\" srcset=\"https:\/\/www.leslanguessansstress.fr\/wp-content\/uploads\/2022\/05\/Les-langues-sans-stress-certifiees-Qualiopi-depuis-2020-300x123.png 300w, https:\/\/www.leslanguessansstress.fr\/wp-content\/uploads\/2022\/05\/Les-langues-sans-stress-certifiees-Qualiopi-depuis-2020.png 350w\" sizes=\"auto, (max-width: 300px) 100vw, 300px\" \/><\/a>\u00a0<\/span><span style=\"color: #000080; font-family: verdana, geneva, sans-serif;\"><strong><br \/>\n<\/strong><\/span><\/span><\/h1>\n<p><span style=\"color: #000080; font-family: verdana, geneva, sans-serif;\"> * vous diff\u00e9rencions les participants selon leurs statuts afin d&rsquo;adapter le programme aux besoins li\u00e9s \u00e0 leurs fonctions au sein de l&rsquo;entreprise : cadre, ouvrier, intervenant face au public.\u00a0<\/span><\/p>\n","protected":false},"excerpt":{"rendered":"<p>Gestion du Stress Formation en gestion et pr\u00e9vention du stress destin\u00e9e \u00e0 l&rsquo;entreprise \u00a0 Objectifs<\/p>\n","protected":false},"author":2,"featured_media":12257,"comment_status":"closed","ping_status":"open","sticky":false,"template":"","format":"standard","meta":{"footnotes":""},"categories":[80,543,176,371],"tags":[211,386,202,122,373,704],"class_list":["post-12255","post","type-post","status-publish","format-standard","has-post-thumbnail","hentry","category-actualites","category-gestion-du-stress","category-information-documentation","category-programme","tag-gestion-du-stress","tag-initiation","tag-perfectionnement","tag-professionnels","tag-renforcement","tag-stage-pour-lentreprise"],"_links":{"self":[{"href":"https:\/\/www.leslanguessansstress.fr\/index.php\/wp-json\/wp\/v2\/posts\/12255","targetHints":{"allow":["GET"]}}],"collection":[{"href":"https:\/\/www.leslanguessansstress.fr\/index.php\/wp-json\/wp\/v2\/posts"}],"about":[{"href":"https:\/\/www.leslanguessansstress.fr\/index.php\/wp-json\/wp\/v2\/types\/post"}],"author":[{"embeddable":true,"href":"https:\/\/www.leslanguessansstress.fr\/index.php\/wp-json\/wp\/v2\/users\/2"}],"replies":[{"embeddable":true,"href":"https:\/\/www.leslanguessansstress.fr\/index.php\/wp-json\/wp\/v2\/comments?post=12255"}],"version-history":[{"count":10,"href":"https:\/\/www.leslanguessansstress.fr\/index.php\/wp-json\/wp\/v2\/posts\/12255\/revisions"}],"predecessor-version":[{"id":17280,"href":"https:\/\/www.leslanguessansstress.fr\/index.php\/wp-json\/wp\/v2\/posts\/12255\/revisions\/17280"}],"wp:featuredmedia":[{"embeddable":true,"href":"https:\/\/www.leslanguessansstress.fr\/index.php\/wp-json\/wp\/v2\/media\/12257"}],"wp:attachment":[{"href":"https:\/\/www.leslanguessansstress.fr\/index.php\/wp-json\/wp\/v2\/media?parent=12255"}],"wp:term":[{"taxonomy":"category","embeddable":true,"href":"https:\/\/www.leslanguessansstress.fr\/index.php\/wp-json\/wp\/v2\/categories?post=12255"},{"taxonomy":"post_tag","embeddable":true,"href":"https:\/\/www.leslanguessansstress.fr\/index.php\/wp-json\/wp\/v2\/tags?post=12255"}],"curies":[{"name":"wp","href":"https:\/\/api.w.org\/{rel}","templated":true}]}}