{"id":11525,"date":"2025-04-03T10:00:17","date_gmt":"2025-04-03T08:00:17","guid":{"rendered":"https:\/\/www.leslanguessansstress.fr\/?p=11525"},"modified":"2025-04-04T12:29:01","modified_gmt":"2025-04-04T10:29:01","slug":"bilingue-double-immersion","status":"publish","type":"post","link":"https:\/\/www.leslanguessansstress.fr\/index.php\/2025\/04\/03\/bilingue-double-immersion\/","title":{"rendered":"BILINGUE = double immersion"},"content":{"rendered":"<p><span style=\"color: #000080; font-family: verdana, geneva, sans-serif; font-size: 8px;\">Texte lu de pr\u00e9f\u00e9rence depuis un ordinateur <\/span><img loading=\"lazy\" decoding=\"async\" class=\"alignnone wp-image-14383 aligncenter\" src=\"https:\/\/www.leslanguessansstress.fr\/wp-content\/uploads\/2022\/10\/QUALIOPI-action-de-formation-renouvele\u0301-20221009-Les-langues-sans-stress--300x193.jpg\" alt=\"\" width=\"194\" height=\"125\" srcset=\"https:\/\/www.leslanguessansstress.fr\/wp-content\/uploads\/2022\/10\/QUALIOPI-action-de-formation-renouvele\u0301-20221009-Les-langues-sans-stress--300x193.jpg 300w, https:\/\/www.leslanguessansstress.fr\/wp-content\/uploads\/2022\/10\/QUALIOPI-action-de-formation-renouvele\u0301-20221009-Les-langues-sans-stress--1024x660.jpg 1024w, https:\/\/www.leslanguessansstress.fr\/wp-content\/uploads\/2022\/10\/QUALIOPI-action-de-formation-renouvele\u0301-20221009-Les-langues-sans-stress--768x495.jpg 768w, https:\/\/www.leslanguessansstress.fr\/wp-content\/uploads\/2022\/10\/QUALIOPI-action-de-formation-renouvele\u0301-20221009-Les-langues-sans-stress-.jpg 1504w\" sizes=\"auto, (max-width: 194px) 100vw, 194px\" \/><\/p>\n<h1 style=\"font-weight: 400;\"><span style=\"font-family: verdana, geneva, sans-serif; color: #000080;\">Apprendre les langues sans stress en double immersion<\/span><\/h1>\n<h3 style=\"font-weight: 400;\"><span style=\"font-family: verdana, geneva, sans-serif; color: #ff6600;\">Bilingue, double immersion, tout pour se sentir rapidement \u00e0 l&rsquo;aise en langues vivantes dans la majorit\u00e9 des situations rencontr\u00e9es au quotidien ou pendant ses voyages, en entreprise et pour ses \u00e9tudes.\u00a0<\/span><\/h3>\n<p style=\"text-align: left;\"><span style=\"color: #000080; font-family: verdana, geneva, sans-serif;\">Etre bilingue invoque trop souvent la perfection, or cela ne veut pas toujours dire \u00ab\u00a0savoir parfaitement deux langues\u00a0\u00bb mais cela exprime une situation de bien-\u00eatre dans ces deux langues parl\u00e9es \u00e0 un niveau d&rsquo;\u00e9tude et de pratique personnel pour chacun, tout comme l&rsquo;enfant &lsquo;parle&rsquo; sa langue maternelle naturellement et couramment quoiqu&rsquo;\u00e0 un\u00a0<\/span><span style=\"color: #000080; font-family: verdana, geneva, sans-serif;\"><span style=\"caret-color: #000080;\">niveau bien inf\u00e9rieur de celui d&rsquo;un adolescent ou d&rsquo;un adulte.<\/span><\/span><\/p>\n<h3 style=\"text-align: left;\"><strong><span style=\"color: #000080; font-family: verdana, geneva, sans-serif;\"><img loading=\"lazy\" decoding=\"async\" class=\"size-medium wp-image-14106 aligncenter\" src=\"https:\/\/www.leslanguessansstress.fr\/wp-content\/uploads\/2022\/09\/Apprenez-2-langues-sans-stress-pour-ameliorer-votre-mobilite-CPF-300x170.jpg\" alt=\"\" width=\"300\" height=\"170\" srcset=\"https:\/\/www.leslanguessansstress.fr\/wp-content\/uploads\/2022\/09\/Apprenez-2-langues-sans-stress-pour-ameliorer-votre-mobilite-CPF-300x170.jpg 300w, https:\/\/www.leslanguessansstress.fr\/wp-content\/uploads\/2022\/09\/Apprenez-2-langues-sans-stress-pour-ameliorer-votre-mobilite-CPF-1024x582.jpg 1024w, https:\/\/www.leslanguessansstress.fr\/wp-content\/uploads\/2022\/09\/Apprenez-2-langues-sans-stress-pour-ameliorer-votre-mobilite-CPF-768x436.jpg 768w, https:\/\/www.leslanguessansstress.fr\/wp-content\/uploads\/2022\/09\/Apprenez-2-langues-sans-stress-pour-ameliorer-votre-mobilite-CPF-888x500.jpg 888w, https:\/\/www.leslanguessansstress.fr\/wp-content\/uploads\/2022\/09\/Apprenez-2-langues-sans-stress-pour-ameliorer-votre-mobilite-CPF-800x450.jpg 800w, https:\/\/www.leslanguessansstress.fr\/wp-content\/uploads\/2022\/09\/Apprenez-2-langues-sans-stress-pour-ameliorer-votre-mobilite-CPF.jpg 1084w\" sizes=\"auto, (max-width: 300px) 100vw, 300px\" \/><\/span><\/strong><\/h3>\n<p style=\"text-align: left;\"><strong><span style=\"color: #000080; font-family: verdana, geneva, sans-serif;\"><span style=\"caret-color: #000080;\">Apprenez<\/span>\u00a0ou renforcez l&rsquo;anglais + une seconde langue vivante<\/span><\/strong><span style=\"color: #000080; font-family: verdana, geneva, sans-serif;\"> pour d\u00e9couvrir quelques bases fondamentales de la conversation du quotidien, des voyages, de l&rsquo;entreprise ou pour aller plus loin dans votre ma\u00eetrise de la communication instinctive, selon votre niveau d&rsquo;entr\u00e9e, vos besoins et objectifs individuels.<\/span><\/p>\n<p><span style=\"font-family: verdana, geneva, sans-serif;\"><strong><span style=\"color: #000080;\">OBJECTIFS<\/span><\/strong><span style=\"color: #000080;\"><br \/>\n<\/span><span style=\"color: #000080;\"><span style=\"font-family: verdana, geneva, sans-serif; color: #000080;\">1 &#8211; Apprendre ou rafra\u00eechir les bases essentielles autant en anglais que dans la langue cible.<\/span><\/span><\/span><br \/>\n<span style=\"font-family: verdana, geneva, sans-serif;\"><span style=\"color: #000080;\"><span style=\"font-family: verdana, geneva, sans-serif; color: #000080;\">2 &#8211; D\u00e9velopper le lexique professionnel dans les deux langues.\u00a0<\/span><br \/>\n<span style=\"font-family: verdana, geneva, sans-serif; color: #000080;\">3 &#8211; Rendre son expression et sa compr\u00e9hension \u00e9crites plus efficaces.<\/span><br \/>\n<span style=\"font-family: verdana, geneva, sans-serif; color: #000080;\">4 &#8211; Am\u00e9liorer la compr\u00e9hension orale et la fluidit\u00e9 du discours.<\/span><\/span><\/span><br \/>\n<span style=\"font-family: verdana, geneva, sans-serif;\"><span style=\"color: #000080;\"><span style=\"font-family: verdana, geneva, sans-serif; color: #000080;\">5 &#8211; Gagner en aisance face \u00e0 un public ou pendant un voyage en changeant de langue instinctivement.<\/span><\/span><\/span><\/p>\n<h2 style=\"font-weight: 400;\"><span style=\"font-family: verdana, geneva, sans-serif; color: #ff6600; font-size: 24px;\">Parler, comprendre et interagir instinctivement en double immersion<\/span><\/h2>\n<p><span style=\"font-family: verdana, geneva, sans-serif; color: #000080;\"><span style=\"text-decoration: underline;\">Cette formule est faite pour vous si<\/span>\u00a0:<\/span><br \/>\n<span style=\"font-family: verdana, geneva, sans-serif; color: #000080;\">\u00a0&#8211; vous voulez am\u00e9liorer votre prononciation<\/span><br \/>\n<span style=\"font-family: verdana, geneva, sans-serif; color: #000080;\">\u00a0&#8211; vous devez fluidifier votre discours <\/span><br \/>\n<span style=\"font-family: verdana, geneva, sans-serif; color: #000080;\">\u00a0&#8211; vous voulez communiquer instinctivement sans traduire<\/span><br \/>\n<span style=\"font-family: verdana, geneva, sans-serif; color: #000080;\">\u00a0&#8211; vous souhaitez mieux comprendre et \u00eatre compris plus facilement<\/span><br \/>\n<span style=\"font-family: verdana, geneva, sans-serif; color: #000080;\">\u00a0&#8211; vous d\u00e9cidez de donner un coup de pouce \u00e0 vos \u00e9tudes<\/span><br \/>\n<span style=\"font-family: verdana, geneva, sans-serif; color: #000080;\">\u00a0&#8211; vous voyagez ou travaillez dans une entreprise bilingue <\/span><br \/>\n<span style=\"font-family: verdana, geneva, sans-serif; color: #000080;\">\u00a0&#8211; vous voulez d\u00e9velopper vos fonctions cognitives avec efficacit\u00e9<\/span><\/p>\n<p><span style=\"font-family: verdana, geneva, sans-serif; color: #000080;\"><strong>LANGUES<\/strong>\u00a0<\/span><br \/>\n<span style=\"font-family: verdana, geneva, sans-serif; color: #000080;\">Anglais\/allemand, anglais\/espagnol, anglais\/italien, anglais\/FLE, anglais\/tha\u00ef*<span style=\"font-family: verdana, geneva, sans-serif;\"><img loading=\"lazy\" decoding=\"async\" class=\"wp-image-9211 aligncenter\" src=\"https:\/\/www.leslanguessansstress.fr\/wp-content\/uploads\/2020\/05\/image-BILINGUE-6-LANGUES-drapeaux-300x43.png\" alt=\"\" width=\"586\" height=\"84\" srcset=\"https:\/\/www.leslanguessansstress.fr\/wp-content\/uploads\/2020\/05\/image-BILINGUE-6-LANGUES-drapeaux-300x43.png 300w, https:\/\/www.leslanguessansstress.fr\/wp-content\/uploads\/2020\/05\/image-BILINGUE-6-LANGUES-drapeaux-768x111.png 768w, https:\/\/www.leslanguessansstress.fr\/wp-content\/uploads\/2020\/05\/image-BILINGUE-6-LANGUES-drapeaux.png 806w\" sizes=\"auto, (max-width: 586px) 100vw, 586px\" \/><\/span><\/span><\/p>\n<h3 style=\"font-weight: 400;\"><span style=\"font-family: verdana, geneva, sans-serif; color: #ff6600; font-size: 24px;\">La formation immersive en deux langues &#8211; pourquoi \u00e7a marche si bien ?<\/span><\/h3>\n<p><span style=\"color: #000080; font-family: verdana, geneva, sans-serif;\">1 &#8211; Votre observation du contexte clair et cibl\u00e9 \u00e0 chaque \u00e9coute de la le\u00e7on vous informe de la situation\u00a0 <\/span><br \/>\n<span style=\"color: #000080; font-family: verdana, geneva, sans-serif;\">2 &#8211; Les dialogues sont tr\u00e8s courts, le vocabulaire progressif, expliqu\u00e9, les points de grammaire d\u00e9montr\u00e9s simplement <\/span><br \/>\n<span style=\"color: #000080; font-family: verdana, geneva, sans-serif;\">3 &#8211; Votre esprit comprend instinctivement sans traduire vers ou depuis le fran\u00e7ais <\/span><br \/>\n<span style=\"color: #000080; font-family: verdana, geneva, sans-serif;\">4 &#8211; Vous apprenez sans contrainte \u00e0 former vos phrases en moins de temps que dans un cours unilingue <\/span><br \/>\n<span style=\"color: #000080; font-family: verdana, geneva, sans-serif;\">5 &#8211; Cette activit\u00e9 est jug\u00e9e ludique par votre esprit naturellement curieux et ouvert \u00e0 l&rsquo;inconnu <\/span><br \/>\n<span style=\"color: #000080; font-family: verdana, geneva, sans-serif;\">6 &#8211; Vous pensez rapidement dans l&rsquo;une et l&rsquo;autre des deux langues <\/span><br \/>\n<span style=\"color: #000080; font-family: verdana, geneva, sans-serif;\">7 &#8211; Vous \u00eates accompagn\u00e9 dans votre d\u00e9marche bilingue par une formatrice \u00e0 votre \u00e9coute qui parle couramment les deux langues de mani\u00e8re simultan\u00e9e<\/span><\/p>\n<p><span style=\"font-family: verdana, geneva, sans-serif; color: #000080;\">Exemples de programmes : <a href=\"https:\/\/www.leslanguessansstress.fr\/index.php\/2025\/01\/26\/bilingue-anglais-espagnol-du-debutant-a1-a2\/\" target=\"_blank\" rel=\"noopener\">Anglais \/ Espagnol<\/a> &#8230;<\/span><\/p>\n<h3 style=\"font-weight: 400;\"><span style=\"font-family: verdana, geneva, sans-serif; color: #ff6600; font-size: 24px;\">R\u00e9sultats attendus de la formation bilingue les langues sans stress<\/span><\/h3>\n<h4><span style=\"font-family: verdana, geneva, sans-serif; color: #ff6600;\"><img loading=\"lazy\" decoding=\"async\" class=\"wp-image-7653 alignright\" src=\"https:\/\/www.leslanguessansstress.fr\/wp-content\/uploads\/2020\/01\/Formation-\u00e9ligible-CPF-Compte-personnel-de-formation-1-300x300.png\" alt=\"\" width=\"152\" height=\"152\" \/><\/span><\/h4>\n<p><span style=\"font-family: verdana, geneva, sans-serif; color: #000080;\">1 &#8211; Acqu\u00e9rir des r\u00e9flexes instantan\u00e9s dans les deux langues<br \/>\n2 &#8211; Am\u00e9liorer efficacement votre expression orale au quotidien, en voyage et en entreprise<br \/>\n3 &#8211; Comprendre et vous faire comprendre plus facilement de vos interlocuteurs \u00e9trangers<br \/>\n4 &#8211; Vous sentir plus confiant dans un environnement international<\/span><\/p>\n<p><span style=\"font-family: verdana, geneva, sans-serif;\"><strong><span style=\"color: #000080;\">INITIATION (0\u2192A1)\u00a0<\/span><\/strong><\/span><\/p>\n<p><span style=\"font-family: verdana, geneva, sans-serif; color: #000080;\"><span style=\"text-decoration: underline;\">D\u00e9couverte des rudiments de la conversation imm\u00e9diate pour<\/span> :\u00a0<\/span><br \/>\n<span style=\"font-family: verdana, geneva, sans-serif; color: #000080;\">\u27aa\u00a0Faire connaissance gr\u00e2ce \u00e0 quelques automatismes fondamentaux dans les 2 langues<\/span><br \/>\n<span style=\"font-family: verdana, geneva, sans-serif; color: #000080;\">\u27aa Vous d\u00e9brouiller en ville aussi bien en anglais que dans la 2e langue de votre choix\u00a0<\/span><br \/>\n<span style=\"font-family: verdana, geneva, sans-serif; color: #000080;\">\u27aa Pouvoir exprimer un besoin et \u00eatre compris par des natifs et des \u00e9trangers sur place<\/span><br \/>\n<span style=\"font-family: verdana, geneva, sans-serif; color: #000080;\">\u27aa \u00catre un peu plus d\u00e9tendu pendant vos d\u00e9placements courts et rencontres de vacances\u00a0<\/span><\/p>\n<p><span style=\"font-family: verdana, geneva, sans-serif;\"><strong><span style=\"color: #000080;\">RENFORCEMENT &#8211; PERFECTIONNEMENT (A1\u2192B2)<\/span><\/strong><\/span><\/p>\n<p><span style=\"color: #000080; font-family: verdana, geneva, sans-serif;\"><span style=\"text-decoration: underline;\">D\u00e9velopper vos connaissances dans les deux langues pour<\/span> :<br \/>\n\u27aa Elargir votre lexique et mieux former vos phrases instinctivement <\/span><br \/>\n<span style=\"color: #000080; font-family: verdana, geneva, sans-serif;\">\u27aa Fluidifier votre discours et am\u00e9liorer votre articulation dans les deux langues<\/span><br \/>\n<span style=\"color: #000080; font-family: verdana, geneva, sans-serif;\">\u27aa Communiquer plus efficacement \u00e0 l&rsquo;\u00e9crit comme \u00e0 l&rsquo;oral en passant d&rsquo;une langue \u00e0 l&rsquo;autre\u00a0<\/span><br \/>\n<span style=\"color: #000080; font-family: verdana, geneva, sans-serif;\">\u27aa Mieux comprendre et \u00eatre compris par vos interlocuteurs natifs et \u00e9trangers sur place et au t\u00e9l\u00e9phone<br \/>\n\u27aa Prendre de l&rsquo;assurance pendant vos d\u00e9placements, rencontres formelles et informelles<\/span><br \/>\n<span style=\"color: #000080; font-family: verdana, geneva, sans-serif;\">\u27aa Participer imm\u00e9diatement \u00e0 une discussion et intervenir avec aisance<\/span><br \/>\n<span style=\"color: #000080; font-family: verdana, geneva, sans-serif;\">\u27aa Interagir avec confiance dans les situations o\u00f9 plusieurs langues sont parl\u00e9es<\/span><\/p>\n<p><strong><span style=\"color: #000080; font-family: verdana, geneva, sans-serif;\">NIVEAUX<img loading=\"lazy\" decoding=\"async\" class=\"wp-image-11679 aligncenter\" src=\"https:\/\/www.leslanguessansstress.fr\/wp-content\/uploads\/2021\/02\/formations-bilingues-les-langues-sans-stress-tous-niveaux-pour-professionnels-vacanciers-et-enfants-CPF.emf_-300x123.jpg\" alt=\"\" width=\"834\" height=\"342\" srcset=\"https:\/\/www.leslanguessansstress.fr\/wp-content\/uploads\/2021\/02\/formations-bilingues-les-langues-sans-stress-tous-niveaux-pour-professionnels-vacanciers-et-enfants-CPF.emf_-300x123.jpg 300w, https:\/\/www.leslanguessansstress.fr\/wp-content\/uploads\/2021\/02\/formations-bilingues-les-langues-sans-stress-tous-niveaux-pour-professionnels-vacanciers-et-enfants-CPF.emf_-1024x420.jpg 1024w, https:\/\/www.leslanguessansstress.fr\/wp-content\/uploads\/2021\/02\/formations-bilingues-les-langues-sans-stress-tous-niveaux-pour-professionnels-vacanciers-et-enfants-CPF.emf_-768x315.jpg 768w, https:\/\/www.leslanguessansstress.fr\/wp-content\/uploads\/2021\/02\/formations-bilingues-les-langues-sans-stress-tous-niveaux-pour-professionnels-vacanciers-et-enfants-CPF.emf_.jpg 1083w\" sizes=\"auto, (max-width: 834px) 100vw, 834px\" \/><\/span><\/strong><\/p>\n<p>&nbsp;<\/p>\n<h1 style=\"font-weight: 400;\"><span style=\"font-family: verdana, geneva, sans-serif; color: #ff6600; font-size: 24px;\">Conversation bilingue efficace et pratique en milieu professionnel et des voyages\u00a0<\/span><\/h1>\n<p><span style=\"font-family: verdana, geneva, sans-serif; color: #000080;\"><strong>Contenu de la formation<\/strong><\/span><\/p>\n<p><span style=\"font-family: verdana, geneva, sans-serif; color: #000080;\">Programme adapt\u00e9 \u00e0 la demande du stagiaire (voir ci-dessous)<\/span><br \/>\n<span style=\"font-family: verdana, geneva, sans-serif; color: #000080;\">Base d&rsquo;information et cours en anglais pour introduire la 2e langue au choix : espagnol, italien, allemand, fran\u00e7ais ou tha\u00ef*<\/span><br \/>\n<span style=\"font-family: verdana, geneva, sans-serif; color: #000080;\">Accompagnement et coaching bilingue individualis\u00e9 en atelier de conversation avec jeux accessibles par niveau d&rsquo;\u00e9tude\u00a0<\/span><br \/>\n<span style=\"font-family: verdana, geneva, sans-serif; color: #000080;\">Test de positionnement d\u00e8s le niveau faux d\u00e9butant &#8211; Entretien individuel (20 minutes)<\/span><br \/>\n<span style=\"font-family: verdana, geneva, sans-serif; color: #000080;\">Elaboration du parcours personnalis\u00e9 et choix des ressources selon niveau d\u2019entr\u00e9e et objectifs du stagiaire<br \/>\nAttestation du parcours suivi &#8211; Test de certification en option (option inclue dans la formation CPF)<\/span><\/p>\n<h4 style=\"font-weight: 400;\"><span style=\"font-family: verdana, geneva, sans-serif; color: #ff6600; font-size: 24px;\">Choix entre plusieurs formules th\u00e9matiques \u00e0 la difficult\u00e9 progressive selon le niveau d\u2019acc\u00e8s et les objectifs du stagiaire en double immersion\u00a0<\/span><\/h4>\n<p><span style=\"font-family: verdana, geneva, sans-serif; color: #000080;\"><span style=\"color: #000080;\">Niveau A0-A1 =<\/span> <a href=\"https:\/\/www.leslanguessansstress.fr\/index.php\/2022\/10\/01\/bilingue-pour-le-voyage-initiation\/\" target=\"_blank\" rel=\"noopener\">Partir en weekend<\/a> \u00a0<\/span><br \/>\n<span style=\"font-family: verdana, geneva, sans-serif; color: #000080;\"><span style=\"color: #000080;\">Niveau A1\/B1 = <\/span>Voyager \u00e0 l&rsquo;\u00e9tranger\u00a0<\/span><br \/>\n<span style=\"font-family: verdana, geneva, sans-serif; color: #000080;\"><span style=\"color: #000080;\">Niveau A2\/B1 = <\/span>Communiquer en entreprise \u00e0 l&rsquo;\u00e9tranger \u00a0<\/span><br \/>\n<span style=\"font-family: verdana, geneva, sans-serif; color: #000080;\"><span style=\"color: #000080;\">Niveau A1\/B1 = <\/span><\/span><span style=\"font-family: verdana, geneva, sans-serif; color: #000080;\">Consolider l&rsquo;anglais du quotidien et s&rsquo;initier en langue g\u00e9n\u00e9rale LV2\u00a0<\/span><br \/>\n<span style=\"font-family: verdana, geneva, sans-serif; color: #000080;\">Niveau B1\/B2 = \u00a0Renforcer l&rsquo;anglais et d\u00e9velopper vos connaissances en langue g\u00e9n\u00e9rale LV2\u00a0<\/span><br \/>\n<span style=\"font-family: verdana, geneva, sans-serif; color: #000080;\"><span style=\"text-decoration: underline;\">Chaque formule contient<\/span> :<\/span><br \/>\n<span style=\"font-family: verdana, geneva, sans-serif; color: #000080;\">\u00a0&#8211; des informations sur le contexte de la situation<\/span><br \/>\n<span style=\"font-family: verdana, geneva, sans-serif; color: #000080;\">\u00a0&#8211; des notions de grammaire, syntaxe et du vocabulaire expliqu\u00e9s simplement et des exemples de construction pour diversifier vos connaissances<br \/>\n<\/span><span style=\"font-family: verdana, geneva, sans-serif; color: #000080;\">\u00a0&#8211; une information culturelle <\/span><br \/>\n<span style=\"font-family: verdana, geneva, sans-serif; color: #000080;\">\u00a0&#8211; des trucs et conseils pour mieux apprendre et parler sans stress deux langues simultan\u00e9ment<\/span><\/p>\n<h2 style=\"font-weight: 400;\"><span style=\"font-family: verdana, geneva, sans-serif; color: #ff6600; font-size: 24px;\">Accompagnement bilingue sous hypnose de relaxation pour d\u00e9jouer les blocages \u00e0 l&rsquo;apprentissage des langues et autres petits soucis\u00a0<\/span><\/h2>\n<p><span style=\"color: #000080; font-family: verdana, geneva, sans-serif;\"><span style=\"caret-color: #000080;\">Apprendre une langue \u00e9trang\u00e8re naturellement<\/span><\/span><br \/>\n<span style=\"color: #000080; font-family: verdana, geneva, sans-serif;\">Prendre confiance \u00e0 l&rsquo;oral et diminuer les crises de panique<\/span><br \/>\n<span style=\"color: #000080; font-family: verdana, geneva, sans-serif;\"><span style=\"caret-color: #000080;\">Se concentrer et mieux retenir ce qu&rsquo;on lit<\/span><\/span><br \/>\n<span style=\"color: #000080; font-family: verdana, geneva, sans-serif;\"><span style=\"caret-color: #000080;\">Instaurer une routine et ne plus procrastiner<\/span><\/span><\/p>\n<p style=\"text-align: center;\"><span style=\"color: #000080; font-family: verdana, geneva, sans-serif;\"> <img loading=\"lazy\" decoding=\"async\" class=\"alignnone size-medium wp-image-14157\" src=\"https:\/\/www.leslanguessansstress.fr\/wp-content\/uploads\/2022\/10\/Mon-compte-formation-CPF-les-langues-sans-stress-300x159.jpg\" alt=\"\" width=\"300\" height=\"159\" srcset=\"https:\/\/www.leslanguessansstress.fr\/wp-content\/uploads\/2022\/10\/Mon-compte-formation-CPF-les-langues-sans-stress-300x159.jpg 300w, https:\/\/www.leslanguessansstress.fr\/wp-content\/uploads\/2022\/10\/Mon-compte-formation-CPF-les-langues-sans-stress.jpg 646w\" sizes=\"auto, (max-width: 300px) 100vw, 300px\" \/><\/span><\/p>\n<h2 style=\"font-weight: 400;\"><span style=\"font-family: verdana, geneva, sans-serif; color: #ff6600; font-size: 24px;\">Formation-CPF bilingue extensible jusqu&rsquo;\u00e0 5 langues sans stress pour le professionnel du tourisme ou de l&rsquo;accueil t\u00e9l\u00e9phonique et r\u00e9ception en entreprise\u00a0<\/span><\/h2>\n<p><span style=\"color: #000080; font-family: verdana, geneva, sans-serif;\"><strong>MODALIT\u00c9S et M\u00c9THODE<\/strong> : veuillez prendre connaissance des informations contenues dans le <a href=\"https:\/\/www.leslanguessansstress.fr\/index.php\/2022\/09\/20\/livret-daccueil-stagiaire\/\" target=\"_blank\" rel=\"noopener\">LIVRET D&rsquo;ACCUEIL DU STAGIAIRE<\/a> avant votre inscription.\u00a0<\/span><br \/>\n<span style=\"color: #000080; font-family: verdana, geneva, sans-serif; font-size: 16px;\"><strong>Test de certification obligatoire si financement CPF<\/strong> : selon le niveau \u00e0 l&rsquo;entr\u00e9e en formation du stagiaire, nous proposons un ou deux tests de certification en anglais et\/ou dans la 2e langue choisie pour valider et valoriser ses comp\u00e9tences dans les deux langues sur son CV. <\/span><br \/>\n<span style=\"color: #000080; font-family: verdana, geneva, sans-serif; font-size: 16px;\">\u2666 Veuillez nous consulter pour la personnalisation de votre formation en nous d\u00e9crivant vos besoins et\/ou objectifs, votre situation, des contraintes individuelles le cas \u00e9ch\u00e9ant. <\/span><br \/>\n<span style=\"color: #000080; font-family: verdana, geneva, sans-serif; font-size: 16px;\">Les formations bi- ou trilingues peuvent toutes devenir \u00e9ligibles au financement CPF sur simple demande et apr\u00e8s entretien avec la formatrice pour valider le projet. <\/span><\/p>\n<p><span style=\"color: #ff6600; font-family: verdana, geneva, sans-serif; font-size: 16px;\">CERTIFICATION <\/span><\/p>\n<p><span style=\"color: #000080; font-family: verdana, geneva, sans-serif; font-size: 16px;\">Nous vous invitons \u00e0 nous consulter en amont de votre inscription sur le site MON COMPTE FORMATION avant de choisir le programme de langue et le test de certification de votre formation bilingue. Nous vous conseillerons en fonction de vos comp\u00e9tentes et besoins de certification ou objectifs \u00e0 atteindre entre CLO\u00c9 propos\u00e9 en 5 langues, TOEIC en anglais d&rsquo;entreprise, LE ROBERT pour le perfectionnement du fran\u00e7ais \u00e9crit. \u00a0<\/span><\/p>\n<p style=\"text-align: justify;\"><span style=\"font-family: verdana, geneva, sans-serif; font-size: 16px;\"><strong><span style=\"color: #000080;\">Anglais \/ <span style=\"color: #c2af08;\">allemand<\/span>\u00a0<\/span><\/strong><\/span><br \/>\n<span style=\"font-family: verdana, geneva, sans-serif; font-size: 16px;\"><strong><span style=\"color: #000080;\">Anglais <\/span><span style=\"color: #000080;\">\/ <span style=\"color: #ff0000;\">espagnol <\/span><\/span><\/strong><\/span><br \/>\n<span style=\"font-family: verdana, geneva, sans-serif; font-size: 16px;\"><strong><span style=\"color: #000080;\">Anglais \/ <span style=\"color: #0000ff;\">fran\u00e7ais<\/span>\u00a0<\/span><\/strong><\/span><br \/>\n<span style=\"font-family: verdana, geneva, sans-serif; font-size: 16px;\"><strong><span style=\"color: #000080;\">Anglais \/ <span style=\"color: #008000;\">italien <\/span><\/span><\/strong><\/span><br \/>\n<span style=\"font-family: verdana, geneva, sans-serif; font-size: 16px;\"><strong><span style=\"color: #000080;\">Anglais \/ <span style=\"color: #9e1e1e;\">tha\u00ef<\/span> <\/span><\/strong><span style=\"color: #000080;\">*<\/span><\/span><\/p>\n<h4 style=\"font-weight: 400;\"><span style=\"font-family: verdana, geneva, sans-serif; color: #000080; font-size: 16px;\">* Le tha\u00ef est uniquement propos\u00e9 par l&rsquo;association dans le cadre d&rsquo;une activit\u00e9 ludique de d\u00e9couverte participative concomitante au niveau base A1 avec ou sans \u00e9criture et lecture de l&rsquo;alphabet et des phrases en tha\u00ef. Elle peut cependant \u00eatre un module suppl\u00e9mentaire \u00e0 une formation certifiante en anglais courant et des \u00e9changes professionnels avec une approche des bases du tha\u00ef pour faciliter les rencontres et \u00e9changes professionnels, l&rsquo;orientation et les petits bavardages du quotidien et des voyages sans stress. Vos partenaires professionnels seront ravis de vos efforts d&rsquo;adaptation!<\/span><\/h4>\n","protected":false},"excerpt":{"rendered":"<p>Texte lu de pr\u00e9f\u00e9rence depuis un ordinateur Apprendre les langues sans stress en double immersion<\/p>\n","protected":false},"author":2,"featured_media":10430,"comment_status":"closed","ping_status":"open","sticky":false,"template":"","format":"standard","meta":{"footnotes":""},"categories":[80,153,348,176,432],"tags":[594,574,386,202,613,377,373,358,381],"class_list":["post-11525","post","type-post","status-publish","format-standard","has-post-thumbnail","hentry","category-actualites","category-bilingue","category-cpf-certificats","category-information-documentation","category-langues","tag-bilingue","tag-cpf","tag-initiation","tag-perfectionnement","tag-preparation-test","tag-professionnel","tag-renforcement","tag-tourisme","tag-voyages"],"_links":{"self":[{"href":"https:\/\/www.leslanguessansstress.fr\/index.php\/wp-json\/wp\/v2\/posts\/11525","targetHints":{"allow":["GET"]}}],"collection":[{"href":"https:\/\/www.leslanguessansstress.fr\/index.php\/wp-json\/wp\/v2\/posts"}],"about":[{"href":"https:\/\/www.leslanguessansstress.fr\/index.php\/wp-json\/wp\/v2\/types\/post"}],"author":[{"embeddable":true,"href":"https:\/\/www.leslanguessansstress.fr\/index.php\/wp-json\/wp\/v2\/users\/2"}],"replies":[{"embeddable":true,"href":"https:\/\/www.leslanguessansstress.fr\/index.php\/wp-json\/wp\/v2\/comments?post=11525"}],"version-history":[{"count":30,"href":"https:\/\/www.leslanguessansstress.fr\/index.php\/wp-json\/wp\/v2\/posts\/11525\/revisions"}],"predecessor-version":[{"id":17875,"href":"https:\/\/www.leslanguessansstress.fr\/index.php\/wp-json\/wp\/v2\/posts\/11525\/revisions\/17875"}],"wp:featuredmedia":[{"embeddable":true,"href":"https:\/\/www.leslanguessansstress.fr\/index.php\/wp-json\/wp\/v2\/media\/10430"}],"wp:attachment":[{"href":"https:\/\/www.leslanguessansstress.fr\/index.php\/wp-json\/wp\/v2\/media?parent=11525"}],"wp:term":[{"taxonomy":"category","embeddable":true,"href":"https:\/\/www.leslanguessansstress.fr\/index.php\/wp-json\/wp\/v2\/categories?post=11525"},{"taxonomy":"post_tag","embeddable":true,"href":"https:\/\/www.leslanguessansstress.fr\/index.php\/wp-json\/wp\/v2\/tags?post=11525"}],"curies":[{"name":"wp","href":"https:\/\/api.w.org\/{rel}","templated":true}]}}