{"id":11443,"date":"2025-02-03T19:00:47","date_gmt":"2025-02-03T18:00:47","guid":{"rendered":"https:\/\/www.leslanguessansstress.fr\/?p=11443"},"modified":"2025-02-06T20:36:34","modified_gmt":"2025-02-06T19:36:34","slug":"allemand-a1-accueil-hotelier","status":"publish","type":"post","link":"https:\/\/www.leslanguessansstress.fr\/index.php\/2025\/02\/03\/allemand-a1-accueil-hotelier\/","title":{"rendered":"Allemand accueil h\u00f4telier mt"},"content":{"rendered":"<p><span style=\"color: #000080; font-family: verdana, geneva, sans-serif;\">Allemand : niveau A1 pour le vrai d\u00e9butant adulte, professionnel ou \u00e9tudiant. Formation pr\u00eat \u00e0 l&#8217;emploi d\u00e8s la fin du parcours. \u00a0<\/span><\/p>\n<h1 style=\"font-weight: 400;\"><span style=\"font-family: verdana, geneva, sans-serif; color: #000080;\"><span style=\"color: #ff9900;\">Accueil h\u00f4telier en allemand sans stress &#8211; niveau d\u00e9butant A1<\/span> \u00a0<\/span><\/h1>\n<p><span style=\"color: #000080; font-family: verdana, geneva, sans-serif;\"><span style=\"font-size: 20px;\"><strong>Objectifs<\/strong><\/span>\u00a0<\/span><\/p>\n<p><span style=\"color: #000080; font-family: verdana, geneva, sans-serif;\">Acqu\u00e9rir les bases grammaticales et lexicales essentielles de la langue allemande utilis\u00e9e dans un contexte d&rsquo;accueil et service en h\u00f4tellerie. <\/span><br \/>\n<span style=\"color: #000080; font-family: verdana, geneva, sans-serif;\">Informer, conseiller et servir efficacement la client\u00e8le en milieu h\u00f4telier. <\/span><br \/>\n<span style=\"color: #000080; font-family: verdana, geneva, sans-serif;\">Communiquer avec assurance face \u00e0 son interlocuteur pendant ses fonctions.<\/span><br \/>\n<span style=\"color: #000080; font-family: verdana, geneva, sans-serif;\">Interagir de mani\u00e8re professionnelle et valoriser l&rsquo;image de l&rsquo;entreprise. <\/span><br \/>\n<span style=\"color: #000080; font-family: verdana, geneva, sans-serif;\">Am\u00e9liorer sa mobilit\u00e9 nationale et internationale. <\/span><\/p>\n<p style=\"text-align: justify;\"><span style=\"font-family: verdana, geneva, sans-serif;\"><strong><span style=\"color: #000080;\">Comp\u00e9tences niveau\u00a0<span style=\"caret-color: #000080;\">d\u00e9butant <\/span><\/span><\/strong><\/span><br \/>\n<span style=\"font-family: verdana, geneva, sans-serif;\"><span style=\"color: #000080;\">Communiquer en utilisant des phrases et expressions simples \u00e0 l\u2019oral et \u00e0 l\u2019\u00e9crit dans un environnement professionnel familier dans les situations de la vie quotidienne face \u00e0 un interlocuteur bienveillant et compr\u00e9hensif (qui parle distinctement et lentement).<\/span><\/span><\/p>\n<div>\n<p><span style=\"color: #000080; font-family: verdana, geneva, sans-serif;\"><b><strong>Contenu de la formation<\/strong><\/b><\/span><br \/>\n<span style=\"color: #000080; font-family: verdana, geneva, sans-serif;\">Modalit\u00e9s et accompagnement sur mesure.\u00a0<\/span><\/p>\n<\/div>\n<div>\n<p><span style=\"color: #000080; font-family: verdana, geneva, sans-serif;\">Test de positionnement.\u00a0<\/span><br \/>\n<span style=\"color: #000080; font-family: verdana, geneva, sans-serif;\">Entretien individuel.\u00a0<\/span><br \/>\n<span style=\"color: #000080; font-family: verdana, geneva, sans-serif;\">Programme personnalis\u00e9 et ressources adapt\u00e9es au profil du stagiaire apr\u00e8s analyse de l&rsquo;entretien et des r\u00e9sultats du test de niveau d&rsquo;entr\u00e9e.\u00a0<span class=\"apple-converted-space\">\u00a0<\/span><\/span><br \/>\n<span style=\"color: #000080; font-family: verdana, geneva, sans-serif;\">Conception d&rsquo;un planning d&rsquo;\u00e9tude individuelle et de pratique orale des connaissances pour faciliter la progression du stagiaire volontaire.\u00a0<\/span><br \/>\n<span style=\"color: #000080; font-family: verdana, geneva, sans-serif;\">Le\u00e7ons en contexte et mises en situation.\u00a0<\/span><br \/>\n<span style=\"color: #000080; font-family: verdana, geneva, sans-serif;\">Jeux de r\u00f4le deux par deux ou en micro groupe pour favoriser la prise de parole instinctive.\u00a0<\/span><br \/>\n<span style=\"color: #000080; font-family: verdana, geneva, sans-serif;\">Exercices de grammaire et syntaxe corrig\u00e9s avec erreurs expliqu\u00e9es.\u00a0<\/span><br \/>\n<span style=\"color: #000080; font-family: verdana, geneva, sans-serif;\">Coaching individuel et suivi de progression (option).<\/span><br \/>\n<span style=\"color: #000080; font-family: verdana, geneva, sans-serif;\">Atelier de conversation et jeux d&rsquo;application des nouvelles notions sur place en immersion.<\/span><br \/>\n<span style=\"color: #000080; font-family: verdana, geneva, sans-serif;\">Techniques antistress pour favoriser la prise de parole en public.\u00a0<\/span><br \/>\n<span style=\"color: #000080; font-family: verdana, geneva, sans-serif;\">Test de progression par module pour valider les acquis.\u00a0<\/span><br \/>\n<span style=\"color: #000080; font-family: verdana, geneva, sans-serif;\">Test de certification inclus dans la formation CPF: \u00a0inscription, pr\u00e9paration et passation sur place (option CPF).<\/span><br \/>\n<span style=\"color: #000080; font-family: verdana, geneva, sans-serif;\">Remise du certificat \u00e0 r\u00e9ception et information d\u00e9veloppement des comp\u00e9tences apr\u00e8s la formation<\/span><\/p>\n<div>\n<p><span style=\"color: #000080; font-family: verdana, geneva, sans-serif;\"><span style=\"caret-color: #000080;\"><b>R\u00e9sultats attendus<\/b><\/span><\/span><br \/>\n<span style=\"color: #000080; font-family: verdana, geneva, sans-serif;\">Progression entre l&rsquo;entr\u00e9e et la sortie de formation d&rsquo;allemand <\/span><br \/>\n<span style=\"color: #000080; font-family: verdana, geneva, sans-serif;\">Pouvoir poser des questions, r\u00e9pondre aux visiteurs et les informer <\/span><br \/>\n<span style=\"color: #000080; font-family: verdana, geneva, sans-serif;\">Savoir accueillir, suivre un protocole et donner des indications<\/span><br \/>\n<span style=\"color: #000080; font-family: verdana, geneva, sans-serif;\">Prendre confiance en soi pour interagir en allemand <\/span><br \/>\n<span style=\"color: #000080; font-family: verdana, geneva, sans-serif;\">Obtenir son attestation d&rsquo;allemand professionnel niveau A1 <\/span><br \/>\n<span style=\"color: #000080; font-family: verdana, geneva, sans-serif;\">Pouvoir d\u00e9velopper ses acquis et certifier le niveau A2 lors d&rsquo;une prochaine formation <\/span><\/p>\n<h2 style=\"font-weight: 400;\"><span style=\"font-family: verdana, geneva, sans-serif; color: #000080;\"><span style=\"color: #ff9900;\">Programme d&rsquo;allemand pour une utilisation imm\u00e9diate au poste de r\u00e9ceptionniste en h\u00f4tellerie (La Rochette &#8211; Savoie) d\u00e9butant A1<\/span> \u00a0<\/span><\/h2>\n<p style=\"font-weight: 400;\"><span style=\"color: #000080; font-family: verdana, geneva, sans-serif;\"><em><span style=\"font-size: 20px;\"><strong>Les th\u00e8mes et le lexique allemand en contexte \u00a0 \u00a0 \u00a0 \u00a0 \u00a0<\/strong> \u00a0<\/span> \u00a0 \u00a0 \u00a0 \u00a0 \u00a0 \u00a0 \u00a0 \u00a0 \u00a0 \u00a0 \u00a0 \u00a0 \u00a0 \u00a0 \u00a0 \u00a0 \u00a0 \u00a0 \u00a0 \u00a0 \u00a0 \u00a0 \u00a0 \u00a0 \u00a0 \u00a0 \u00a0 \u00a0\u00a0<\/em><\/span><\/p>\n<\/div>\n<\/div>\n<p><span style=\"color: #000080; font-family: verdana, geneva, sans-serif;\">L&rsquo;arriv\u00e9e des clients, l&rsquo;accueil, le conseil, l&rsquo;enregistrement et l&rsquo;information<\/span><br \/>\n<span style=\"color: #000080; font-family: verdana, geneva, sans-serif;\">L\u2019h\u00e9bergement et le petit-d\u00e9jeuner, prendre une commande<\/span><br \/>\n<span style=\"color: #000080; font-family: verdana, geneva, sans-serif;\">La correspondance et le t\u00e9l\u00e9phone<\/span><br \/>\n<span style=\"color: #000080; font-family: verdana, geneva, sans-serif;\">Le service h\u00f4telier, les m\u00e9tiers et les fonctions<\/span><br \/>\n<span style=\"color: #000080; font-family: verdana, geneva, sans-serif;\">Le bar, les boissons, faire la conversation\u00a0<\/span><br \/>\n<span style=\"color: #000080; font-family: verdana, geneva, sans-serif;\">Les notes et l\u2019information, les r\u00e8glements, les difficult\u00e9s<\/span><br \/>\n<span style=\"color: #000080; font-family: verdana, geneva, sans-serif;\">Offrir des prestations, faire une petite pr\u00e9sentation, r\u00e9pondre aux questions <\/span><br \/>\n<span style=\"color: #000080; font-family: verdana, geneva, sans-serif;\">Le s\u00e9jour, les visites touristiques\u00a0<\/span><br \/>\n<span style=\"color: #000080; font-family: verdana, geneva, sans-serif;\">Les promotions sur site<\/span><br \/>\n<span style=\"color: #000080; font-family: verdana, geneva, sans-serif;\">Le d\u00e9part des clients, la v\u00e9rification et le maintien de la relation client<\/span><\/p>\n<p><span style=\"font-family: verdana, geneva, sans-serif;\"><strong style=\"font-size: inherit;\"><span style=\"font-size: 20px; color: #000080;\"><em>La phon\u00e9tique allemande<\/em><\/span><\/strong><\/span><\/p>\n<p><span style=\"color: #000080; font-family: verdana, geneva, sans-serif;\">Un soin tout particulier est port\u00e9 \u00e0 la phon\u00e9tique et \u00e0 la m\u00e9lodie de l\u2019allemand afin que l\u2019\u00e9tudiant parle distinctement et comprenne son interlocuteur facilement.<\/span><\/p>\n<p><span style=\"color: #000080; font-family: verdana, geneva, sans-serif;\"><strong><span style=\"font-size: 20px;\"><em>La grammaire<\/em><\/span><\/strong><\/span><\/p>\n<p><span style=\"color: #000080; font-family: verdana, geneva, sans-serif;\"><span style=\"font-size: 20px;\">Formule ludique et visuelle avec jeux et mises en situation r\u00e9elle d&rsquo;entrainement oral. Exercices \u00e9crits et le\u00e7ons sans \u00ab\u00a0par c\u0153ur\u00a0\u00bb pour une m\u00e9morisation instinctive de la syntaxe.<\/span><\/span><\/p>\n<p><span style=\"color: #000080; font-family: verdana, geneva, sans-serif;\"><strong>La terminologie technique<\/strong><\/span><\/p>\n<p style=\"text-align: justify;\"><span style=\"color: #000080; font-family: verdana, geneva, sans-serif;\">Cette formation d\u2019initiation \u00e0 l\u2019allemand professionnel sp\u00e9cifique vise \u00e0 fournir un vocabulaire cibl\u00e9 pour l\u2019h\u00f4tellerie qui sera utile \u00e0 un stagiaire travaillant dans une vari\u00e9t\u00e9 de contextes diff\u00e9rents, tous li\u00e9s \u00e0 l\u2019accueil de la client\u00e8le et du touriste.<\/span><\/p>\n<p><span style=\"color: #000080; font-family: verdana, geneva, sans-serif;\"><strong>VALIDATION DES ACQUIS<br \/>\n<\/strong><\/span><\/p>\n<p><span style=\"color: #000080; font-family: verdana, geneva, sans-serif;\"><strong>La certification<\/strong><\/span><br \/>\n<span style=\"color: #000080; font-family: verdana, geneva, sans-serif;\">Formation-CPF : Le candidat doit imp\u00e9rativement poursuivre son \u00e9tude en allemand professionnel niveau A2 pour obtenir la certification et activer le financement CPF<\/span><\/p>\n<p><span style=\"color: #000080; font-family: verdana, geneva, sans-serif;\">Test de certification en allemand inclus partie \u00e9crite en entreprise et une partie orale en contexte h\u00f4telier en Visio.<\/span><br \/>\n<span style=\"color: #000080; font-family: verdana, geneva, sans-serif;\">Dans tous les autres cas : attestation de suivi de programme avec indication des th\u00e8mes \u00e9tudi\u00e9s.<\/span><\/p>\n<p><span style=\"font-family: verdana, geneva, sans-serif;\"><strong><span style=\"color: #000080;\">OBSERVATIONS<\/span><\/strong><\/span><br \/>\n<span style=\"color: #000080; font-family: verdana, geneva, sans-serif;\"><strong>Formation langue de sp\u00e9cialit\u00e9 avec attestation des comp\u00e9tences acquises niveau A1 professionnel.<\/strong><\/span><br \/>\n<span style=\"color: #000080; font-family: verdana, geneva, sans-serif;\">Cours en immersion con\u00e7u pour une utilisation imm\u00e9diate de la langue du quotidien dans tous les pays et les entreprises internationales germanophones.<\/span><br \/>\n<span style=\"color: #000080; font-family: verdana, geneva, sans-serif;\">Test de positionnement en amont de la formation <\/span><br \/>\n<span style=\"color: #000080; font-family: verdana, geneva, sans-serif;\">Pr\u00e9paration e-learning au test de certification en langue de l&rsquo;entreprise conseill\u00e9e dans le cadre du CPF pour valoriser vos comp\u00e9tences sur un CV.<\/span><\/p>\n<p><span style=\"font-family: verdana, geneva, sans-serif;\"><strong><span style=\"color: #000080;\">ATOUT +<\/span><\/strong><\/span><br \/>\n<span style=\"color: #000080; font-family: verdana, geneva, sans-serif;\">Beaucoup d&rsquo;interaction avec des dialogues clairs et simples d\u00e8s la premi\u00e8re heure pour apprendre \u00e0 communiquer avec naturel face \u00e0 un interlocuteur de langue allemande. Grammaire progressive implicite sans tableaux r\u00e9barbatifs, pratique orale intensive par le jeu en immersion.<\/span><\/p>\n<p><span style=\"color: #000080; font-family: verdana, geneva, sans-serif;\"><strong>ANIMATRICE<\/strong><\/span><br \/>\n<span style=\"color: #000080; font-family: verdana, geneva, sans-serif;\">Intervenante r\u00e9f\u00e9renc\u00e9e datadock certifi\u00e9e Qualiopi, bilingue allemand ayant v\u00e9cu, \u00e9tudi\u00e9, travaill\u00e9 et enseign\u00e9 en Allemagne, en Autriche et en Suisse pendant 7 ans.<\/span><br \/>\n<span style=\"color: #000080; font-family: verdana, geneva, sans-serif;\">Dipl\u00f4me d&rsquo;allemand obtenu en Allemagne avec mention bien.<\/span><\/p>\n<p><span style=\"font-family: verdana, geneva, sans-serif;\"><strong><span style=\"color: #000080;\">CONDITIONS REQUISES <\/span><\/strong><\/span><br \/>\n<span style=\"color: #000080; font-family: verdana, geneva, sans-serif;\">Aucune<\/span><\/p>\n<p><span style=\"font-family: verdana, geneva, sans-serif;\"><strong><span style=\"color: #000080;\">NIVEAU ATTEINT <\/span><\/strong><\/span><br \/>\n<span style=\"font-family: verdana, geneva, sans-serif;\"><span style=\"color: #000080;\">Niveau A1 du CECRL e<\/span><span style=\"color: #000080;\">n fonction du nombre d\u2019heures d&rsquo;\u00e9tude du stagiaire.<\/span><\/span><\/p>\n<p><span style=\"font-family: verdana, geneva, sans-serif;\"><strong><span style=\"color: #000080;\">LIEU DE LA FORMATION <\/span><\/strong><\/span><br \/>\n<span style=\"color: #000080; font-family: verdana, geneva, sans-serif;\">Ecole de langues et gestion du stress<\/span><br \/>\n<span style=\"color: #000080; font-family: verdana, geneva, sans-serif;\">LES LANGUES SANS STRESS <\/span><br \/>\n<span style=\"color: #000080; font-family: verdana, geneva, sans-serif;\">29 rue Maurice Rey<\/span><br \/>\n<span style=\"color: #000080; font-family: verdana, geneva, sans-serif;\">73110 Val Gelon-La Rochette ou en Visio.<\/span><\/p>\n<p><span style=\"font-family: verdana, geneva, sans-serif;\"><strong><span style=\"color: #000080;\">SESSIONS\u00a0 <\/span><\/strong><\/span><br \/>\n<span style=\"color: #000080; font-family: verdana, geneva, sans-serif;\">Sur mesure.<\/span><br \/>\n<span style=\"color: #000080; font-family: verdana, geneva, sans-serif;\">Programme fixe modulaire ou intensif.<\/span><\/p>\n<p><span style=\"font-family: verdana, geneva, sans-serif;\"><strong><span style=\"color: #000080;\">ORGANISATION DES COURS <\/span><\/strong><\/span><br \/>\n<span style=\"color: #000080; font-family: verdana, geneva, sans-serif;\">Horaires sur mesure et selon planning des cours collectifs<\/span><\/p>\n<p><span style=\"font-family: verdana, geneva, sans-serif;\"><strong><span style=\"color: #000080;\">PUBLIC VIS\u00c9<\/span><\/strong><\/span><br \/>\n<span style=\"color: #000080; font-family: verdana, geneva, sans-serif;\">Tout public<\/span><br \/>\n<span style=\"color: #000080; font-family: verdana, geneva, sans-serif;\">Salari\u00e9s et demandeurs d\u2019emploi, \u00e9tudiants, particuliers\u2026<\/span><\/p>\n<p><span style=\"font-family: verdana, geneva, sans-serif;\"><strong><span style=\"color: #000080;\">PARCOURS <\/span><\/strong><\/span><br \/>\n<span style=\"color: #000080; font-family: verdana, geneva, sans-serif;\">Programme complet 60 \u00e0 100 heures d&rsquo;\u00e9tude (l&rsquo;accompagnement individualis\u00e9 peut \u00eatre ajust\u00e9 avec moins d&rsquo;heures pr\u00e9sentielles sur demande).<\/span><\/p>\n<p><span style=\"font-family: verdana, geneva, sans-serif;\"><strong><span style=\"color: #000080; font-size: inherit;\">TARIFS<\/span><\/strong><\/span><br \/>\n<span style=\"color: #000080; font-family: verdana, geneva, sans-serif;\">Nous consulter.<\/span><\/p>\n<p><span style=\"color: #000080; font-family: verdana, geneva, sans-serif;\">Le tarif est adapt\u00e9 au parcours choisi en dur\u00e9e et modalit\u00e9 :<\/span><br \/>\n<span style=\"color: #000080; font-family: verdana, geneva, sans-serif;\">\u00a0&#8211; mini groupe ou individuel<\/span><br \/>\n<span style=\"color: #000080; font-family: verdana, geneva, sans-serif;\">\u00a0&#8211; programme fixe ou personnalis\u00e9<\/span><\/p>\n<p style=\"text-align: justify;\"><span style=\"color: #000080; font-family: verdana, geneva, sans-serif;\"><span style=\"font-size: 20px;\">\u25ba<\/span> Chaque s\u00e9ance de ce parcours dure 15 minutes en cours tutor\u00e9 (\u00e0 votre rythme, chez vous) et \u00a045 minutes de conversation en immersion sur place pour une pratique intensive de l&rsquo;allemand en situation. En vous inscrivant, vous acceptez de suivre la consigne de ne pas utiliser la langue fran\u00e7aise pour vous exprimer pendant toute la dur\u00e9e de ce programme progressif con\u00e7u pour vous permettre de penser et interagir imm\u00e9diatement en allemand afin de communiquer avec naturel au poste de travail. <\/span><\/p>\n<p style=\"text-align: justify;\"><span style=\"color: #000080; font-family: verdana, geneva, sans-serif;\">La formatrice vous accompagne avec bienveillance dans cette d\u00e9marche et vous soutient, corrige les erreurs \u00e9ventuelles, vous les explique, propose de nouveaux exercices d&rsquo;entrainement ou jeux d&rsquo;assimilation. \u00a0Apprendre en suivant la m\u00e9thode vous permet d&rsquo;avancer sans traduire. \u00a0Laissez-vous aller, \u00e9coutez et r\u00e9p\u00e9tez \u00e0 voix haute en vous relaxant!\u00a0<\/span><\/p>\n<p><span style=\"color: #000080; font-family: verdana, geneva, sans-serif;\"><span style=\"font-size: 20px;\">\u25ba<\/span>\u00a0<\/span><span style=\"color: #000080; font-family: verdana, geneva, sans-serif;\">Certification des acquis du candidat incluse dans la formation-CPF d\u00e8s le niveau A2, sur place, dates \u00e0 la convenance du stagiaire.<\/span><\/p>\n<p><span style=\"color: #000080; font-family: verdana, geneva, sans-serif;\">Information compl\u00e8te et\u00a0modalit\u00e9s de la formation : <span style=\"color: #0000ff;\"><a style=\"color: #0000ff;\" href=\"https:\/\/www.leslanguessansstress.fr\/index.php\/2022\/02\/04\/livret-daccueil-stagiaire\/\" target=\"_blank\" rel=\"noopener\">Livret d\u2019accueil du stagiaire<\/a><\/span><\/span><span style=\"color: #000080; font-family: verdana, geneva, sans-serif;\">. Veuillez consulter ce livret avant de vous engager dans une formation et tout au long de votre parcours<\/span><span style=\"color: #000080; font-family: verdana, geneva, sans-serif;\">. <\/span><\/p>\n<p><span style=\"color: #000080; font-family: verdana, geneva, sans-serif;\">Conseil et rendez-vous :\u00a0<span style=\"color: #0000ff;\"><a style=\"color: #0000ff;\" href=\"https:\/\/www.leslanguessansstress.fr\/index.php\/nous-contacter\/\" target=\"_blank\" rel=\"noopener noreferrer\">Nous contacter<\/a><\/span><\/span><\/p>\n<h1><span style=\"color: #ff9900;\"><img loading=\"lazy\" decoding=\"async\" class=\" wp-image-14157 aligncenter\" src=\"https:\/\/www.leslanguessansstress.fr\/wp-content\/uploads\/2022\/10\/Mon-compte-formation-CPF-les-langues-sans-stress-300x159.jpg\" alt=\"\" width=\"264\" height=\"140\" srcset=\"https:\/\/www.leslanguessansstress.fr\/wp-content\/uploads\/2022\/10\/Mon-compte-formation-CPF-les-langues-sans-stress-300x159.jpg 300w, https:\/\/www.leslanguessansstress.fr\/wp-content\/uploads\/2022\/10\/Mon-compte-formation-CPF-les-langues-sans-stress.jpg 646w\" sizes=\"auto, (max-width: 264px) 100vw, 264px\" \/><\/span><\/h1>\n<h1 style=\"font-weight: 400;\"><span style=\"color: #ff9900;\"><span style=\"font-family: verdana, geneva, sans-serif; font-size: 28px;\">Certifier votre <\/span><span style=\"font-family: verdana, geneva, sans-serif; font-size: 28px;\">allemand en accueil h\u00f4telier en activant votre budget-CPF avec Les Langues Sans Stress \u00e0 La Rochette\u00a0<\/span><\/span><\/h1>\n<div class=\"the_content\">\n<div>\n<p><span style=\"color: #000080; font-family: verdana, geneva, sans-serif;\">Pour b\u00e9n\u00e9ficier du financement CPF partiel ou entier de votre formation, vous devez accepter de pr\u00e9parer et de passer le test de certification en anglais courant dans un contexte standard d&rsquo;\u00e9changes en <span style=\"caret-color: #000080;\">entreprise<\/span>\u00a0niveau seuil A2 ou plus au 2\/3 de la formation, modalit\u00e9 obligatoire MON COMPTE FORMATION, puis d&rsquo;am\u00e9liorer vos connaissances en mettant en place l&rsquo;autocorrection selon besoins d\u00e9cel\u00e9s par la formatrice et les r\u00e9sultats du test.<\/span><\/p>\n<\/div>\n<div>\n<div class=\"ng-star-inserted\">\n<div class=\"control-catalog-fields-width ng-star-inserted\">\n<h3 style=\"font-weight: 400;\"><span style=\"font-size: 16px; color: #ff9900;\"><span style=\"font-family: verdana, geneva, sans-serif;\">Pas de CPF?\u00a0<\/span><\/span><br \/>\n<span style=\"font-family: verdana, geneva, sans-serif; color: #3366ff; font-size: 16px;\"><span style=\"color: #ff9900;\">Il existe d&rsquo;autres moyens de financer votre formation.<\/span> <\/span><\/h3>\n<p><span style=\"font-family: verdana, geneva, sans-serif; color: #000080;\">Vous n&rsquo;avez pas acc\u00e8s au financement CPF ou tr\u00e8s peu de budget \u00e9pargn\u00e9 ?<\/span><br \/>\n<span style=\"font-family: verdana, geneva, sans-serif; color: #000080;\">Contactez-nous avec un maximum d&rsquo;\u00e9l\u00e9ments pour trouver la solution \u00e0 votre situation individuelle et faire de votre projet une r\u00e9alit\u00e9.<br \/>\n<\/span><span style=\"color: #000080;\">Veuillez prendre connaissances des modalit\u00e9s de nos parcours d&rsquo;anglais professionnel par m\u00e9tier dans le<\/span> <strong><a style=\"font-family: verdana, geneva, sans-serif;\" href=\"https:\/\/www.leslanguessansstress.fr\/index.php\/2024\/01\/26\/livret-daccueil-du-stagiaire\/\" target=\"_blank\" rel=\"noopener\"><span style=\"color: #0000ff;\">livret d&rsquo;accueil du stagiaire<\/span> <\/a><\/strong><br \/>\n<span style=\"color: #000080; font-family: verdana, geneva, sans-serif;\">TARIFS et DUR\u00c9E, DATES sont des modalit\u00e9s personnalisables selon votre profil d&rsquo;apprenant, le budget, vos contraintes et le financement choisi.<br \/>\n<\/span><span style=\"color: #000080; font-family: verdana, geneva, sans-serif;\">Veuillez nous exposer votre situation et vos objectifs avec la date limite pour valider la formation &#8211; <\/span><span style=\"color: #0000ff;\"><a style=\"font-family: verdana, geneva, sans-serif; color: #0000ff;\" href=\"https:\/\/www.leslanguessansstress.fr\/index.php\/nous-contacter\/\" target=\"_blank\" rel=\"noopener\"><strong>nous contacter<\/strong><\/a><span style=\"font-family: verdana, geneva, sans-serif;\">.<\/span><\/span><\/p>\n<\/div>\n<\/div>\n<p><img loading=\"lazy\" decoding=\"async\" class=\"alignnone wp-image-16444 aligncenter\" src=\"https:\/\/www.leslanguessansstress.fr\/wp-content\/uploads\/2024\/08\/20240828-charte-de-deontologie-Qualiopi--300x271.jpg\" alt=\"\" width=\"207\" height=\"187\" srcset=\"https:\/\/www.leslanguessansstress.fr\/wp-content\/uploads\/2024\/08\/20240828-charte-de-deontologie-Qualiopi--300x271.jpg 300w, https:\/\/www.leslanguessansstress.fr\/wp-content\/uploads\/2024\/08\/20240828-charte-de-deontologie-Qualiopi-.jpg 370w\" sizes=\"auto, (max-width: 207px) 100vw, 207px\" \/><\/p>\n<\/div>\n<\/div>\n","protected":false},"excerpt":{"rendered":"<p>Allemand : niveau A1 pour le vrai d\u00e9butant adulte, professionnel ou \u00e9tudiant. Formation pr\u00eat \u00e0<\/p>\n","protected":false},"author":2,"featured_media":12194,"comment_status":"closed","ping_status":"open","sticky":false,"template":"","format":"standard","meta":{"footnotes":""},"categories":[80,149,348,176,432,371],"tags":[112,596,439,726,122],"class_list":["post-11443","post","type-post","status-publish","format-standard","has-post-thumbnail","hentry","category-actualites","category-allemand","category-cpf-certificats","category-information-documentation","category-langues","category-programme","tag-allemand","tag-debutant","tag-hotellerie","tag-initiation-mise-a-niveau-a1-a2","tag-professionnels"],"_links":{"self":[{"href":"https:\/\/www.leslanguessansstress.fr\/index.php\/wp-json\/wp\/v2\/posts\/11443","targetHints":{"allow":["GET"]}}],"collection":[{"href":"https:\/\/www.leslanguessansstress.fr\/index.php\/wp-json\/wp\/v2\/posts"}],"about":[{"href":"https:\/\/www.leslanguessansstress.fr\/index.php\/wp-json\/wp\/v2\/types\/post"}],"author":[{"embeddable":true,"href":"https:\/\/www.leslanguessansstress.fr\/index.php\/wp-json\/wp\/v2\/users\/2"}],"replies":[{"embeddable":true,"href":"https:\/\/www.leslanguessansstress.fr\/index.php\/wp-json\/wp\/v2\/comments?post=11443"}],"version-history":[{"count":15,"href":"https:\/\/www.leslanguessansstress.fr\/index.php\/wp-json\/wp\/v2\/posts\/11443\/revisions"}],"predecessor-version":[{"id":17631,"href":"https:\/\/www.leslanguessansstress.fr\/index.php\/wp-json\/wp\/v2\/posts\/11443\/revisions\/17631"}],"wp:featuredmedia":[{"embeddable":true,"href":"https:\/\/www.leslanguessansstress.fr\/index.php\/wp-json\/wp\/v2\/media\/12194"}],"wp:attachment":[{"href":"https:\/\/www.leslanguessansstress.fr\/index.php\/wp-json\/wp\/v2\/media?parent=11443"}],"wp:term":[{"taxonomy":"category","embeddable":true,"href":"https:\/\/www.leslanguessansstress.fr\/index.php\/wp-json\/wp\/v2\/categories?post=11443"},{"taxonomy":"post_tag","embeddable":true,"href":"https:\/\/www.leslanguessansstress.fr\/index.php\/wp-json\/wp\/v2\/tags?post=11443"}],"curies":[{"name":"wp","href":"https:\/\/api.w.org\/{rel}","templated":true}]}}