{"id":11406,"date":"2024-05-25T13:00:30","date_gmt":"2024-05-25T11:00:30","guid":{"rendered":"https:\/\/www.leslanguessansstress.fr\/?p=11406"},"modified":"2024-06-26T07:22:49","modified_gmt":"2024-06-26T05:22:49","slug":"anglais-metier-des-kinesitherapeutes","status":"publish","type":"post","link":"https:\/\/www.leslanguessansstress.fr\/index.php\/2024\/05\/25\/anglais-metier-des-kinesitherapeutes\/","title":{"rendered":"Anglais m\u00e9tier des kin\u00e9sith\u00e9rapeutes"},"content":{"rendered":"<h1><span style=\"color: #3366ff; font-family: verdana, geneva, sans-serif;\">Interaction facile en anglais pour kin\u00e9sith\u00e9rapeutes &#8211; \u00e9ligible CPF<\/span><\/h1>\n<p><span style=\"font-family: verdana, geneva, sans-serif;\"><strong><span style=\"color: #000080;\">Objectifs <\/span><\/strong><\/span><\/p>\n<p><span style=\"color: #000080; font-family: verdana, geneva, sans-serif;\">Acqu\u00e9rir les bases lexicales et grammaticales pour communiquer avec aisance \u00e0 l&rsquo;\u00e9crit comme \u00e0 l&rsquo;oral. Am\u00e9liorer sa fluidit\u00e9 orale dans le cadre de ses interventions et prestations professionnelles en cabinet, milieu hospitalier ou chez le patient. <\/span><\/p>\n<p><span style=\"font-family: verdana, geneva, sans-serif;\"><strong><span style=\"color: #000080;\">R\u00e9sultat attendus<\/span><\/strong><\/span><\/p>\n<ul>\n<li><span style=\"color: #000080; font-family: verdana, geneva, sans-serif;\">Communiquer avec aisance en langue anglaise sp\u00e9cifique \u00e0 la physioth\u00e9rapie.<\/span><\/li>\n<li><span style=\"color: #000080; font-family: verdana, geneva, sans-serif;\">D\u00e9velopper des relations professionnelles de qualit\u00e9 avec les clients et tout autre professionnel intervenant dans ce secteur.<\/span><\/li>\n<li><span style=\"color: #000080; font-family: verdana, geneva, sans-serif;\">Consolider les bases fondamentales de la langue g\u00e9n\u00e9rale, \u00e9largir son lexique sp\u00e9cifique et am\u00e9liorer sa prononciation.<\/span><\/li>\n<li><span style=\"color: #000080; font-family: verdana, geneva, sans-serif;\">Interagir \u00e0 l\u2019\u00e9crit comme \u00e0 l\u2019oral dans la plupart des situations rencontr\u00e9es au quotidien face \u00e0 des interlocuteurs anglophones.<\/span><\/li>\n<li><span style=\"color: #000080; font-family: verdana, geneva, sans-serif;\">Valoriser l\u2019image du centre hospitalier ou de son cabinet sur place, lors de rencontres interprofessionnelles et voyages d\u2019affaires.<\/span><\/li>\n<li><span style=\"color: #000080; font-family: verdana, geneva, sans-serif;\">Am\u00e9liorer sa mobilit\u00e9 en France et \u00e0 l&rsquo;international.<\/span><\/li>\n<\/ul>\n<h2><img loading=\"lazy\" decoding=\"async\" class=\"alignnone size-medium wp-image-13668 aligncenter\" src=\"https:\/\/www.leslanguessansstress.fr\/wp-content\/uploads\/2022\/05\/Les-langues-sans-stress-certifiees-Qualiopi-depuis-2020-300x123.png\" alt=\"\" width=\"300\" height=\"123\" srcset=\"https:\/\/www.leslanguessansstress.fr\/wp-content\/uploads\/2022\/05\/Les-langues-sans-stress-certifiees-Qualiopi-depuis-2020-300x123.png 300w, https:\/\/www.leslanguessansstress.fr\/wp-content\/uploads\/2022\/05\/Les-langues-sans-stress-certifiees-Qualiopi-depuis-2020.png 350w\" sizes=\"auto, (max-width: 300px) 100vw, 300px\" \/><\/h2>\n<h2><span style=\"color: #3366ff; font-family: verdana, geneva, sans-serif;\">Programme d&rsquo;anglais sp\u00e9cial physioth\u00e9rapie \u00e9ligible CPF<\/span><\/h2>\n<p><span style=\"color: #000080; font-family: verdana, geneva, sans-serif;\">3 modules progressifs : niveaux A1 &#8211; A2 &#8211; B1<\/span><\/p>\n<h3><span style=\"color: #3366ff; font-family: verdana, geneva, sans-serif;\">Nombreux dialogues en contexte, jeux de r\u00f4le et mises en situation r\u00e9elle de communication pour le praticien ou le kin\u00e9sith\u00e9rapeute.<\/span><\/h3>\n<p><span style=\"color: #000080; font-family: verdana, geneva, sans-serif;\">Le corps<\/span><br \/>\n<span style=\"color: #000080; font-family: verdana, geneva, sans-serif;\">Les membres sup\u00e9rieurs et inf\u00e9rieurs<\/span><br \/>\n<span style=\"color: #000080; font-family: verdana, geneva, sans-serif;\">Le torse<\/span><br \/>\n<span style=\"color: #000080; font-family: verdana, geneva, sans-serif;\">Les os<\/span><br \/>\n<span style=\"color: #000080; font-family: verdana, geneva, sans-serif;\">Les muscles <\/span><br \/>\n<span style=\"color: #000080; font-family: verdana, geneva, sans-serif;\">Le syst\u00e8me musculaire<\/span><br \/>\n<span style=\"color: #000080; font-family: verdana, geneva, sans-serif;\">Les articulations<\/span><br \/>\n<span style=\"color: #000080; font-family: verdana, geneva, sans-serif;\">L\u2019anatomie <\/span><br \/>\n<span style=\"color: #000080; font-family: verdana, geneva, sans-serif;\">Les mouvements du corps <\/span><br \/>\n<span style=\"color: #000080; font-family: verdana, geneva, sans-serif;\">Les exercices de r\u00e9sistance <\/span><br \/>\n<span style=\"color: #000080; font-family: verdana, geneva, sans-serif;\">Les exercices d&rsquo;a\u00e9robic <\/span><br \/>\n<span style=\"color: #000080; font-family: verdana, geneva, sans-serif;\">Le processus de diagnostic <\/span><br \/>\n<span style=\"color: #000080; font-family: verdana, geneva, sans-serif;\">Les examens et tests de diagnostic <\/span><br \/>\n<span style=\"color: #000080; font-family: verdana, geneva, sans-serif;\">Les actions \u00e0 entreprendre<\/span><br \/>\n<span style=\"color: #000080; font-family: verdana, geneva, sans-serif;\">Les capacit\u00e9s motrices<\/span><br \/>\n<span style=\"color: #000080; font-family: verdana, geneva, sans-serif;\">Les r\u00e9flexes <\/span><br \/>\n<span style=\"color: #000080; font-family: verdana, geneva, sans-serif;\">Les r\u00e9sultats <\/span><br \/>\n<span style=\"color: #000080; font-family: verdana, geneva, sans-serif;\">La gestion des patients <\/span><br \/>\n<span style=\"color: #000080; font-family: verdana, geneva, sans-serif;\">Les facteurs de risque <\/span><br \/>\n<span style=\"color: #000080; font-family: verdana, geneva, sans-serif;\">Les blessures et affections courantes <\/span><br \/>\n<span style=\"color: #000080; font-family: verdana, geneva, sans-serif;\">Le stretching <\/span><br \/>\n<span style=\"color: #000080; font-family: verdana, geneva, sans-serif;\">La mobilit\u00e9 des articulations<\/span><br \/>\n<span style=\"color: #000080; font-family: verdana, geneva, sans-serif;\">Am\u00e9liorer l&rsquo;\u00e9quilibre <\/span><br \/>\n<span style=\"color: #000080; font-family: verdana, geneva, sans-serif;\">Les encouragements<\/span><br \/>\n<span style=\"color: #000080; font-family: verdana, geneva, sans-serif;\">Les exercices en milieu aquatique<\/span><br \/>\n<span style=\"color: #000080; font-family: verdana, geneva, sans-serif;\">\u00c9ducation<\/span><br \/>\n<span style=\"color: #000080; font-family: verdana, geneva, sans-serif;\">Pathologie et troubles : nerveux, <\/span><br \/>\n<span style=\"color: #000080; font-family: verdana, geneva, sans-serif;\">vasculaires et pulmonaires, des os, <\/span><br \/>\n<span style=\"color: #000080; font-family: verdana, geneva, sans-serif;\">des tissus mous, des tissus conjonctifs, <\/span><br \/>\n<span style=\"color: #000080; font-family: verdana, geneva, sans-serif;\">de la colonne vert\u00e9brale, <\/span><br \/>\n<span style=\"color: #000080; font-family: verdana, geneva, sans-serif;\">des \u00e9paules et des bras, <\/span><br \/>\n<span style=\"color: #000080; font-family: verdana, geneva, sans-serif;\">des hanches et des jambes, <\/span><br \/>\n<span style=\"color: #000080; font-family: verdana, geneva, sans-serif;\">des articulations.<\/span><br \/>\n<span style=\"color: #000080; font-family: verdana, geneva, sans-serif;\">Intervention chirurgicale <\/span><br \/>\n<span style=\"color: #000080; font-family: verdana, geneva, sans-serif;\">M\u00e9dicaments <\/span><br \/>\n<span style=\"color: #000080; font-family: verdana, geneva, sans-serif;\">Mesures pr\u00e9ventives <\/span><br \/>\n<span style=\"color: #000080; font-family: verdana, geneva, sans-serif;\">Sp\u00e9cialit\u00e9s : Neurologique et g\u00e9riatrique <\/span><br \/>\n<span style=\"color: #000080; font-family: verdana, geneva, sans-serif;\">Sp\u00e9cialit\u00e9s : Orthop\u00e9die <\/span><br \/>\n<span style=\"color: #000080; font-family: verdana, geneva, sans-serif;\">Sp\u00e9cialit\u00e9s : Sant\u00e9 des femmes <\/span><br \/>\n<span style=\"color: #000080; font-family: verdana, geneva, sans-serif;\">Sp\u00e9cialit\u00e9s : P\u00e9diatrie <\/span><\/p>\n<p><span style=\"color: #3366ff; font-family: verdana, geneva, sans-serif;\">COMP\u00c9TENCES LANGAGI\u00c8RES <\/span><br \/>\n<span style=\"color: #000080; font-family: verdana, geneva, sans-serif;\">Poser des questions sur l&rsquo;exp\u00e9rience<\/span><br \/>\n<span style=\"color: #000080; font-family: verdana, geneva, sans-serif;\">S&rsquo;informer sur l\u2019emplacement<\/span><br \/>\n<span style=\"color: #000080; font-family: verdana, geneva, sans-serif;\">S&rsquo;informer sur les horaires<\/span><br \/>\n<span style=\"color: #000080; font-family: verdana, geneva, sans-serif;\">S\u2019autocorriger<\/span><br \/>\n<span style=\"color: #000080; font-family: verdana, geneva, sans-serif;\">Clarifier des informations<\/span><br \/>\n<span style=\"color: #000080; font-family: verdana, geneva, sans-serif;\">Identifier une erreur<\/span><br \/>\n<span style=\"color: #000080; font-family: verdana, geneva, sans-serif;\">Exprimer la confusion<\/span><br \/>\n<span style=\"color: #000080; font-family: verdana, geneva, sans-serif;\">Demander une faveur<\/span><br \/>\n<span style=\"color: #000080; font-family: verdana, geneva, sans-serif;\">Demander une confirmation<\/span><br \/>\n<span style=\"color: #000080; font-family: verdana, geneva, sans-serif;\">Description du lieu<\/span><br \/>\n<span style=\"color: #000080; font-family: verdana, geneva, sans-serif;\">D\u00e9crire la capacit\u00e9<\/span><br \/>\n<span style=\"color: #000080; font-family: verdana, geneva, sans-serif;\">Rassurer<\/span><br \/>\n<span style=\"color: #000080; font-family: verdana, geneva, sans-serif;\">Pr\u00e9senter un programme de traitement<\/span><br \/>\n<span style=\"color: #000080; font-family: verdana, geneva, sans-serif;\">Poser des questions sur la fr\u00e9quence<\/span><br \/>\n<span style=\"color: #000080; font-family: verdana, geneva, sans-serif;\">D\u00e9crire et discuter un processus<\/span><br \/>\n<span style=\"color: #000080; font-family: verdana, geneva, sans-serif;\">\u00c9tablir un diagnostic <\/span><br \/>\n<span style=\"color: #000080; font-family: verdana, geneva, sans-serif;\">Demander un avis <\/span><br \/>\n<span style=\"color: #000080; font-family: verdana, geneva, sans-serif;\">D\u00e9crire une difficult\u00e9 <\/span><br \/>\n<span style=\"color: #000080; font-family: verdana, geneva, sans-serif;\">Discuter des diff\u00e9rences <\/span><br \/>\n<span style=\"color: #000080; font-family: verdana, geneva, sans-serif;\">Explication des fonctions <\/span><br \/>\n<span style=\"color: #000080; font-family: verdana, geneva, sans-serif;\">Demander des pr\u00e9cisions <\/span><br \/>\n<span style=\"color: #000080; font-family: verdana, geneva, sans-serif;\">D\u00e9crire l&rsquo;exp\u00e9rience <\/span><br \/>\n<span style=\"color: #000080; font-family: verdana, geneva, sans-serif;\">S&rsquo;enqu\u00e9rir des ant\u00e9c\u00e9dents du patient <\/span><br \/>\n<span style=\"color: #000080; font-family: verdana, geneva, sans-serif;\">S&rsquo;interroger sur l&rsquo;objectif <\/span><br \/>\n<span style=\"color: #000080; font-family: verdana, geneva, sans-serif;\">Donner des conseils <\/span><br \/>\n<span style=\"color: #000080; font-family: verdana, geneva, sans-serif;\">Proposer des options d&rsquo;inscription <\/span><br \/>\n<span style=\"color: #000080; font-family: verdana, geneva, sans-serif;\">Demander de l&rsquo;aide <\/span><br \/>\n<span style=\"color: #000080; font-family: verdana, geneva, sans-serif;\">D\u00e9crire des avantages <\/span><br \/>\n<span style=\"color: #000080; font-family: verdana, geneva, sans-serif;\">Informer sur la disponibilit\u00e9.\u00a0<\/span><\/p>\n<div class=\"pane-content\">\n<div class=\"pane-content\">\n<p><span style=\"font-family: verdana, geneva, sans-serif;\"><img loading=\"lazy\" decoding=\"async\" class=\"wp-image-13685 alignleft\" src=\"https:\/\/www.leslanguessansstress.fr\/wp-content\/uploads\/2022\/07\/Atout-confiance-formations-CPF-Les-langues-sans-stress-a-La-Rochette-Savoie.png\" alt=\"\" width=\"101\" height=\"101\" srcset=\"https:\/\/www.leslanguessansstress.fr\/wp-content\/uploads\/2022\/07\/Atout-confiance-formations-CPF-Les-langues-sans-stress-a-La-Rochette-Savoie.png 254w, https:\/\/www.leslanguessansstress.fr\/wp-content\/uploads\/2022\/07\/Atout-confiance-formations-CPF-Les-langues-sans-stress-a-La-Rochette-Savoie-150x150.png 150w\" sizes=\"auto, (max-width: 101px) 100vw, 101px\" \/><\/span><\/p>\n<h3><span style=\"font-family: verdana, geneva, sans-serif; color: #3366ff;\">Atout + Les langues sans stress<\/span><\/h3>\n<p><span style=\"font-family: verdana, geneva, sans-serif; color: #000080;\">Des s\u00e9ances sous hypnose pour favoriser la m\u00e9morisation et la prise de parole en public. le choix du test de certification. La possibilit\u00e9 de ne suivre que les modules ou le\u00e7ons qui vous int\u00e9ressent lorsque votre maitrise de la langue le permet ou que vous suivez un module intensif de renforcement en grammaire.<\/span><\/p>\n<\/div>\n<div class=\"pane-content\">\n<h3><span style=\"font-family: verdana, geneva, sans-serif;\"><img loading=\"lazy\" decoding=\"async\" class=\"wp-image-10753 aligncenter\" src=\"https:\/\/www.leslanguessansstress.fr\/wp-content\/uploads\/2020\/05\/CPF-mon-compte-formation-financement-pour-les-langues-sans-stress-certifie-Qualiopi-a-La-Rochette--300x178.png\" alt=\"\" width=\"285\" height=\"169\" \/><\/span><\/h3>\n<div>\n<div class=\"pane-content\">\n<h3><span style=\"font-family: verdana, geneva, sans-serif;\"><span style=\"color: #3366ff; font-size: 20px;\">Vous souhaitez activer le financement-CPF pour suivre cette formation d&rsquo;anglais de la sant\u00e9 sp\u00e9ciale kin\u00e9sith\u00e9rapeutes? <\/span><\/span><\/h3>\n<\/div>\n<p><span style=\"color: #000080; font-family: verdana, geneva, sans-serif;\"><strong>TARIF<\/strong> : standard et sur devis. <\/span><br \/>\n<span style=\"color: #000080; font-family: verdana, geneva, sans-serif;\"><strong>Nous adapterons la dur\u00e9e du coaching et le budget<\/strong><span class=\"apple-converted-space\">\u00a0<\/span>de la formation \u00e0 vos contraintes et \u00e0 vos besoins d\u00e8s r\u00e9ception de votre projet \u00e0 personnaliser. Formation valid\u00e9e par le Certificat\u00a0<strong><span style=\"color: #0000ff;\"><a style=\"color: #0000ff;\" href=\"https:\/\/www.moncompteformation.gouv.fr\/espace-prive\/html\/#\/formation\/recherche\/81794041400029_GBcl\/81794041400029_GBcl?contexteFormation=ACTIVITE_PROFESSIONNELLE\" target=\"_blank\" rel=\"noopener\">CLO\u00c9 parcours moyen \u00e0 long adaptable<\/a>\u00a0<\/span><\/strong>ou parcours standard court\u00a0<strong><span style=\"color: #0000ff;\"><a style=\"color: #0000ff;\" href=\"https:\/\/www.moncompteformation.gouv.fr\/espace-prive\/html\/#\/formation\/recherche\/81794041400029_TOEIC-1\/81794041400029_TOEIC-1?contexteFormation=ACTIVITE_PROFESSIONNELLE\" target=\"_blank\" rel=\"noopener\">TOEIC 15 heures<\/a><\/span><\/strong>.<\/span><br \/>\n<span style=\"color: #000080; font-family: verdana, geneva, sans-serif;\">Muni de vos codes France Connect, acc\u00e9dez \u00e0 plus de choix sur<span class=\"apple-converted-space\">\u00a0<\/span><span style=\"color: #0000ff;\"><a style=\"color: #0000ff;\" href=\"https:\/\/www.moncompteformation.gouv.fr\/espace-prive\/html\/#\/\" target=\"_blank\" rel=\"noopener\">www.moncompteformation.gouv.fr<\/a><\/span><span class=\"apple-converted-space\">\u00a0<\/span><strong>\u2192<\/strong><span class=\"apple-converted-space\">\u00a0<\/span>les langues sans stress \u2013 formation en centre \u2013 73110 La Rochette .\u00a0Choisissez le programme qui vous int\u00e9resse, ils\u00a0<\/span><span style=\"color: #000080; font-family: verdana, geneva, sans-serif;\">sont tous 100% adaptables en nombre d&rsquo;heures d&rsquo;accompagnement pour convenir \u00e0 votre budget et \u00e0 vos besoins individuels. <\/span><\/p>\n<p><span style=\"color: #000080; font-family: verdana, geneva, sans-serif;\"><strong>PLANNING D&rsquo;\u00c9TUDE<\/strong> : dans le cas d&rsquo;une r\u00e9duction significative des heures de coaching, vos heures d&rsquo;\u00e9tude autonome sont nettement augment\u00e9es pour atteindre vos objectifs dans la dur\u00e9e impartie de votre formation.<\/span><\/p>\n<p><span style=\"color: #000080; font-family: verdana, geneva, sans-serif;\">En choisissant le financement CPF, vous vous engagez \u00e0 passer un test certifiant votre progression en fin de formation (deux heures).\u00a0<\/span><\/p>\n<p><span style=\"font-family: verdana, geneva, sans-serif; font-size: 16px;\"><span style=\"color: #000080;\">Information compl\u00e8te et\u00a0modalit\u00e9s des formations : <span style=\"color: #ff6600;\"><span style=\"color: #0000ff;\"><a style=\"color: #0000ff;\" href=\"https:\/\/www.leslanguessansstress.fr\/index.php\/2022\/02\/04\/livret-daccueil-stagiaire\/\" target=\"_blank\" rel=\"noopener\">livret d&rsquo;accueil du stagiaire<\/a><\/span><\/span><\/span><\/span><br \/>\n<span style=\"font-family: verdana, geneva, sans-serif; font-size: 16px;\"><span style=\"color: #000080;\">Conseil et rendez-vous :\u00a0<\/span><span style=\"color: #0000ff;\"><a style=\"color: #0000ff;\" href=\"https:\/\/www.leslanguessansstress.fr\/index.php\/nous-contacter\/\" target=\"_blank\" rel=\"noopener noreferrer\">Nous contacter<\/a>\u00a0<\/span><\/span><\/p>\n<\/div>\n<\/div>\n<\/div>\n","protected":false},"excerpt":{"rendered":"<p>Interaction facile en anglais pour kin\u00e9sith\u00e9rapeutes &#8211; \u00e9ligible CPF Objectifs Acqu\u00e9rir les bases lexicales et<\/p>\n","protected":false},"author":1,"featured_media":10962,"comment_status":"closed","ping_status":"open","sticky":false,"template":"","format":"standard","meta":{"footnotes":""},"categories":[80,127,348,176,432,371],"tags":[108,355,202,122],"class_list":["post-11406","post","type-post","status-publish","format-standard","has-post-thumbnail","hentry","category-actualites","category-anglais","category-cpf-certificats","category-information-documentation","category-langues","category-programme","tag-anglais","tag-intermediaire","tag-perfectionnement","tag-professionnels"],"_links":{"self":[{"href":"https:\/\/www.leslanguessansstress.fr\/index.php\/wp-json\/wp\/v2\/posts\/11406","targetHints":{"allow":["GET"]}}],"collection":[{"href":"https:\/\/www.leslanguessansstress.fr\/index.php\/wp-json\/wp\/v2\/posts"}],"about":[{"href":"https:\/\/www.leslanguessansstress.fr\/index.php\/wp-json\/wp\/v2\/types\/post"}],"author":[{"embeddable":true,"href":"https:\/\/www.leslanguessansstress.fr\/index.php\/wp-json\/wp\/v2\/users\/1"}],"replies":[{"embeddable":true,"href":"https:\/\/www.leslanguessansstress.fr\/index.php\/wp-json\/wp\/v2\/comments?post=11406"}],"version-history":[{"count":16,"href":"https:\/\/www.leslanguessansstress.fr\/index.php\/wp-json\/wp\/v2\/posts\/11406\/revisions"}],"predecessor-version":[{"id":16183,"href":"https:\/\/www.leslanguessansstress.fr\/index.php\/wp-json\/wp\/v2\/posts\/11406\/revisions\/16183"}],"wp:featuredmedia":[{"embeddable":true,"href":"https:\/\/www.leslanguessansstress.fr\/index.php\/wp-json\/wp\/v2\/media\/10962"}],"wp:attachment":[{"href":"https:\/\/www.leslanguessansstress.fr\/index.php\/wp-json\/wp\/v2\/media?parent=11406"}],"wp:term":[{"taxonomy":"category","embeddable":true,"href":"https:\/\/www.leslanguessansstress.fr\/index.php\/wp-json\/wp\/v2\/categories?post=11406"},{"taxonomy":"post_tag","embeddable":true,"href":"https:\/\/www.leslanguessansstress.fr\/index.php\/wp-json\/wp\/v2\/tags?post=11406"}],"curies":[{"name":"wp","href":"https:\/\/api.w.org\/{rel}","templated":true}]}}