{"id":11388,"date":"2024-05-11T13:00:16","date_gmt":"2024-05-11T11:00:16","guid":{"rendered":"https:\/\/www.leslanguessansstress.fr\/?p=11388"},"modified":"2024-06-15T12:19:48","modified_gmt":"2024-06-15T10:19:48","slug":"anglais-metiers-des-transports-et-de-la-logistique","status":"publish","type":"post","link":"https:\/\/www.leslanguessansstress.fr\/index.php\/2024\/05\/11\/anglais-metiers-des-transports-et-de-la-logistique\/","title":{"rendered":"Anglais m\u00e9tiers des transports et de la logistique."},"content":{"rendered":"<h1><span style=\"color: #3366ff; font-family: verdana, geneva, sans-serif;\">Conversations en anglais sp\u00e9cial pour les transports et la logistique<\/span><\/h1>\n<p>&nbsp;<\/p>\n<p><span style=\"color: #000080; font-family: verdana, geneva, sans-serif;\"><strong>Objectifs<\/strong><\/span><\/p>\n<p><span style=\"color: #000080; font-family: verdana, geneva, sans-serif;\">&#8211; Gagner en efficacit\u00e9 \u00e0 votre poste de travail, dans les domaines de la logistique et du <a href=\"https:\/\/www.leslanguessansstress.fr\/index.php\/listings\/anglais-pour-conducteurs-prives-et-chauffeurs-de-taxi\/\" target=\"_blank\" rel=\"noopener noreferrer\">transport des personnes<\/a>, du fret automobile, a\u00e9rien, maritime ou ferroviaire \u00e0 l&rsquo;international.<\/span><br \/>\n<span style=\"color: #000080; font-family: verdana, geneva, sans-serif;\">&#8211; Am\u00e9liorer votre anglais courant et acqu\u00e9rir le lexique sp\u00e9cifique \u00e0 ce vaste secteur incontournable.<\/span><br \/>\n<span style=\"color: #000080; font-family: verdana, geneva, sans-serif;\">&#8211; Comprendre et vous exprimer avec aisance face \u00e0 un interlocuteur \u00e9tranger dans la plupart des situations rencontr\u00e9es au quotidien en France et dans le monde. <\/span><br \/>\n<span style=\"color: #000080; font-family: verdana, geneva, sans-serif;\">&#8211; Prendre confiance en votre communication lors des \u00e9changes \u00e9crits, face-\u00e0-face ou t\u00e9l\u00e9phoniques. <\/span><br \/>\n<span style=\"color: #000080; font-family: verdana, geneva, sans-serif;\">&#8211; Interagir avec naturel et sans stress pour g\u00e9rer des affaires et probl\u00e8mes imm\u00e9diats. <\/span><br \/>\n<span style=\"color: #000080; font-family: verdana, geneva, sans-serif;\">&#8211; Augmenter vos comp\u00e9tences sur le march\u00e9 du travail pour am\u00e9liorer votre mobilit\u00e9. <\/span><br \/>\n<span style=\"color: #000080; font-family: verdana, geneva, sans-serif;\">&#8211; Valoriser l&rsquo;image de votre entreprise.<\/span><\/p>\n<h2 style=\"text-align: justify;\"><span style=\"color: #3366ff; font-size: 32px; font-family: verdana, geneva, sans-serif;\">Anglais des transports et de la logistique accessible \u00e0 tous (d\u00e9butant \u00e0 interm\u00e9diaire) \u00e9ligible CPF<\/span><\/h2>\n<p><span style=\"color: #000000; font-family: verdana, geneva, sans-serif;\"><span style=\"color: #3366ff;\"><strong>Niveau<\/strong><\/span><span style=\"color: #000080;\"> : d\u00e9butant \u00e0 interm\u00e9diaire (A1+ \u00e0 B1)<\/span><\/span><\/p>\n<p><span style=\"color: #3366ff; font-family: verdana, geneva, sans-serif;\"><span style=\"caret-color: #3366ff;\"><b>Bases de la conversation en contexte<\/b><\/span><\/span><br \/>\n<span style=\"color: #000080; font-size: inherit; text-align: justify; font-family: verdana, geneva, sans-serif;\">Am\u00e9liorer la prononciation et fluidifier le discours.<\/span><\/p>\n<div class=\"layoutArea\">\n<div class=\"column\">\n<p style=\"text-align: justify;\"><span style=\"color: #000000; font-family: verdana, geneva, sans-serif;\"><span style=\"color: #000080;\">Communiquer avec confiance en anglais courant \u00e9crit et oral selon le niveau de connaissances acquises dans un contexte g\u00e9n\u00e9ral et sp\u00e9cifique li\u00e9 directement votre activit\u00e9 professionnelle. \u00a0<\/span><\/span><\/p>\n<p style=\"text-align: justify;\"><span style=\"font-family: verdana, geneva, sans-serif;\"><span style=\"color: #000000;\"><span style=\"color: #000080;\">Interagir dans la plupart des situations connues rencontr\u00e9es dans votre milieu professionnel des transports de marchandise et de la logistique, dans la sph\u00e8re priv\u00e9e pendant les d\u00e9placements \u00e0 l\u2019\u00e9tranger et les voyages d\u2019affaires face \u00e0 un interlocuteur anglophone, client ou intervenant professionnel, prestataire de service<\/span><\/span><span style=\"color: #000080;\">, douanier, etc. <\/span><span style=\"color: #000080;\">\u00a0<\/span><\/span><\/p>\n<\/div>\n<\/div>\n<p><span style=\"font-family: verdana, geneva, sans-serif;\"><strong><span style=\"color: #3366ff;\">15 \u00e0 45 le\u00e7ons avec dialogues pour d\u00e9velopper les comp\u00e9tences langagi\u00e8res en contexte<\/span><\/strong><\/span><\/p>\n<p><span style=\"font-family: verdana, geneva, sans-serif;\"><span style=\"color: #3366ff;\"><strong>Lecture et\u00a0<\/strong><\/span><span style=\"color: #3366ff;\"><span style=\"caret-color: #3366ff;\"><b>compr\u00e9hension de documents r\u00e9els<\/b><\/span><\/span><\/span><\/p>\n<p><span style=\"color: #000080; font-family: verdana, geneva, sans-serif;\">Manuel des professions, profil des employ\u00e9s, sites internet, blogs et emails, extraits de r\u00e9pertoire professionnel, articles de magazine, politique d&rsquo;entreprise, dossier de chargement, \u00e9valuation de l\u2019\u00e9tat du chargement, lettre d\u2019information, liste de contr\u00f4le, manuel de cours, notes et guide d\u2019instruction, tableau et diagramme, rapports, petites annonces sp\u00e9cialis\u00e9es, \u2026<\/span><\/p>\n<p>&nbsp;<\/p>\n<p><span style=\"color: #3366ff; font-family: verdana, geneva, sans-serif;\"><strong>LES POINTS FORTS DE LA FORMATION\u00a0<\/strong><\/span><\/p>\n<p style=\"text-align: justify;\"><span style=\"color: #000080; font-family: verdana, geneva, sans-serif;\">&#8211; formation 100% adaptable \u00e0 votre budget et contraintes.<\/span><br \/>\n<span style=\"color: #000080; font-family: verdana, geneva, sans-serif;\">&#8211; D\u00e9finition des besoins et objectifs r\u00e9els \u00e0 atteindre.<\/span><br \/>\n<span style=\"color: #000080; font-family: verdana, geneva, sans-serif;\">&#8211; Accompagnement dynamique individualis\u00e9 et bienveillant.<\/span><br \/>\n<span style=\"color: #000080; font-family: verdana, geneva, sans-serif;\">&#8211; Progression \u00e0 votre rythme, e-learning illimit\u00e9 et jeux de table fun.<\/span><br \/>\n<span style=\"color: #000080; font-family: verdana, geneva, sans-serif;\">&#8211; Formation immersive scind\u00e9e en trois modules progressifs de 15 mini programmes ind\u00e9pendants<\/span><br \/>\n<span style=\"color: #000080; font-family: verdana, geneva, sans-serif;\">&#8211; Grande libert\u00e9 d&rsquo;action et progression \u00e0 votre rythme<\/span><br \/>\n<span style=\"color: #000080; font-family: verdana, geneva, sans-serif;\">&#8211; Th\u00e8mes avec dialogues et exercices oraux en contexte \u00e0 chaque le\u00e7on<\/span><br \/>\n<span style=\"color: #000080; font-family: verdana, geneva, sans-serif;\">&#8211; Accompagnement sur mesure pr\u00e9sentiel\/blended\/tel\/Visio adapt\u00e9 au profil de l\u2019\u00e9tudiant<\/span><br \/>\n<span style=\"color: #000080; font-family: verdana, geneva, sans-serif;\">&#8211; Entra\u00eenement sur ordinateur, tablette ou t\u00e9l\u00e9phone o\u00f9 et quand vous voulez en acc\u00e8s illimit\u00e9 24h\/24h aux fiches, aux ressources audio et vid\u00e9o, exercices et tests de progression par module.<\/span><\/p>\n<p style=\"text-align: justify;\"><span style=\"color: #000080; font-family: verdana, geneva, sans-serif;\"><strong>Ce programme est enti\u00e8rement ax\u00e9 sur la communication orale pour une utilisation imm\u00e9diate au poste de travail administratif, gestion et au volant du v\u00e9hicule.<\/strong><\/span><\/p>\n<p style=\"text-align: justify;\"><span style=\"font-family: verdana, geneva, sans-serif;\"><span style=\"color: #000080;\">La syntaxe et les structures grammaticales, les locutions idiomatiques et le vocabulaire sp\u00e9cifique sont induits et expliqu\u00e9s par la formatrice au fur et \u00e0 mesure du programme dans les textes et nombreux dialogues extraits des situations v\u00e9cues au quotidien par les professionnels conducteurs priv\u00e9s et chauffeurs de taxi. <\/span><span style=\"color: #000080;\">L\u2019application imm\u00e9diate des r\u00e8gles de grammaire et l\u2019utilisation du vocabulaire en contexte simplifient l\u2019assimilation g\u00e9n\u00e9rale de la structure de la langue en immersion.<\/span><\/span><br \/>\n<span style=\"color: #000080; font-family: verdana, geneva, sans-serif;\">La r\u00e9p\u00e9tition syst\u00e9matique des phrases et locutions idiomatiques par le stagiaire participatif lui permet de parler et comprendre ses interlocuteurs sans traduire depuis le fran\u00e7ais au moment de prendre part \u00e0 une conversation.<\/span><\/p>\n<p style=\"text-align: justify;\"><span style=\"color: #000080; font-family: verdana, geneva, sans-serif;\">Ce programme de rafra\u00eechissement et perfectionnement des connaissances ne convient pas au vrai d\u00e9butant ni aux personnes ne connaissant pas les gestes et termes professionnels des m\u00e9tiers de la logistique et des transports internationaux.<\/span><\/p>\n<p style=\"text-align: justify;\"><span style=\"color: #000080; font-family: verdana, geneva, sans-serif;\">Pour le vrai d\u00e9butant, nous proposons un cours de remise \u00e0 niveau en grammaire essentielle et vocabulaire de base qui vous permettra d&rsquo;appr\u00e9hender ce module sans stress.\u00a0<\/span><\/p>\n<p><span style=\"font-family: verdana, geneva, sans-serif;\"><img loading=\"lazy\" decoding=\"async\" class=\"alignnone wp-image-10734\" src=\"https:\/\/www.leslanguessansstress.fr\/wp-content\/uploads\/2020\/09\/Logo-Qualiopi-certificat-Les-Langues-Sans-Stress-a-La-Rochette-26-08-2020-300x96.png\" alt=\"\" width=\"197\" height=\"63\" \/><\/span><\/p>\n<div class=\"pane-content\">\n<p><span style=\"font-family: verdana, geneva, sans-serif;\"><span style=\"color: #ff6600;\"><span style=\"color: #000080;\">Modalit\u00e9s<\/span> <span style=\"color: #000080;\">: <span style=\"color: #0000ff;\"><strong><span style=\"font-size: 20px;\"><a style=\"color: #0000ff;\" href=\"https:\/\/www.leslanguessansstress.fr\/index.php\/2022\/02\/04\/livret-daccueil-stagiaire\/\" target=\"_blank\" rel=\"noopener\">livret d&rsquo;accueil du stagiaire<\/a><\/span><\/strong><\/span><\/span><\/span><\/span><\/p>\n<p style=\"text-align: justify;\"><span style=\"color: #000080; font-family: verdana, geneva, sans-serif;\">Possibilit\u00e9 d&rsquo;inclure ces programmes dans une formation-CPF \u00e0 condition qu&rsquo;elles d\u00e9bouchent sur une certification. \u00a0<\/span><\/p>\n<p><span style=\"font-family: verdana, geneva, sans-serif;\"><img loading=\"lazy\" decoding=\"async\" class=\"wp-image-13685 alignleft\" src=\"https:\/\/www.leslanguessansstress.fr\/wp-content\/uploads\/2022\/07\/Atout-confiance-formations-CPF-Les-langues-sans-stress-a-La-Rochette-Savoie.png\" alt=\"\" width=\"128\" height=\"128\" srcset=\"https:\/\/www.leslanguessansstress.fr\/wp-content\/uploads\/2022\/07\/Atout-confiance-formations-CPF-Les-langues-sans-stress-a-La-Rochette-Savoie.png 254w, https:\/\/www.leslanguessansstress.fr\/wp-content\/uploads\/2022\/07\/Atout-confiance-formations-CPF-Les-langues-sans-stress-a-La-Rochette-Savoie-150x150.png 150w\" sizes=\"auto, (max-width: 128px) 100vw, 128px\" \/><\/span><\/p>\n<h3><span style=\"font-family: verdana, geneva, sans-serif; color: #3366ff;\">Atout + Les langues sans stress<\/span><\/h3>\n<p style=\"text-align: left;\"><span style=\"font-family: tahoma, arial, helvetica, sans-serif;\"><span style=\"color: #000080;\"><strong>Des dialogues ax\u00e9s sur la communication orale instinctive pour une utilisation imm\u00e9diate au poste de travail.\u00a0<\/strong><\/span><\/span><span style=\"font-family: verdana, geneva, sans-serif; color: #000080;\">Des s\u00e9ances sous hypnose pour favoriser la m\u00e9morisation et la prise de parole en public. le choix du test de certification. La possibilit\u00e9 de ne suivre que les modules ou le\u00e7ons qui vous int\u00e9ressent lorsque votre maitrise de la langue le permet ou que vous suivez un module intensif de renforcement en grammaire.<\/span><\/p>\n<\/div>\n<div class=\"pane-content\">\n<h3><span style=\"font-family: verdana, geneva, sans-serif;\"><img loading=\"lazy\" decoding=\"async\" class=\"wp-image-10753 aligncenter\" src=\"https:\/\/www.leslanguessansstress.fr\/wp-content\/uploads\/2020\/05\/CPF-mon-compte-formation-financement-pour-les-langues-sans-stress-certifie-Qualiopi-a-La-Rochette--300x178.png\" alt=\"\" width=\"285\" height=\"169\" \/><\/span><\/h3>\n<div class=\"pane-content\">\n<h3><span style=\"font-family: verdana, geneva, sans-serif;\"><span style=\"color: #3366ff; font-size: 20px;\">Vous souhaitez activer le financement-CPF pour suivre cette formation d&rsquo;anglais transports et logistique ? <\/span><\/span><\/h3>\n<\/div>\n<p><span style=\"color: #000080; font-family: verdana, geneva, sans-serif;\"><strong>TARIF<\/strong> : standard et sur devis. <\/span><br \/>\n<span style=\"color: #000080; font-family: verdana, geneva, sans-serif;\"><strong>Nous adapterons la dur\u00e9e du coaching et le budget<\/strong><span class=\"apple-converted-space\">\u00a0<\/span>de la formation \u00e0 vos contraintes et \u00e0 vos besoins d\u00e8s r\u00e9ception de votre projet \u00e0 personnaliser. Formation valid\u00e9e par le Certificat\u00a0<strong><span style=\"color: #0000ff;\"><a style=\"color: #0000ff;\" href=\"https:\/\/www.moncompteformation.gouv.fr\/espace-prive\/html\/#\/formation\/recherche\/81794041400029_GBcl\/81794041400029_GBcl?contexteFormation=ACTIVITE_PROFESSIONNELLE\" target=\"_blank\" rel=\"noopener\">CLO\u00c9 parcours adaptable<\/a>\u00a0\u00a0<\/span><\/strong><\/span><br \/>\n<span style=\"color: #000080; font-family: verdana, geneva, sans-serif;\">Muni de vos codes France Connect, acc\u00e9dez \u00e0 plus de choix sur<span class=\"apple-converted-space\">\u00a0<\/span><span style=\"color: #0000ff;\"><a style=\"color: #0000ff;\" href=\"https:\/\/www.moncompteformation.gouv.fr\/espace-prive\/html\/#\/\" target=\"_blank\" rel=\"noopener\">www.moncompteformation.gouv.fr<\/a><\/span><span class=\"apple-converted-space\">\u00a0<\/span><strong>\u2192<\/strong><span class=\"apple-converted-space\">\u00a0<\/span>les langues sans stress \u2013 formation en centre \u2013 73110 La Rochette .\u00a0Choisissez le programme qui vous int\u00e9resse, ils\u00a0<\/span><span style=\"color: #000080; font-family: verdana, geneva, sans-serif;\">sont tous 100% adaptables en nombre d&rsquo;heures d&rsquo;accompagnement pour convenir \u00e0 votre budget et \u00e0 vos besoins individuels. <\/span><\/p>\n<p><span style=\"color: #000080; font-family: verdana, geneva, sans-serif;\"><strong>PLANNING D&rsquo;\u00c9TUDE<\/strong> : dans le cas d&rsquo;une r\u00e9duction significative des heures de coaching, vos heures d&rsquo;\u00e9tude autonome sont nettement augment\u00e9es pour atteindre vos objectifs dans la dur\u00e9e impartie de votre formation.<\/span><\/p>\n<p><span style=\"color: #000080; font-family: verdana, geneva, sans-serif;\">En choisissant le financement CPF, vous vous engagez \u00e0 passer un test certifiant votre progression en fin de formation (deux heures).\u00a0<\/span><\/p>\n<p><span style=\"font-family: verdana, geneva, sans-serif;\"><span style=\"color: #000080;\">Information, conseil :\u00a0<\/span><span style=\"color: #0000ff;\"><a style=\"color: #0000ff;\" href=\"https:\/\/www.leslanguessansstress.fr\/index.php\/nous-contacter\/\" target=\"_blank\" rel=\"noopener noreferrer\">Nous contacter<\/a>\u00a0<\/span><\/span><\/p>\n<h3><span style=\"font-family: verdana, geneva, sans-serif;\">\u00a0<\/span><\/h3>\n<\/div>\n<p>&nbsp;<\/p>\n<p><span style=\"color: #000080; font-size: 14px; font-family: verdana, geneva, sans-serif;\"><strong>R\u00e9f. :\u00a0<\/strong>TRANSPLOGISTICS\u00a0<\/span><\/p>\n","protected":false},"excerpt":{"rendered":"<p>Conversations en anglais sp\u00e9cial pour les transports et la logistique &nbsp; Objectifs &#8211; Gagner en<\/p>\n","protected":false},"author":2,"featured_media":10423,"comment_status":"closed","ping_status":"open","sticky":false,"template":"","format":"standard","meta":{"footnotes":""},"categories":[80,127,348,176,432,371],"tags":[108,448,202],"class_list":["post-11388","post","type-post","status-publish","format-standard","has-post-thumbnail","hentry","category-actualites","category-anglais","category-cpf-certificats","category-information-documentation","category-langues","category-programme","tag-anglais","tag-metier","tag-perfectionnement"],"_links":{"self":[{"href":"https:\/\/www.leslanguessansstress.fr\/index.php\/wp-json\/wp\/v2\/posts\/11388","targetHints":{"allow":["GET"]}}],"collection":[{"href":"https:\/\/www.leslanguessansstress.fr\/index.php\/wp-json\/wp\/v2\/posts"}],"about":[{"href":"https:\/\/www.leslanguessansstress.fr\/index.php\/wp-json\/wp\/v2\/types\/post"}],"author":[{"embeddable":true,"href":"https:\/\/www.leslanguessansstress.fr\/index.php\/wp-json\/wp\/v2\/users\/2"}],"replies":[{"embeddable":true,"href":"https:\/\/www.leslanguessansstress.fr\/index.php\/wp-json\/wp\/v2\/comments?post=11388"}],"version-history":[{"count":7,"href":"https:\/\/www.leslanguessansstress.fr\/index.php\/wp-json\/wp\/v2\/posts\/11388\/revisions"}],"predecessor-version":[{"id":16094,"href":"https:\/\/www.leslanguessansstress.fr\/index.php\/wp-json\/wp\/v2\/posts\/11388\/revisions\/16094"}],"wp:featuredmedia":[{"embeddable":true,"href":"https:\/\/www.leslanguessansstress.fr\/index.php\/wp-json\/wp\/v2\/media\/10423"}],"wp:attachment":[{"href":"https:\/\/www.leslanguessansstress.fr\/index.php\/wp-json\/wp\/v2\/media?parent=11388"}],"wp:term":[{"taxonomy":"category","embeddable":true,"href":"https:\/\/www.leslanguessansstress.fr\/index.php\/wp-json\/wp\/v2\/categories?post=11388"},{"taxonomy":"post_tag","embeddable":true,"href":"https:\/\/www.leslanguessansstress.fr\/index.php\/wp-json\/wp\/v2\/tags?post=11388"}],"curies":[{"name":"wp","href":"https:\/\/api.w.org\/{rel}","templated":true}]}}