{"id":11384,"date":"2026-02-07T08:00:04","date_gmt":"2026-02-07T07:00:04","guid":{"rendered":"https:\/\/www.leslanguessansstress.fr\/?p=11384"},"modified":"2026-02-13T18:26:28","modified_gmt":"2026-02-13T17:26:28","slug":"programme-tourisme","status":"publish","type":"post","link":"https:\/\/www.leslanguessansstress.fr\/index.php\/2026\/02\/07\/programme-tourisme\/","title":{"rendered":"Programme TOURISME"},"content":{"rendered":"<h2><span style=\"font-family: verdana, geneva, sans-serif; font-size: 14px;\"><img loading=\"lazy\" decoding=\"async\" class=\"alignnone size-medium wp-image-14383 aligncenter\" src=\"https:\/\/www.leslanguessansstress.fr\/wp-content\/uploads\/2022\/10\/QUALIOPI-action-de-formation-renouvele\u0301-20221009-Les-langues-sans-stress--300x193.jpg\" alt=\"\" width=\"300\" height=\"193\" srcset=\"https:\/\/www.leslanguessansstress.fr\/wp-content\/uploads\/2022\/10\/QUALIOPI-action-de-formation-renouvele\u0301-20221009-Les-langues-sans-stress--300x193.jpg 300w, https:\/\/www.leslanguessansstress.fr\/wp-content\/uploads\/2022\/10\/QUALIOPI-action-de-formation-renouvele\u0301-20221009-Les-langues-sans-stress--1024x660.jpg 1024w, https:\/\/www.leslanguessansstress.fr\/wp-content\/uploads\/2022\/10\/QUALIOPI-action-de-formation-renouvele\u0301-20221009-Les-langues-sans-stress--768x495.jpg 768w, https:\/\/www.leslanguessansstress.fr\/wp-content\/uploads\/2022\/10\/QUALIOPI-action-de-formation-renouvele\u0301-20221009-Les-langues-sans-stress-.jpg 1504w\" sizes=\"auto, (max-width: 300px) 100vw, 300px\" \/><\/span><\/h2>\n<h2 style=\"font-weight: 400;\"><span style=\"font-family: verdana, geneva, sans-serif; color: #ff6600; font-size: 20px;\">5 langues pour le secteur du tourisme d&rsquo;affaires et des loisirs\u00a0<\/span><\/h2>\n<p><span style=\"color: #000080; font-family: verdana, geneva, sans-serif; font-size: 14px;\">PGT module \u00e0 ins\u00e9rer dans un programme g\u00e9n\u00e9ral d&rsquo;\u00e9tude d&rsquo;une langue ou \u00e0 utiliser seul en programme de perfectionnement <\/span><br \/>\n<span style=\"color: #000080; font-family: verdana, geneva, sans-serif; font-size: 14px;\">1 &#8211; programme seuil <\/span><br \/>\n<span style=\"color: #000080; font-family: verdana, geneva, sans-serif; font-size: 14px;\">2 &#8211; programme interm\u00e9diaire\u00a0 <\/span><br \/>\n<span style=\"color: #000080; font-family: verdana, geneva, sans-serif; font-size: 14px;\">3 &#8211; Certification et financement CPF<\/span><\/p>\n<div class=\"product__intro\"><span style=\"font-family: verdana, geneva, sans-serif; color: #ff6600; font-size: 14px;\"><img loading=\"lazy\" decoding=\"async\" class=\"size-medium wp-image-11832 alignleft\" src=\"https:\/\/www.leslanguessansstress.fr\/wp-content\/uploads\/2021\/03\/Les-langues-sans-stress-pour-voyager-serein-eligible-CPF-73110-La-Rochette-300x150.png\" alt=\"\" width=\"300\" height=\"150\" srcset=\"https:\/\/www.leslanguessansstress.fr\/wp-content\/uploads\/2021\/03\/Les-langues-sans-stress-pour-voyager-serein-eligible-CPF-73110-La-Rochette-300x150.png 300w, https:\/\/www.leslanguessansstress.fr\/wp-content\/uploads\/2021\/03\/Les-langues-sans-stress-pour-voyager-serein-eligible-CPF-73110-La-Rochette.png 743w\" sizes=\"auto, (max-width: 300px) 100vw, 300px\" \/><span style=\"font-size: 20px;\">Objectif du module TOURISME<\/span><\/span><br \/>\n<span style=\"font-family: verdana, geneva, sans-serif; color: #000080; font-size: 14px;\">Acqu\u00e9rir la ma\u00eetrise de la communication orale et \u00e9crite dans le domaine du tourisme.<\/span><br \/>\n<span style=\"font-family: verdana, geneva, sans-serif; color: #000080; font-size: 14px;\">D\u00e9velopper le vocabulaire et des expressions sp\u00e9cifiques \u00e0 certains aspects ou m\u00e9tiers du tourisme selon vos besoins.<\/span><br \/>\n<span style=\"font-family: verdana, geneva, sans-serif; color: #000080; font-size: 14px;\">Interagir avec assurance dans la plupart des situations famili\u00e8res rencontr\u00e9es au quotidien, au moment de pr\u00e9parer un voyage et pendant les d\u00e9placements, un accompagnement et des rencontres internationales.<\/span><br \/>\n<span style=\"font-family: verdana, geneva, sans-serif; color: #000080; font-size: 14px;\">Se sentir \u00e0 l\u2019aise face \u00e0 son interlocuteur \u00e9tranger, \u00a0visiteur, voyageur ou touriste et tout intervenant professionnel tels que le personnel navigant, d\u2019accueil et d\u2019accompagnement, d\u2019h\u00f4tels et resorts, restaurateurs, transporteurs, sites, d\u00e9taillants, des voyagistes et des services douaniers, m\u00e9dicaux de s\u00e9curit\u00e9 (a\u00e9ro)portuaire, etc.<\/span><br \/>\n<span style=\"font-family: verdana, geneva, sans-serif; color: #000080; font-size: 14px;\">Rendre son expression \u00e9crite et orale plus attrayante et pr\u00e9cise. <\/span><br \/>\n<span style=\"font-family: verdana, geneva, sans-serif; color: #000080; font-size: 14px;\">Evoluer vers un poste n\u00e9cessitant une autonomie plus importante de la langue.<\/span><\/div>\n<div><span style=\"font-family: verdana, geneva, sans-serif; font-size: 14px;\"><img loading=\"lazy\" decoding=\"async\" class=\"alignnone size-medium wp-image-14125 aligncenter\" src=\"https:\/\/www.leslanguessansstress.fr\/wp-content\/uploads\/2022\/10\/programme-adapte-a-5-langues-sans-stress-CPF-300x35.jpg\" alt=\"\" width=\"300\" height=\"35\" srcset=\"https:\/\/www.leslanguessansstress.fr\/wp-content\/uploads\/2022\/10\/programme-adapte-a-5-langues-sans-stress-CPF-300x35.jpg 300w, https:\/\/www.leslanguessansstress.fr\/wp-content\/uploads\/2022\/10\/programme-adapte-a-5-langues-sans-stress-CPF.jpg 702w\" sizes=\"auto, (max-width: 300px) 100vw, 300px\" \/><\/span><\/div>\n<div class=\"product__paragraph\">\n<div class=\"field field--name-field-paragraphs-left field--type-entity-reference-revisions field--label-hidden field__items\">\n<div class=\"field__item\">\n<div class=\"paragraph paragraph--type--editorial paragraph--view-mode--default\">\n<h2 style=\"font-weight: 400;\"><span style=\"font-family: verdana, geneva, sans-serif; color: #ff6600; font-size: 20px;\">I &#8211; Programme TOURISME disponible en anglais, allemand, espagnol, italien et FLE\u00a0<\/span><\/h2>\n<\/div>\n<\/div>\n<\/div>\n<\/div>\n<p><span style=\"color: #000080; font-family: verdana, geneva, sans-serif; font-size: 14px;\"><strong>\u00catre rapidement capable de &#8230;<\/strong> <\/span><br \/>\n<span style=\"color: #000080; font-family: verdana, geneva, sans-serif; font-size: 14px;\">saluer, se pr\u00e9senter et pr\u00e9senter des collaborateurs \u00a0<\/span><br \/>\n<span style=\"color: #000080; font-family: verdana, geneva, sans-serif; font-size: 14px;\">pr\u00e9senter l\u2019entreprise et ses produits et services \u00a0<\/span><br \/>\n<span style=\"color: #000080; font-family: verdana, geneva, sans-serif; font-size: 14px;\">d\u00e9terminer les objectifs du client \u00a0<\/span><br \/>\n<span style=\"color: #000080; font-family: verdana, geneva, sans-serif; font-size: 14px;\">faire patienter, clarifier et v\u00e9rifier des informations\u00a0<\/span><br \/>\n<span style=\"color: #000080; font-family: verdana, geneva, sans-serif; font-size: 14px;\">reformuler\u00a0 et confirmer une information \u00a0<\/span><br \/>\n<span style=\"color: #000080; font-family: verdana, geneva, sans-serif; font-size: 14px;\">d\u00e9crire un produit, les services propos\u00e9s, un environnement \u00a0<\/span><br \/>\n<span style=\"color: #000080; font-family: verdana, geneva, sans-serif; font-size: 14px;\">demander et proposer de l\u2019aide \u00a0<\/span><br \/>\n<span style=\"color: #000080; font-family: verdana, geneva, sans-serif; font-size: 14px;\">pr\u00e9senter un programme \u00a0<\/span><br \/>\n<span style=\"color: #000080; font-family: verdana, geneva, sans-serif; font-size: 14px;\">donner la raison d\u2019un appel t\u00e9l\u00e9phonique \u00a0<\/span><br \/>\n<span style=\"color: #000080; font-family: verdana, geneva, sans-serif; font-size: 14px;\">d\u00e9crire une proc\u00e9dure et suivre un protocole \u00a0<\/span><br \/>\n<span style=\"color: #000080; font-family: verdana, geneva, sans-serif; font-size: 14px;\">parler d\u2019un d\u00e9part imminent ou repouss\u00e9 \u00a0<\/span><br \/>\n<span style=\"color: #000080; font-family: verdana, geneva, sans-serif; font-size: 14px;\">attirer l\u2019attention d\u2019un client \u00a0<\/span><br \/>\n<span style=\"color: #000080; font-family: verdana, geneva, sans-serif; font-size: 14px;\">discuter d\u2019options, faire des suggestions \u00a0<\/span><br \/>\n<span style=\"color: #000080; font-family: verdana, geneva, sans-serif; font-size: 14px;\">annoncer le montant d\u2019une prestation \u00a0<\/span><br \/>\n<span style=\"color: #000080; font-family: verdana, geneva, sans-serif; font-size: 14px;\">r\u00e9ussir une vente additionnelle \u00a0<\/span><br \/>\n<span style=\"color: #000080; font-family: verdana, geneva, sans-serif; font-size: 14px;\">indiquer ce qui est n\u00e9cessaire au voyage \u00a0<\/span><br \/>\n<span style=\"color: #000080; font-family: verdana, geneva, sans-serif; font-size: 14px;\">donner un tarif, le taux d\u2019occupation\u00a0<\/span><br \/>\n<span style=\"color: #000080; font-family: verdana, geneva, sans-serif; font-size: 14px;\">exiger plus d\u2019informations, donner des explications \u00a0<\/span><br \/>\n<span style=\"color: #000080; font-family: verdana, geneva, sans-serif; font-size: 14px;\">d\u00e9crire des lieux et un environnement \u00a0<\/span><br \/>\n<span style=\"color: #000080; font-family: verdana, geneva, sans-serif; font-size: 14px;\">demander et refuser une faveur \u00a0<\/span><br \/>\n<span style=\"color: #000080; font-family: verdana, geneva, sans-serif; font-size: 14px;\">exprimer un regret, de l\u2019incr\u00e9dulit\u00e9, de la surprise \u00a0<\/span><br \/>\n<span style=\"color: #000080; font-family: verdana, geneva, sans-serif; font-size: 14px;\">traiter une r\u00e9clamation, une plainte, une situation inattendue \u00a0<\/span><br \/>\n<span style=\"color: #000080; font-family: verdana, geneva, sans-serif; font-size: 14px;\">g\u00e9rer un client difficile ou un conflit \u00a0<\/span><br \/>\n<span style=\"color: #000080; font-family: verdana, geneva, sans-serif; font-size: 14px;\">signaler un probl\u00e8me, montrer une erreur \u00a0<\/span><br \/>\n<span style=\"color: #000080; font-family: verdana, geneva, sans-serif; font-size: 14px;\">proposer des choix, discuter des risques \u00a0<\/span><br \/>\n<span style=\"color: #000080; font-family: verdana, geneva, sans-serif; font-size: 14px;\">pr\u00e9senter\/refuser une offre, une invitation, une prestation\u00a0<\/span><br \/>\n<span style=\"color: #000080; font-family: verdana, geneva, sans-serif; font-size: 14px;\">pr\u00e9senter des excuses, une requ\u00eate \u00a0<\/span><br \/>\n<span style=\"color: #000080; font-family: verdana, geneva, sans-serif; font-size: 14px;\">r\u00e9p\u00e9ter et v\u00e9rifier une information \u00a0<\/span><br \/>\n<span style=\"color: #000080; font-family: verdana, geneva, sans-serif; font-size: 14px;\">insister sur un point, complimenter \u00a0<\/span><br \/>\n<span style=\"color: #000080; font-family: verdana, geneva, sans-serif; font-size: 14px;\">estimer des dimensions, un poids \u00a0<\/span><br \/>\n<span style=\"color: #000080; font-family: verdana, geneva, sans-serif; font-size: 14px;\">expliquer les termes d\u2019un accord \u00a0<\/span><br \/>\n<span style=\"color: #000080; font-family: verdana, geneva, sans-serif; font-size: 14px;\">parler de ses exp\u00e9riences personnelles et professionnelles<\/span><br \/>\n<span style=\"color: #000080; font-family: verdana, geneva, sans-serif; font-size: 14px;\">donner des instructions et faire r\u00e9p\u00e9ter\u00a0<\/span><br \/>\n<span style=\"color: #000080; font-family: verdana, geneva, sans-serif; font-size: 14px;\">engager et mettre fin \u00e0 une conversation\u00a0<\/span><\/p>\n<p><span style=\"font-family: verdana, geneva, sans-serif; font-size: 14px;\"><img loading=\"lazy\" decoding=\"async\" class=\"alignnone size-medium wp-image-10969 aligncenter\" src=\"https:\/\/www.leslanguessansstress.fr\/wp-content\/uploads\/2020\/09\/atelier-de-conversation-adapte-a-votre-niveau-personnel-en-langues-sans-stress-a-La-Rochette-e1614702703156-300x119.png\" alt=\"\" width=\"300\" height=\"119\" srcset=\"https:\/\/www.leslanguessansstress.fr\/wp-content\/uploads\/2020\/09\/atelier-de-conversation-adapte-a-votre-niveau-personnel-en-langues-sans-stress-a-La-Rochette-e1614702703156-300x119.png 300w, https:\/\/www.leslanguessansstress.fr\/wp-content\/uploads\/2020\/09\/atelier-de-conversation-adapte-a-votre-niveau-personnel-en-langues-sans-stress-a-La-Rochette-e1614702703156-1024x407.png 1024w, https:\/\/www.leslanguessansstress.fr\/wp-content\/uploads\/2020\/09\/atelier-de-conversation-adapte-a-votre-niveau-personnel-en-langues-sans-stress-a-La-Rochette-e1614702703156-768x305.png 768w, https:\/\/www.leslanguessansstress.fr\/wp-content\/uploads\/2020\/09\/atelier-de-conversation-adapte-a-votre-niveau-personnel-en-langues-sans-stress-a-La-Rochette-e1614702703156.png 1153w\" sizes=\"auto, (max-width: 300px) 100vw, 300px\" \/><\/span><\/p>\n<p><span style=\"color: #ff6600; font-family: verdana, geneva, sans-serif; font-size: 16px;\">CONTENU<\/span><\/p>\n<div class=\"layoutArea\">\n<div class=\"column\">\n<div class=\"layoutArea\">\n<div class=\"column\">\n<p><span style=\"color: #000080; font-family: verdana, geneva, sans-serif; font-size: 14px;\">Entrainement ludique \u00e0 la lecture et \u00e0 la diction \/ Am\u00e9liorer la prononciation pour fluidifier le discours.<br \/>\nRafra\u00eechir le vocabulaire du quotidien n\u00e9cessaire aux \u00e9changes avec le personnel et les clients ou touristes.<br \/>\nRenforcer la grammaire la conjugaison, la syntaxe et l&rsquo;orthographe pour \u00e9crire correctement une mini brochure ou un email.<br \/>\nAtelier de pratique orale par th\u00e8me professionnel avec un client ou touriste.<br \/>\nElargir le lexique professionnel pour appr\u00e9hender les situations habituellement v\u00e9cues dans le tourisme, l&rsquo;h\u00f4tellerie et \u00e0 l&rsquo;accueil.<br \/>\nCommuniquer deux par deux pour mimer des dialogues entre professionnels et touristes ou clients.<br \/>\nS&rsquo;exprimer face \u00e0 un public en employant ses nouveaux acquis selon des consignes et situations professionnelles.<br \/>\nMa\u00eetriser les situations difficiles. Apprendre \u00e0 g\u00e9rer son stress dans la langue choisie.<br \/>\nEchanger sur des sujets amen\u00e9s par les stagiaires pour mieux communiquer et interagir ensemble dans la langue choisie.<br \/>\nOPTION certificat du niveau des connaissances \/ financement CPF : se pr\u00e9parer au format des questions du test de Certification dans la langue choisie.<br \/>\nSe pr\u00e9senter aux tests \u00e9crit et oral apr\u00e8s entrainement sur la plateforme d\u00e9di\u00e9e \u00e0 la certification des acquis.<br \/>\n<\/span><\/p>\n<p><span style=\"color: #ff6600; font-family: verdana, geneva, sans-serif; font-size: 16px;\">II &#8211; Programme de perfectionnement aux niveaux interm\u00e9diaires d\u00e8s validation du niveau seuil A2 :<\/span><br \/>\n<span style=\"font-family: verdana, geneva, sans-serif; color: #000080; font-size: 14px;\">Se sentir \u00e0 l&rsquo;aise dans la plupart des situations connues du tourisme de l&rsquo;h\u00f4tellerie et de l&rsquo;accueil. <\/span><br \/>\n<span style=\"font-family: verdana, geneva, sans-serif; color: #000080; font-size: 14px;\">Communiquer avec un coll\u00e8gue ou un sup\u00e9rieur hi\u00e9rarchique dans sa langue. <\/span><br \/>\n<span style=\"font-family: verdana, geneva, sans-serif; color: #000080; font-size: 14px;\">Mai\u0302triser les situations du quotidien au poste de travail : demande de renseignements, distances, frais, commodit\u00e9s, conditions climatiques, topographie, \u00e9v\u00e9nements et curiosit\u00e9s.\u00a0<\/span><br \/>\n<span style=\"font-family: verdana, geneva, sans-serif; font-size: 14px;\"><span style=\"color: #000080;\">Utiliser le vocabulaire th\u00e9matique, des mots cle\u0301s et formules propres aux diffe\u0301rents aspects du tourisme <\/span><span style=\"color: #000080;\">de l&rsquo;h\u00f4tellerie et de l&rsquo;accueil.\u00a0<\/span><\/span><br \/>\n<span style=\"font-family: verdana, geneva, sans-serif; color: #000080; font-size: 14px;\">Dialoguer efficacement dans le contexte priv\u00e9 et socioprofessionnel habituel. <\/span><br \/>\n<span style=\"font-family: verdana, geneva, sans-serif; color: #000080; font-size: 14px;\">Interagir spontan\u00e9ment avec diffe\u0301rents professionnels des sites touristiques, des transports, des agences de voyage, de l&rsquo;h\u00f4tellerie et de l&rsquo;accueil.<\/span><br \/>\n<span style=\"font-family: verdana, geneva, sans-serif; color: #000080; font-size: 14px;\">Echanger des informations professionnelles percutantes.<\/span><br \/>\n<span style=\"font-family: verdana, geneva, sans-serif; color: #000080; font-size: 14px;\">Accueillir, r\u00e9ceptionner et orienter, informer les voyageurs et touristes.<\/span><br \/>\n<span style=\"font-family: verdana, geneva, sans-serif; color: #000080; font-size: 14px;\">Pre\u0301senter une note, des moyens de paiement, expliquer et s&rsquo;occuper des diff\u00e9rends, re\u0301clamations et annulations avec politesse<\/span><br \/>\n<span style=\"font-family: verdana, geneva, sans-serif; font-size: 14px;\"><span style=\"color: #000080;\">G\u00e9rer les appels te\u0301le\u0301phoniques avec la cliente\u0300le, prendre des r\u00e9servations.<br \/>\n<\/span><span style=\"color: #000080;\">Pr\u00e9parer une pr\u00e9sentation et participer a\u0300 une re\u0301union professionnelle.<br \/>\n<\/span><span style=\"color: #000080;\">Pre\u0301senter un projet, commenter des diagrammes et tableaux, re\u0301pondre aux questions.<br \/>\n<\/span><span style=\"color: #000080;\">N\u00e9gocier et affirmer sa position.<br \/>\n<\/span><span style=\"color: #000080;\">\u00c9crire un CV et se pr\u00e9senter \u00e0 un entretien d&#8217;embauche avec assurance.\u00a0<\/span><\/span><\/p>\n<p><span style=\"font-family: verdana, geneva, sans-serif; font-size: 14px;\"><img loading=\"lazy\" decoding=\"async\" class=\"alignnone size-medium wp-image-13798 aligncenter\" src=\"https:\/\/www.leslanguessansstress.fr\/wp-content\/uploads\/2022\/07\/Anglais-pour-le-tourisme-les-langues-sans-stress-CPF-300x171.jpeg\" alt=\"\" width=\"300\" height=\"171\" srcset=\"https:\/\/www.leslanguessansstress.fr\/wp-content\/uploads\/2022\/07\/Anglais-pour-le-tourisme-les-langues-sans-stress-CPF-300x171.jpeg 300w, https:\/\/www.leslanguessansstress.fr\/wp-content\/uploads\/2022\/07\/Anglais-pour-le-tourisme-les-langues-sans-stress-CPF.jpeg 549w\" sizes=\"auto, (max-width: 300px) 100vw, 300px\" \/><\/span><\/p>\n<\/div>\n<\/div>\n<\/div>\n<\/div>\n<p><span style=\"color: #ff6600; font-family: verdana, geneva, sans-serif; font-size: 14px;\"><span style=\"font-size: 16px;\">LES POINTS FORTS DE LA FORMATION<\/span> <\/span><br \/>\n<span style=\"color: #000080; font-family: verdana, geneva, sans-serif; font-size: 14px;\">&#8211; Formation 100% adaptable \u00e0 votre budget et \u00e0 vos contraintes.\u00a0\u00a0\u00a0<\/span><br \/>\n<span style=\"color: #000080; font-family: verdana, geneva, sans-serif; font-size: 14px;\">&#8211; D\u00e9finition de vos besoins et objectifs r\u00e9els \u00e0 atteindre.<\/span><br \/>\n<span style=\"color: #000080; font-family: verdana, geneva, sans-serif; font-size: 14px;\">&#8211; Accompagnement dynamique individualis\u00e9 et bienveillant.<\/span><br \/>\n<span style=\"color: #000080; font-family: verdana, geneva, sans-serif; font-size: 14px;\">&#8211; Progression \u00e0 votre rythme, e-learning illimit\u00e9 chez vous \/ en entreprise et activit\u00e9s ludiques sur place avec coach.<\/span><br \/>\n<span style=\"color: #000080; font-family: verdana, geneva, sans-serif; font-size: 14px;\">&#8211; Prise en compte de vos particularit\u00e9s d\u2019apprenant (stress, timidit\u00e9, handicap visuel ou auditif, difficult\u00e9s \u00e0 lire, \u00e9crire, travail post\u00e9, d\u00e9placements professionnels, soutien de famille\u2026) \u00a0<\/span><br \/>\n<span style=\"color: #000080; font-family: verdana, geneva, sans-serif; font-size: 14px;\">Accessible d\u00e8s le niveau faux d\u00e9butant A1\/A2 et plus<br \/>\nRenforcement et d\u00e9veloppement des connaissances selon un secteur d&rsquo;activit\u00e9.<\/span><\/p>\n<div class=\"field__item\">\n<div class=\"paragraph paragraph--type--editorial paragraph--view-mode--default\">\n<div class=\"clearfix text-formatted field field--name-field-description field--type-text-long field--label-hidden field__item\">\n<div>\n<p><span style=\"color: #000080; font-family: verdana, geneva, sans-serif; font-size: 14px;\">Dur\u00e9e<\/span><br \/>\n<span style=\"color: #000080; font-family: verdana, geneva, sans-serif; font-size: 14px;\">Sur-mesure : vous pouvez apprendre choisir les th\u00e8mes des dialogues au fur et \u00e0 mesure des le\u00e7ons \u00e9tudi\u00e9es dans votre programme de langues ou apr\u00e8s votre formation, selon votre capacit\u00e9 individuelle d&rsquo;assimilation et de m\u00e9morisation avec des r\u00e9visions en spirale. D\u00e9taillez-nous votre projet pour recevoir un programme complet personnalis\u00e9 \u00e0 vos objectifs et besoins d\u00e9cel\u00e9s pour les atteindre.<\/span><\/p>\n<\/div>\n<div class=\"product__paragraph\">\n<div class=\"field field--name-field-paragraphs-left field--type-entity-reference-revisions field--label-hidden field__items\">\n<div class=\"field__item\">\n<div class=\"paragraph paragraph--type--editorial paragraph--view-mode--default\">\n<div class=\"clearfix text-formatted field field--name-field-description field--type-text-long field--label-hidden field__item\">\n<p><span style=\"font-family: verdana, geneva, sans-serif; font-size: 14px;\"><span style=\"color: #000080;\">Condition d\u2019acc\u00e8s<br \/>\n<\/span><span style=\"color: #000080;\">1 &#8211; Suivre un programme d&rsquo;\u00e9tude d&rsquo;une langue en anglais, allemand, espagnol, italien et\/ou FLE . <\/span><span style=\"color: #000080;\">Toutes les informations sont regroup\u00e9es dans notre LIVRET D&rsquo;ACCUEIL, nous vous invitons \u00e0 en prendre connaissance avant d&rsquo;inclure ce <strong>module \u00ab\u00a0TOURISME\u00a0\u00bb <\/strong>\u00e0 votre programme d&rsquo;\u00e9tude d&rsquo;une langue \u00e9trang\u00e8re.<br \/>\n<\/span><span style=\"color: #000080;\">2 &#8211; Participer aux ateliers \u00a0de mise en pratique des acquis de l&rsquo;\u00e9crit vers l&rsquo;oral avec <\/span><span style=\"color: #000080;\">jeux de m\u00e9morisation du vocabulaire et de la grammaire ou hypnose de relaxation pour d\u00e9velopper la concentration.<\/span><\/span><\/p>\n<\/div>\n<\/div>\n<\/div>\n<\/div>\n<\/div>\n<\/div>\n<\/div>\n<\/div>\n<p><span style=\"color: #000080; font-family: verdana, geneva, sans-serif; font-size: 14px;\">Certification<\/span><br \/>\n<span style=\"color: #000080; font-family: verdana, geneva, sans-serif; font-size: 14px;\">Ce module peut devenir un programme \u00e0 part enti\u00e8re dans le cadre d&rsquo;une pr\u00e9paration au voyage ou \u00e0 la certification des acquis \u00e0 c\u00f4t\u00e9 du programme de base A2 en langue des affaires avec un module ax\u00e9 sur la construction des phrases simples \u00e0 complexes. Vous pouvez travailler votre expression et compr\u00e9hension orale avant l&rsquo;entretien de certification ou un voyage. \u00a0<\/span><\/p>\n<div class=\"pane-content\">\n<div class=\"pane-content\">\n<h1><span style=\"font-family: verdana, geneva, sans-serif; font-size: 14px;\"><img loading=\"lazy\" decoding=\"async\" class=\"alignnone size-medium wp-image-14157 aligncenter\" src=\"https:\/\/www.leslanguessansstress.fr\/wp-content\/uploads\/2022\/10\/Mon-compte-formation-CPF-les-langues-sans-stress-300x159.jpg\" alt=\"\" width=\"300\" height=\"159\" srcset=\"https:\/\/www.leslanguessansstress.fr\/wp-content\/uploads\/2022\/10\/Mon-compte-formation-CPF-les-langues-sans-stress-300x159.jpg 300w, https:\/\/www.leslanguessansstress.fr\/wp-content\/uploads\/2022\/10\/Mon-compte-formation-CPF-les-langues-sans-stress.jpg 646w\" sizes=\"auto, (max-width: 300px) 100vw, 300px\" \/><\/span><\/h1>\n<h1 style=\"font-weight: 400;\"><span style=\"font-family: verdana, geneva, sans-serif; color: #ff6600; font-size: 20px;\">Tourisme d&rsquo;affaires et des loisirs en 5 langues sans stress certifi\u00e9 \u00e9ligible CPF<\/span><\/h1>\n<p style=\"font-weight: 400;\"><span style=\"font-family: verdana, geneva, sans-serif; color: #000080; font-size: 14px;\">En choisissant le financement CPF, vous vous engagez \u00e0 passer un test certifiant votre progression en fin de parcours en deux parties : \u00e9crite puis orale.<\/span><br \/>\n<span style=\"font-family: verdana, geneva, sans-serif; color: #000080; font-size: 14px;\">Nous vous invitons \u00e0 lire toute l&rsquo;information sur nos prestations et certifications dans le <span style=\"color: #800080;\"><a style=\"color: #800080;\" href=\"https:\/\/www.leslanguessansstress.fr\/index.php\/certification-cpf\/\" target=\"_blank\" rel=\"noopener\">Livret d&rsquo;accueil du stagiaire<\/a><\/span> et les modalit\u00e9s CPF \u00e0 v\u00e9rifier sur <span style=\"color: #800080;\"><a style=\"color: #800080;\" href=\"https:\/\/www.moncompteformation.gouv.fr\/espace-public\/conditions-generales-dutilisation\">MON COMPTE FORMATION<\/a><\/span> avant votre inscription.\u00a0<\/span><br \/>\n<span style=\"font-family: verdana, geneva, sans-serif; font-size: 14px;\"><span style=\"color: #000080;\">Conseil, devis et rendez-vous :<\/span>\u00a0<a href=\"https:\/\/www.leslanguessansstress.fr\/index.php\/nous-contacter\/\"><span style=\"color: #800080;\">Nous contacte<\/span>r<\/a><\/span><\/p>\n<p><span style=\"font-family: verdana, geneva, sans-serif; font-size: 14px;\"><img loading=\"lazy\" decoding=\"async\" class=\"alignnone wp-image-16444 aligncenter\" src=\"https:\/\/www.leslanguessansstress.fr\/wp-content\/uploads\/2024\/08\/20240828-charte-de-deontologie-Qualiopi--300x271.jpg\" alt=\"\" width=\"175\" height=\"158\" srcset=\"https:\/\/www.leslanguessansstress.fr\/wp-content\/uploads\/2024\/08\/20240828-charte-de-deontologie-Qualiopi--300x271.jpg 300w, https:\/\/www.leslanguessansstress.fr\/wp-content\/uploads\/2024\/08\/20240828-charte-de-deontologie-Qualiopi-.jpg 370w\" sizes=\"auto, (max-width: 175px) 100vw, 175px\" \/><\/span><\/p>\n<\/div>\n<\/div>\n","protected":false},"excerpt":{"rendered":"<p>5 langues pour le secteur du tourisme d&rsquo;affaires et des loisirs\u00a0 PGT module \u00e0 ins\u00e9rer<\/p>\n","protected":false},"author":2,"featured_media":17663,"comment_status":"closed","ping_status":"open","sticky":false,"template":"","format":"standard","meta":{"footnotes":""},"categories":[80],"tags":[572,202,122,717,358,381],"class_list":["post-11384","post","type-post","status-publish","format-standard","has-post-thumbnail","hentry","category-actualites","tag-anglais-professionnel","tag-perfectionnement","tag-professionnels","tag-renforcement-et-developpement","tag-tourisme","tag-voyages"],"_links":{"self":[{"href":"https:\/\/www.leslanguessansstress.fr\/index.php\/wp-json\/wp\/v2\/posts\/11384","targetHints":{"allow":["GET"]}}],"collection":[{"href":"https:\/\/www.leslanguessansstress.fr\/index.php\/wp-json\/wp\/v2\/posts"}],"about":[{"href":"https:\/\/www.leslanguessansstress.fr\/index.php\/wp-json\/wp\/v2\/types\/post"}],"author":[{"embeddable":true,"href":"https:\/\/www.leslanguessansstress.fr\/index.php\/wp-json\/wp\/v2\/users\/2"}],"replies":[{"embeddable":true,"href":"https:\/\/www.leslanguessansstress.fr\/index.php\/wp-json\/wp\/v2\/comments?post=11384"}],"version-history":[{"count":19,"href":"https:\/\/www.leslanguessansstress.fr\/index.php\/wp-json\/wp\/v2\/posts\/11384\/revisions"}],"predecessor-version":[{"id":19064,"href":"https:\/\/www.leslanguessansstress.fr\/index.php\/wp-json\/wp\/v2\/posts\/11384\/revisions\/19064"}],"wp:featuredmedia":[{"embeddable":true,"href":"https:\/\/www.leslanguessansstress.fr\/index.php\/wp-json\/wp\/v2\/media\/17663"}],"wp:attachment":[{"href":"https:\/\/www.leslanguessansstress.fr\/index.php\/wp-json\/wp\/v2\/media?parent=11384"}],"wp:term":[{"taxonomy":"category","embeddable":true,"href":"https:\/\/www.leslanguessansstress.fr\/index.php\/wp-json\/wp\/v2\/categories?post=11384"},{"taxonomy":"post_tag","embeddable":true,"href":"https:\/\/www.leslanguessansstress.fr\/index.php\/wp-json\/wp\/v2\/tags?post=11384"}],"curies":[{"name":"wp","href":"https:\/\/api.w.org\/{rel}","templated":true}]}}