{"id":11376,"date":"2024-06-13T19:00:15","date_gmt":"2024-06-13T17:00:15","guid":{"rendered":"https:\/\/www.leslanguessansstress.fr\/?p=11376"},"modified":"2024-06-26T07:21:09","modified_gmt":"2024-06-26T05:21:09","slug":"anglais-metiers-de-lagriculture","status":"publish","type":"post","link":"https:\/\/www.leslanguessansstress.fr\/index.php\/2024\/06\/13\/anglais-metiers-de-lagriculture\/","title":{"rendered":"Anglais m\u00e9tiers de l&rsquo;agriculture"},"content":{"rendered":"<h1 style=\"text-align: left;\"><span style=\"color: #3366ff; font-family: verdana, geneva, sans-serif;\">Anglais m\u00e9tiers de l&rsquo;agriculture \u00e9ligible CPF<\/span><\/h1>\n<p style=\"text-align: justify;\"><span style=\"color: #000080; font-size: 20px; font-family: verdana, geneva, sans-serif;\">Objectifs\u00a0:<\/span><\/p>\n<ul>\n<li><span style=\"color: #000080; font-family: verdana, geneva, sans-serif;\">Communiquer avec aisance en langue anglaise sp\u00e9cifique au milieu de l\u2019agriculture, ses secteurs d&rsquo;activit\u00e9 et m\u00e9tiers.<\/span><\/li>\n<li><span style=\"color: #000080; font-family: verdana, geneva, sans-serif;\">D\u00e9velopper des relations professionnelles de qualit\u00e9 avec les clients et tout autre professionnel intervenant dans ce secteur.<\/span><\/li>\n<li><span style=\"color: #000080; font-family: verdana, geneva, sans-serif;\">Consolider les bases fondamentales de la langue g\u00e9n\u00e9rale, \u00e9largir son lexique sp\u00e9cifique et am\u00e9liorer sa prononciation.<\/span><\/li>\n<li><span style=\"color: #000080; font-family: verdana, geneva, sans-serif;\">Interagir \u00e0 l\u2019\u00e9crit comme \u00e0 l\u2019oral dans la plupart des situations rencontr\u00e9es au quotidien avec assurance et fluidit\u00e9 face \u00e0 des interlocuteurs anglophones natifs ou \u00e9trangers.<\/span><\/li>\n<li><span style=\"color: #000080; font-family: verdana, geneva, sans-serif;\">Valoriser l\u2019image de son entreprise dans un contexte international lors de rencontres professionnelles et voyages d\u2019affaires. <\/span><\/li>\n<li><span style=\"color: #000080; font-family: verdana, geneva, sans-serif;\">Accro\u00eetre son employabilit\u00e9 en France et \u00e0 l&rsquo;\u00e9tranger.<\/span><\/li>\n<\/ul>\n<p>&nbsp;<\/p>\n<h2><span style=\"color: #3366ff; font-family: verdana, geneva, sans-serif;\">Programme d&rsquo;anglais sp\u00e9cifique au secteur de l&rsquo;agriculture avec option langues sans stress sous hypnose de relaxation\u00a0<\/span><\/h2>\n<p><span style=\"color: #3366ff; font-family: verdana, geneva, sans-serif;\"><span style=\"font-size: 20px;\">COMMUNICATION PROFESSIONNELLE <\/span><\/span><br \/>\n<span style=\"color: #000080; font-family: verdana, geneva, sans-serif;\">Saluer, se pr\u00e9senter, pr\u00e9senter son entreprise et le personnel<\/span><br \/>\n<span style=\"color: #000080; font-family: verdana, geneva, sans-serif;\">Pr\u00e9senter des produits et services, \u00e9tablir des pr\u00e9f\u00e9rences<\/span><br \/>\n<span style=\"font-family: verdana, geneva, sans-serif;\"><span style=\"color: #000080;\">Donner et demander de l\u2019aide, s<\/span><span style=\"color: #000080;\">\u2019excuser et r\u00e9pondre \u00e0 une excuse, faire r\u00e9p\u00e9ter<\/span><\/span><br \/>\n<span style=\"font-family: verdana, geneva, sans-serif;\"><span style=\"color: #000080;\">Donner une r\u00e9ponse n\u00e9gative polie, a<\/span><span style=\"color: #000080;\">ccepter un compliment, une plainte avec assurance<\/span><\/span><br \/>\n<span style=\"color: #000080; font-family: verdana, geneva, sans-serif;\">G\u00e9rer un probl\u00e8me, des besoins et des impr\u00e9vus<\/span><br \/>\n<span style=\"color: #000080; font-family: verdana, geneva, sans-serif;\">Estimer, n\u00e9gocier, discuter des sympt\u00f4mes, corriger une id\u00e9e fausse\u00a0<\/span><br \/>\n<span style=\"color: #000080; font-family: verdana, geneva, sans-serif;\">Sugg\u00e9rer, demander et donner une option, recommander<\/span><br \/>\n<span style=\"color: #000080; font-family: verdana, geneva, sans-serif;\">Suivre et d\u00e9crire une m\u00e9thode de pr\u00e9paration, un protocole<\/span><br \/>\n<span style=\"color: #000080; font-family: verdana, geneva, sans-serif;\">D\u00e9crire un processus, am\u00e9liorer, annuler ou changer certaines \u00e9tapes<\/span><br \/>\n<span style=\"color: #000080; font-family: verdana, geneva, sans-serif;\">Faire des recommandations, donner des ordres, faire r\u00e9p\u00e9ter<\/span><br \/>\n<span style=\"color: #000080; font-family: verdana, geneva, sans-serif;\">Exprimer la confusion,\u00a0des pr\u00e9occupations,\u00a0sa surprise <\/span><br \/>\n<span style=\"color: #000080; font-family: verdana, geneva, sans-serif;\">Garder l\u2019attention de l\u2019interlocuteur au t\u00e9l\u00e9phone ou lors d\u2019un face \u00e0 face<\/span><br \/>\n<span style=\"color: #000080; font-family: verdana, geneva, sans-serif;\">S\u2019exprimer avec aisance et confiance <\/span><br \/>\n<span style=\"color: #000080; font-family: verdana, geneva, sans-serif;\">Deviner et poser des questions sur l&rsquo;exp\u00e9rience, demander une recommandation\u00a0<\/span><br \/>\n<span style=\"color: #000080; font-family: verdana, geneva, sans-serif;\">Exprimer son accord\/d\u00e9saccord <\/span><br \/>\n<span style=\"color: #000080; font-family: verdana, geneva, sans-serif;\">Signaler une erreur, exprimer une pr\u00e9f\u00e9rence, un doute, un avis <\/span><br \/>\n<span style=\"color: #000080; font-family: verdana, geneva, sans-serif;\">Demander un conseil, un avis, des informations compl\u00e9mentaires<\/span><\/p>\n<p><span style=\"color: #000000; font-size: 20px; font-family: verdana, geneva, sans-serif;\"><span style=\"color: #3366ff;\">Quelques th\u00e8mes de pratique du vocabulaire en contexte <\/span>\u00a0<\/span><br \/>\n<span style=\"color: #000080; font-family: verdana, geneva, sans-serif;\">Les produits d\u2019origine v\u00e9g\u00e9tale,\u00a0animale <\/span><br \/>\n<span style=\"color: #000080; font-family: verdana, geneva, sans-serif;\">La terre\/le sol, l\u2019eau, les graines <\/span><br \/>\n<span style=\"color: #000080; font-family: verdana, geneva, sans-serif;\">La croissance des v\u00e9g\u00e9taux, les r\u00e9coltes, le stockage <\/span><br \/>\n<span style=\"color: #000080; font-family: verdana, geneva, sans-serif;\">Les aliments et \u00e9l\u00e9ments nutritifs <\/span><br \/>\n<span style=\"color: #000080; font-family: verdana, geneva, sans-serif;\">Les \u00e9tables, l\u2019\u00e9levage, l\u2019abattage et la transformation <\/span><br \/>\n<span style=\"color: #000080; font-family: verdana, geneva, sans-serif;\">Le mat\u00e9riel de culture et de plantation,\u00a0de r\u00e9colte<\/span><br \/>\n<span style=\"color: #000080; font-family: verdana, geneva, sans-serif;\">L&rsquo;industrie du b\u0153uf,\u00a0porcine,\u00a0de la volaille,\u00a0laiti\u00e8re,\u00a0ovine et \u00e9quine<\/span><br \/>\n<span style=\"color: #000080; font-family: verdana, geneva, sans-serif;\">L&rsquo;apiculture <\/span><br \/>\n<span style=\"color: #000080; font-family: verdana, geneva, sans-serif;\">Classification, composition et conservation des sols <\/span><br \/>\n<span style=\"color: #000080; font-family: verdana, geneva, sans-serif;\">La pr\u00e9paration, ensemencement et plantation<\/span><br \/>\n<span style=\"color: #000080; font-family: verdana, geneva, sans-serif;\">Le climat et conditions m\u00e9t\u00e9orologiques <\/span><br \/>\n<span style=\"color: #000080; font-family: verdana, geneva, sans-serif;\">Le comportement et la sant\u00e9 des animaux <\/span><br \/>\n<span style=\"color: #000080; font-family: verdana, geneva, sans-serif;\">La bio-ing\u00e9nierie, les syst\u00e8mes de culture <\/span><br \/>\n<span style=\"color: #000080; font-family: verdana, geneva, sans-serif;\">Le diagnostic des probl\u00e8mes de culture <\/span><br \/>\n<span style=\"color: #000080; font-family: verdana, geneva, sans-serif;\">La tarification, l&rsquo;intervention du gouvernement, le march\u00e9 des contrats \u00e0 terme <\/span><br \/>\n<span style=\"color: #000080; font-family: verdana, geneva, sans-serif;\">La gestion des entreprises agricoles et le commerce international <\/span><br \/>\n<span style=\"color: #000080; font-family: verdana, geneva, sans-serif;\">Les progr\u00e8s technologiques et l&rsquo;agriculture biologique, les\u00a0OGM<\/span><\/p>\n<p><span style=\"color: #3366ff; font-size: 20px; font-family: verdana, geneva, sans-serif;\">Pratique ludique de la grammaire avec lexique professionnel en contexte pour l&rsquo;agriculteur<\/span><\/p>\n<p><span style=\"font-family: verdana, geneva, sans-serif; color: #000080;\">Programme de <strong><a href=\"https:\/\/www.leslanguessansstress.fr\/index.php\/2023\/08\/16\/anglais-de-lentreprise\/\">grammaire standard<\/a><\/strong> personnalisable selon le niveau du stagaire et ses besoins d\u00e9cel\u00e9s<\/span><\/p>\n<p style=\"text-align: justify;\"><span style=\"font-family: verdana, geneva, sans-serif;\"><strong><span style=\"color: #3366ff;\">Niveau : <\/span><\/strong><\/span><br \/>\n<span style=\"color: #000080; font-family: verdana, geneva, sans-serif;\">D\u00e9butant \u00e0 interm\u00e9diaire autonome (A1, A2, B1)<\/span><\/p>\n<p style=\"text-align: justify;\"><span style=\"color: #3366ff; font-family: verdana, geneva, sans-serif;\"><strong>ATOUT +\u00a0<\/strong><\/span><br \/>\n<span style=\"font-family: verdana, geneva, sans-serif;\"><span style=\"color: #000080;\"><strong>Ce programme est enti\u00e8rement ax\u00e9 sur la communication orale pour une utilisation imm\u00e9diate au poste de travail dans ce secteur\u00a0<\/strong><\/span><span style=\"color: #000080;\"><span style=\"caret-color: #000080;\"><b>d&rsquo;activit\u00e9 sp\u00e9cifique.\u00a0<\/b><\/span><\/span><\/span><\/p>\n<p style=\"text-align: justify;\"><span style=\"color: #000080; font-family: verdana, geneva, sans-serif;\">La syntaxe et les structures grammaticales, les locutions idiomatiques et le vocabulaire sp\u00e9cifique sont induits et expliqu\u00e9s par la formatrice au fur et \u00e0 mesure du programme dans les textes et nombreux dialogues extraits des situations v\u00e9cues au quotidien par les professionnels du secteur de l&rsquo;agriculture.<\/span><\/p>\n<p style=\"text-align: justify;\"><span style=\"color: #000080; font-family: verdana, geneva, sans-serif;\">L\u2019application imm\u00e9diate des r\u00e8gles de grammaire et l\u2019utilisation du vocabulaire en contexte simplifient l\u2019assimilation g\u00e9n\u00e9rale de la structure de la langue en immersion.<\/span><br \/>\n<span style=\"color: #000080; font-family: verdana, geneva, sans-serif;\">La r\u00e9p\u00e9tition syst\u00e9matique des phrases et locutions idiomatiques par le stagiaire participatif lui permet de parler et comprendre ses interlocuteurs sans traduire depuis le fran\u00e7ais au moment de prendre part \u00e0 une conversation.<\/span><br \/>\n<span style=\"color: #000080; font-family: verdana, geneva, sans-serif;\">Ce programme d&rsquo;acquisition, de rafra\u00eechissement et perfectionnement des connaissances ne convient pas au vrai d\u00e9butant ni aux personnes ne connaissant pas les gestes et termes professionnels des m\u00e9tiers de l&rsquo;agriculture<\/span><\/p>\n<p style=\"text-align: justify;\"><span style=\"color: #000080; font-family: verdana, geneva, sans-serif;\">Un module BASES avec option sous hypnose est propos\u00e9 avant de commencer ce programme tr\u00e8s sp\u00e9cifique \u00e0 l&rsquo;agriculture pour faciliter la compr\u00e9hension et l&rsquo;expression instinctives du stagiaire d\u00e9butant.<\/span><\/p>\n<h3><span style=\"color: #000080; font-family: verdana, geneva, sans-serif;\"><span style=\"color: #000000; font-size: 20px;\"><span style=\"color: #3366ff;\">Pratique progressive et sans stress de la conversation en anglais sp\u00e9cifique \u00e0 l&rsquo;agriculture \u00a0<\/span><\/span><\/span><\/h3>\n<p><span style=\"font-family: verdana, geneva, sans-serif;\"><strong><span style=\"color: #3366ff;\">Public<\/span><\/strong><\/span><br \/>\n<span style=\"color: #000080; font-family: verdana, geneva, sans-serif;\">Tout public agriculteur ou ma\u00eetrisant les fonctions et le lexique de cette profession multit\u00e2che.<\/span><br \/>\n<span style=\"color: #000080; font-family: verdana, geneva, sans-serif;\">Cours con\u00e7us pour une utilisation imm\u00e9diate de la langue au poste de travail dans un contexte sp\u00e9cifique relatif aux divers m\u00e9tiers et activit\u00e9s dans le domaine de l&rsquo;agriculture.\u00a0<\/span><\/p>\n<p><span style=\"font-family: verdana, geneva, sans-serif;\"><strong><span style=\"color: #3366ff;\">Effectif :<\/span><\/strong><br \/>\n<span style=\"color: #000080; font-size: inherit; font-family: verdana, geneva, sans-serif;\">individuel ou petit collectif en atelier de pratique orale des notions apprises<\/span><strong><br \/>\n<\/strong><\/span><\/p>\n<p><span style=\"font-family: verdana, geneva, sans-serif;\"><strong><span style=\"color: #3366ff;\">Pr\u00e9-requis :<\/span><\/strong><\/span><br \/>\n<span style=\"color: #000080; font-size: inherit; font-family: verdana, geneva, sans-serif;\">Aucun\u00a0<\/span><br \/>\n<span style=\"color: #000080; font-family: verdana, geneva, sans-serif;\"><span style=\"caret-color: #000080;\">Acc\u00e8s PC en ligne pour l&rsquo;option e-learning<\/span><\/span><\/p>\n<p><span style=\"font-family: verdana, geneva, sans-serif;\"><strong><span style=\"color: #3366ff;\">Date :<\/span><\/strong><\/span><br \/>\n<span style=\"color: #000080; font-family: verdana, geneva, sans-serif;\">Toute l&rsquo;ann\u00e9e<\/span><\/p>\n<p><span style=\"font-family: verdana, geneva, sans-serif;\"><strong><span style=\"color: #3366ff;\">Dur\u00e9e :<\/span><\/strong><\/span><br \/>\n<span style=\"color: #000080; font-family: verdana, geneva, sans-serif;\">Sur mesure.<\/span><br \/>\n<span style=\"color: #000080; font-size: inherit; font-family: verdana, geneva, sans-serif;\">Cycle conseill\u00e9 de 15 \u00e0 70 heures de formation selon option et niveau du stagiaire.\u00a0<\/span><\/p>\n<p><span style=\"font-family: verdana, geneva, sans-serif;\"><strong><span style=\"color: #3366ff; font-size: inherit;\">Organisation des cours<\/span><\/strong><\/span><br \/>\n<span style=\"color: #000080; font-size: inherit; font-family: verdana, geneva, sans-serif;\">En amont de la formation selon agendas mutuels et obligations saisonni\u00e8res\u00a0<\/span><\/p>\n<p><span style=\"font-family: verdana, geneva, sans-serif;\"><strong style=\"font-size: inherit;\"><span style=\"color: #3366ff;\">Validation des comp\u00e9tences sp\u00e9cifiques\u00a0<\/span><\/strong><\/span><br \/>\n<span style=\"color: #000080; font-family: verdana, geneva, sans-serif;\">Une attestation des comp\u00e9tences acquises apr\u00e8s des mini quiz pendant la formation et un test interne en fin de parcours est remis au stagiaire ou certificat validant sa progression avec le financement CPF<\/span><\/p>\n<p><span style=\"font-family: verdana, geneva, sans-serif;\"><img loading=\"lazy\" decoding=\"async\" class=\"alignnone wp-image-10734\" src=\"https:\/\/www.leslanguessansstress.fr\/wp-content\/uploads\/2020\/09\/Logo-Qualiopi-certificat-Les-Langues-Sans-Stress-a-La-Rochette-26-08-2020-300x96.png\" alt=\"\" width=\"197\" height=\"63\" \/><\/span><\/p>\n<div class=\"pane-content\">\n<p><span style=\"font-family: verdana, geneva, sans-serif;\"><span style=\"color: #ff6600;\"><span style=\"color: #000080;\">Modalit\u00e9s<\/span> <span style=\"color: #000080;\">: <span style=\"color: #0000ff;\"><strong><span style=\"font-size: 20px;\"><a style=\"color: #0000ff;\" href=\"https:\/\/www.leslanguessansstress.fr\/index.php\/2022\/02\/04\/livret-daccueil-stagiaire\/\" target=\"_blank\" rel=\"noopener\">livret d&rsquo;accueil du stagiaire<\/a><\/span><\/strong><\/span><\/span><\/span><\/span><\/p>\n<p style=\"text-align: justify;\"><span style=\"color: #000080; font-family: verdana, geneva, sans-serif;\">Possibilit\u00e9 d&rsquo;inclure ces programmes dans une formation-CPF \u00e0 condition qu&rsquo;elles d\u00e9bouchent sur une certification. \u00a0<\/span><\/p>\n<p><span style=\"font-family: verdana, geneva, sans-serif;\"><img loading=\"lazy\" decoding=\"async\" class=\"wp-image-13685 aligncenter\" src=\"https:\/\/www.leslanguessansstress.fr\/wp-content\/uploads\/2022\/07\/Atout-confiance-formations-CPF-Les-langues-sans-stress-a-La-Rochette-Savoie.png\" alt=\"\" width=\"146\" height=\"146\" srcset=\"https:\/\/www.leslanguessansstress.fr\/wp-content\/uploads\/2022\/07\/Atout-confiance-formations-CPF-Les-langues-sans-stress-a-La-Rochette-Savoie.png 254w, https:\/\/www.leslanguessansstress.fr\/wp-content\/uploads\/2022\/07\/Atout-confiance-formations-CPF-Les-langues-sans-stress-a-La-Rochette-Savoie-150x150.png 150w\" sizes=\"auto, (max-width: 146px) 100vw, 146px\" \/><\/span><\/p>\n<h3><span style=\"font-family: verdana, geneva, sans-serif; color: #3366ff;\">Atout + Les langues sans stress : l&rsquo;hypnose de relaxation pour mieux comprendre et s&rsquo;exprimer<\/span><\/h3>\n<p style=\"text-align: left;\"><span style=\"font-family: tahoma, arial, helvetica, sans-serif;\"><span style=\"color: #000080;\"><strong>Des dialogues ax\u00e9s sur la communication orale instinctive pour une utilisation imm\u00e9diate au poste de travail.\u00a0<\/strong><\/span><\/span><span style=\"font-family: verdana, geneva, sans-serif; color: #000080;\">Des s\u00e9ances sous hypnose pour favoriser la m\u00e9morisation et la prise de parole en public. le choix du test de certification. La possibilit\u00e9 de ne suivre que les modules ou le\u00e7ons qui vous int\u00e9ressent lorsque votre maitrise de la langue le permet ou que vous suivez un module intensif de renforcement en grammaire. <\/span><\/p>\n<p style=\"text-align: left;\"><span style=\"font-family: verdana, geneva, sans-serif; color: #000080;\">Des s\u00e9ances sous hypnose peuvent \u00eatre incorpor\u00e9es si le candidat est tr\u00e8s nerveux ou ressent des blocages pendant sa prise de parole.<\/span><\/p>\n<\/div>\n<div class=\"pane-content\">\n<h3><span style=\"font-family: verdana, geneva, sans-serif;\"><img loading=\"lazy\" decoding=\"async\" class=\"wp-image-10753 aligncenter\" src=\"https:\/\/www.leslanguessansstress.fr\/wp-content\/uploads\/2020\/05\/CPF-mon-compte-formation-financement-pour-les-langues-sans-stress-certifie-Qualiopi-a-La-Rochette--300x178.png\" alt=\"\" width=\"285\" height=\"169\" \/><\/span><\/h3>\n<\/div>\n<div class=\"pane-content\">\n<div class=\"pane-content\">\n<div class=\"pane-content\">\n<h3><span style=\"font-family: verdana, geneva, sans-serif;\"><span style=\"color: #3366ff; font-size: 20px;\">Activez le financement-CPF pour suivre cette formation d&rsquo;anglais m\u00e9tiers de l&rsquo;Agriculture ou montez votre dossier VIV\u00c9A<\/span><\/span><\/h3>\n<\/div>\n<p><span style=\"color: #000080; font-family: verdana, geneva, sans-serif;\"><strong>TARIF<\/strong> : sur devis. <\/span><br \/>\n<span style=\"color: #000080; font-family: verdana, geneva, sans-serif;\"><strong>Nous adapterons la dur\u00e9e du coaching et le budget<\/strong><span class=\"apple-converted-space\">\u00a0<\/span>de la formation \u00e0 vos contraintes et \u00e0 vos besoins d\u00e8s r\u00e9ception de votre projet \u00e0 personnaliser. Formation valid\u00e9e par le Certificat\u00a0<strong><span style=\"color: #0000ff;\"><a style=\"color: #0000ff;\" href=\"https:\/\/www.moncompteformation.gouv.fr\/espace-prive\/html\/#\/formation\/recherche\/81794041400029_GBcl\/81794041400029_GBcl?contexteFormation=ACTIVITE_PROFESSIONNELLE\" target=\"_blank\" rel=\"noopener\">CLO\u00c9 parcours adaptable<\/a>\u00a0\u00a0<\/span><\/strong><\/span><br \/>\n<span style=\"color: #000080; font-family: verdana, geneva, sans-serif;\">Muni de vos codes France Connect et IDENTIT\u00c9 NUM\u00c9RIQUE, acc\u00e9dez \u00e0 plus de choix sur<span class=\"apple-converted-space\">\u00a0<\/span><span style=\"color: #0000ff;\"><a style=\"color: #0000ff;\" href=\"https:\/\/www.moncompteformation.gouv.fr\/espace-prive\/html\/#\/\" target=\"_blank\" rel=\"noopener\">www.moncompteformation.gouv.fr<\/a><\/span><span class=\"apple-converted-space\">\u00a0<\/span><strong>\u2192<\/strong><span class=\"apple-converted-space\">\u00a0<\/span>les langues sans stress \u2013 formation en centre \u2013 73110 La Rochette .\u00a0Choisissez le programme qui vous int\u00e9resse, ils\u00a0<\/span><span style=\"color: #000080; font-family: verdana, geneva, sans-serif;\">sont tous 100% adaptables en nombre d&rsquo;heures d&rsquo;accompagnement pour convenir \u00e0 votre budget et \u00e0 vos besoins individuels. A r\u00e9ception de votre demande depuis MON COMPTE FORMATION, <strong>nous personnalisons le programme et les frais \u00e0 vos besoins et \u00e0 votre budget.<\/strong>\u00a0<\/span><\/p>\n<p><span style=\"color: #000080; font-family: verdana, geneva, sans-serif;\"><strong>PLANNING D&rsquo;\u00c9TUDE<\/strong> : dans le cas d&rsquo;une r\u00e9duction significative des heures de coaching, vos heures d&rsquo;\u00e9tude autonome sont nettement augment\u00e9es pour atteindre vos objectifs dans la dur\u00e9e impartie de votre formation.<\/span><\/p>\n<p><span style=\"color: #000080; font-family: verdana, geneva, sans-serif;\">En choisissant le financement CPF, vous vous engagez \u00e0 passer un test certifiant votre progression en fin de formation (deux heures).\u00a0<\/span><\/p>\n<p><span style=\"font-family: verdana, geneva, sans-serif;\"><span style=\"color: #000080;\">Information, conseil :\u00a0<\/span><span style=\"color: #0000ff;\"><a style=\"color: #0000ff;\" href=\"https:\/\/www.leslanguessansstress.fr\/index.php\/nous-contacter\/\" target=\"_blank\" rel=\"noopener noreferrer\">Nous contacter<\/a>\u00a0<\/span><\/span><\/p>\n<\/div>\n<\/div>\n","protected":false},"excerpt":{"rendered":"<p>Anglais m\u00e9tiers de l&rsquo;agriculture \u00e9ligible CPF Objectifs\u00a0: Communiquer avec aisance en langue anglaise sp\u00e9cifique au<\/p>\n","protected":false},"author":2,"featured_media":0,"comment_status":"closed","ping_status":"open","sticky":false,"template":"","format":"standard","meta":{"footnotes":""},"categories":[80,127,348,176,432,371],"tags":[108,552,122],"class_list":["post-11376","post","type-post","status-publish","format-standard","hentry","category-actualites","category-anglais","category-cpf-certificats","category-information-documentation","category-langues","category-programme","tag-anglais","tag-langue-pro","tag-professionnels"],"_links":{"self":[{"href":"https:\/\/www.leslanguessansstress.fr\/index.php\/wp-json\/wp\/v2\/posts\/11376","targetHints":{"allow":["GET"]}}],"collection":[{"href":"https:\/\/www.leslanguessansstress.fr\/index.php\/wp-json\/wp\/v2\/posts"}],"about":[{"href":"https:\/\/www.leslanguessansstress.fr\/index.php\/wp-json\/wp\/v2\/types\/post"}],"author":[{"embeddable":true,"href":"https:\/\/www.leslanguessansstress.fr\/index.php\/wp-json\/wp\/v2\/users\/2"}],"replies":[{"embeddable":true,"href":"https:\/\/www.leslanguessansstress.fr\/index.php\/wp-json\/wp\/v2\/comments?post=11376"}],"version-history":[{"count":9,"href":"https:\/\/www.leslanguessansstress.fr\/index.php\/wp-json\/wp\/v2\/posts\/11376\/revisions"}],"predecessor-version":[{"id":16180,"href":"https:\/\/www.leslanguessansstress.fr\/index.php\/wp-json\/wp\/v2\/posts\/11376\/revisions\/16180"}],"wp:attachment":[{"href":"https:\/\/www.leslanguessansstress.fr\/index.php\/wp-json\/wp\/v2\/media?parent=11376"}],"wp:term":[{"taxonomy":"category","embeddable":true,"href":"https:\/\/www.leslanguessansstress.fr\/index.php\/wp-json\/wp\/v2\/categories?post=11376"},{"taxonomy":"post_tag","embeddable":true,"href":"https:\/\/www.leslanguessansstress.fr\/index.php\/wp-json\/wp\/v2\/tags?post=11376"}],"curies":[{"name":"wp","href":"https:\/\/api.w.org\/{rel}","templated":true}]}}