{"id":11372,"date":"2024-06-01T13:00:43","date_gmt":"2024-06-01T11:00:43","guid":{"rendered":"https:\/\/www.leslanguessansstress.fr\/?p=11372"},"modified":"2024-06-26T07:20:24","modified_gmt":"2024-06-26T05:20:24","slug":"anglais-metiers-air-force","status":"publish","type":"post","link":"https:\/\/www.leslanguessansstress.fr\/index.php\/2024\/06\/01\/anglais-metiers-air-force\/","title":{"rendered":"Anglais m\u00e9tiers : AIR FORCE"},"content":{"rendered":"<p><span style=\"color: #000080; font-family: verdana, geneva, sans-serif;\">Langue de sp\u00e9cificit\u00e9 : forces a\u00e9riennes<\/span><\/p>\n<p><span style=\"font-family: verdana, geneva, sans-serif;\"><strong><span style=\"color: #3366ff;\">Apprendre l&rsquo;anglais pour se sentir \u00e0 l&rsquo;aise dans un contexte de communication internationale.<\/span><\/strong><\/span><\/p>\n<p style=\"text-align: justify;\"><span style=\"color: #000080; font-family: verdana, geneva, sans-serif;\">L\u2019organisme de formation vous propose une nouvelle formation professionnelle tr\u00e8s sp\u00e9cialis\u00e9e destin\u00e9e \u00e0 toute personne de la division a\u00e9rienne des forces arm\u00e9es qui souhaite am\u00e9liorer ses comp\u00e9tences en communication anglaise orale et \u00e9crite.<\/span><\/p>\n<h1><span style=\"color: #3366ff; font-family: verdana, geneva, sans-serif;\">Conversation en milieu militaire sp\u00e9cifique des forces a\u00e9riennes\u00a0<\/span><\/h1>\n<p><span style=\"color: #3366ff; font-family: verdana, geneva, sans-serif;\">Objectifs<\/span><\/p>\n<p style=\"text-align: justify;\"><span style=\"color: #000080; font-family: verdana, geneva, sans-serif;\">Communiquer entre les diff\u00e9rents intervenants de ce milieu militaire ; interagir et vivre au quotidien la vie d&rsquo;un militaire des forces a\u00e9riennes dans un contexte international anglophone. Comprendre et \u00e9crire des documents professionnels en rapport avec le travail \u00e0 effectuer sur la base, en vol et sur b\u00e2teau, conna\u00eetre le lexique sp\u00e9cifique pour v\u00e9rifier le mat\u00e9riel, passer des commandes, suivre et donner des ordres, comprendre et appliquer les strat\u00e9gies militaires. Rendre des comptes en anglais selon son rang.<\/span><\/p>\n<p><span style=\"color: #3366ff; font-family: verdana, geneva, sans-serif;\">Domaines de communication\u00a0<\/span><br \/>\n<span style=\"color: #000080; font-family: verdana, geneva, sans-serif;\">Dialogues, \u00e9criture et compr\u00e9hension de textes et notices en contexte.<\/span><br \/>\n<span style=\"color: #000080; font-family: verdana, geneva, sans-serif;\">Les pi\u00e8ces, types et fonctions des avions,<\/span><br \/>\n<span style=\"color: #000080; font-family: verdana, geneva, sans-serif;\">L\u2019organisation et l\u2019entra\u00eenement au sein de l&rsquo;arm\u00e9e de l\u2019air,<\/span><br \/>\n<span style=\"color: #000080; font-family: verdana, geneva, sans-serif;\">Un \u00e9ventail des sp\u00e9cialisations et m\u00e9tiers de l&rsquo;arm\u00e9e de l\u2019air,<\/span><br \/>\n<span style=\"color: #000080; font-family: verdana, geneva, sans-serif;\">Les types et caract\u00e9ristiques des armes de l&rsquo;arm\u00e9e de l\u2019air,<\/span><br \/>\n<span style=\"color: #000080; font-family: verdana, geneva, sans-serif;\">La tactique et la strat\u00e9gie de l&rsquo;arm\u00e9e de l&rsquo;air,<\/span><\/p>\n<ul>\n<li><span style=\"color: #000080; font-family: verdana, geneva, sans-serif;\">Grammaire progressive induite dans les dialogues, conversations et textes avec exercices.<\/span><\/li>\n<li><span style=\"color: #000080; font-family: verdana, geneva, sans-serif;\">Jeux de r\u00f4le et discussions ouvertes selon apport des \u00e9tudiants; <\/span><\/li>\n<li><span style=\"color: #000080; font-family: verdana, geneva, sans-serif;\">Formation linguistique 100% pr\u00e9sentielle en immersion<\/span><\/li>\n<\/ul>\n<p>&nbsp;<\/p>\n<h2><span style=\"color: #3366ff; font-family: verdana, geneva, sans-serif;\">Programme d&rsquo;anglais sp\u00e9cifique aux forces a\u00e9riennes\u00a0<\/span><\/h2>\n<p style=\"text-align: justify;\"><span style=\"color: #000080; font-family: verdana, geneva, sans-serif;\">Cette formation est organis\u00e9e en trois niveaux de difficult\u00e9 allant des niveaux faux-d\u00e9butant A1 \u00e0 interm\u00e9diaire B1 en milieu militaire sp\u00e9cifique. L\u2019\u00e9tudiant doit ma\u00eetriser son m\u00e9tier et les bases de la langue g\u00e9n\u00e9rale pour une \u00e9tude sereine de ce programme d&rsquo;anglais sp\u00e9cifique.<\/span><\/p>\n<h3><span style=\"color: #000080; font-family: verdana, geneva, sans-serif;\"><span style=\"color: #000000; font-size: 20px;\"><span style=\"color: #3366ff;\">Conversations en anglais avec pratique du vocabulaire Air Force et de la grammaire en contexte <\/span>\u00a0<\/span><\/span><\/h3>\n<p><span style=\"font-family: verdana, geneva, sans-serif;\"><strong><span style=\"color: #3366ff;\">Public<\/span><\/strong><\/span><br \/>\n<span style=\"color: #000080; font-family: verdana, geneva, sans-serif;\">Tout public militaire ou ma\u00eetrisant les fonctions et le lexique de cette profession.<\/span><br \/>\n<span style=\"color: #000080; font-family: verdana, geneva, sans-serif;\">Cours con\u00e7us pour une utilisation imm\u00e9diate de la langue au poste de travail dans un contexte sp\u00e9cifique relatif \u00e0 la carri\u00e8re militaire dans le domaine de l&rsquo;aviation.<\/span><\/p>\n<p><span style=\"font-family: verdana, geneva, sans-serif;\"><strong><span style=\"color: #3366ff;\">Pr\u00e9-requis :<\/span><\/strong><\/span><br \/>\n<span style=\"color: #000080; font-size: inherit; font-family: verdana, geneva, sans-serif;\">Aucun<\/span><br \/>\n<span style=\"color: #000080; font-family: verdana, geneva, sans-serif;\"><span style=\"caret-color: #000080;\">Acc\u00e8s PC en ligne pour l&rsquo;option e-learning<\/span><\/span><\/p>\n<p><span style=\"font-family: verdana, geneva, sans-serif;\"><strong><span style=\"color: #3366ff;\">Date :<\/span><\/strong><\/span><br \/>\n<span style=\"color: #000080; font-family: verdana, geneva, sans-serif;\">Toute l&rsquo;ann\u00e9e \/ sur mesure<\/span><\/p>\n<p><span style=\"font-family: verdana, geneva, sans-serif;\"><strong><span style=\"color: #3366ff;\">Dur\u00e9e :<\/span><\/strong><\/span><br \/>\n<span style=\"color: #000080; font-family: verdana, geneva, sans-serif;\">Sur mesure.<\/span><br \/>\n<span style=\"color: #000080; font-size: inherit; font-family: verdana, geneva, sans-serif;\">Cycle conseill\u00e9 de 45 \u00e0 65 heures de formation selon option et niveau de l&rsquo;\u00e9tudiant.\u00a0<\/span><\/p>\n<p><span style=\"font-family: verdana, geneva, sans-serif;\"><strong><span style=\"color: #3366ff; font-size: inherit;\">Organisation des cours<\/span><\/strong><\/span><br \/>\n<span style=\"color: #000080; font-size: inherit; font-family: verdana, geneva, sans-serif;\">Horaires \u00e0 la carte et selon agendas mutuels.<\/span><\/p>\n<p><span style=\"font-family: verdana, geneva, sans-serif;\"><strong style=\"font-size: inherit;\"><span style=\"color: #3366ff;\">Validation des comp\u00e9tences sp\u00e9cifiques\u00a0<\/span><\/strong><\/span><br \/>\n<span style=\"color: #000080; font-family: verdana, geneva, sans-serif;\">Une attestation des comp\u00e9tences acquises apr\u00e8s des mini quiz pendant la formation et un test interne en fin de parcours est remis au stagiaire, certificat TOEIC ou CLO\u00c9 avec la formation CPF.<\/span><\/p>\n<p><span style=\"font-family: verdana, geneva, sans-serif;\"><img loading=\"lazy\" decoding=\"async\" class=\"alignnone wp-image-10734\" src=\"https:\/\/www.leslanguessansstress.fr\/wp-content\/uploads\/2020\/09\/Logo-Qualiopi-certificat-Les-Langues-Sans-Stress-a-La-Rochette-26-08-2020-300x96.png\" alt=\"\" width=\"197\" height=\"63\" \/><\/span><\/p>\n<div class=\"pane-content\">\n<p><span style=\"font-family: verdana, geneva, sans-serif;\"><span style=\"color: #ff6600;\"><span style=\"color: #000080;\">Modalit\u00e9s<\/span> <span style=\"color: #000080;\">: <span style=\"color: #0000ff;\"><strong><span style=\"font-size: 20px;\"><a style=\"color: #0000ff;\" href=\"https:\/\/www.leslanguessansstress.fr\/index.php\/2022\/02\/04\/livret-daccueil-stagiaire\/\" target=\"_blank\" rel=\"noopener\">livret d&rsquo;accueil du stagiaire<\/a><\/span><\/strong><\/span><\/span><\/span><\/span><\/p>\n<p style=\"text-align: justify;\"><span style=\"color: #000080; font-family: verdana, geneva, sans-serif;\">Possibilit\u00e9 d&rsquo;inclure ces programmes dans une formation-CPF \u00e0 condition qu&rsquo;elles d\u00e9bouchent sur une certification. \u00a0<\/span><\/p>\n<p><span style=\"font-family: verdana, geneva, sans-serif;\"><img loading=\"lazy\" decoding=\"async\" class=\"wp-image-13685 aligncenter\" src=\"https:\/\/www.leslanguessansstress.fr\/wp-content\/uploads\/2022\/07\/Atout-confiance-formations-CPF-Les-langues-sans-stress-a-La-Rochette-Savoie.png\" alt=\"\" width=\"146\" height=\"146\" srcset=\"https:\/\/www.leslanguessansstress.fr\/wp-content\/uploads\/2022\/07\/Atout-confiance-formations-CPF-Les-langues-sans-stress-a-La-Rochette-Savoie.png 254w, https:\/\/www.leslanguessansstress.fr\/wp-content\/uploads\/2022\/07\/Atout-confiance-formations-CPF-Les-langues-sans-stress-a-La-Rochette-Savoie-150x150.png 150w\" sizes=\"auto, (max-width: 146px) 100vw, 146px\" \/><\/span><\/p>\n<h3><span style=\"font-family: verdana, geneva, sans-serif; color: #3366ff;\">Atout + Les langues sans stress<\/span><\/h3>\n<p style=\"text-align: left;\"><span style=\"font-family: tahoma, arial, helvetica, sans-serif;\"><span style=\"color: #000080;\"><strong>Des dialogues ax\u00e9s sur la communication orale instinctive pour une utilisation imm\u00e9diate au poste de travail.\u00a0<\/strong><\/span><\/span><span style=\"font-family: verdana, geneva, sans-serif; color: #000080;\">Des s\u00e9ances sous hypnose pour favoriser la m\u00e9morisation et la prise de parole en public. le choix du test de certification. La possibilit\u00e9 de ne suivre que les modules ou le\u00e7ons qui vous int\u00e9ressent lorsque votre maitrise de la langue le permet ou que vous suivez un module intensif de renforcement en grammaire.<\/span><\/p>\n<\/div>\n<div class=\"pane-content\">\n<p><span style=\"color: #3366ff; font-family: verdana, geneva, sans-serif;\"><strong>Tarif<\/strong><\/span><br \/>\n<span style=\"color: #000080; font-family: verdana, geneva, sans-serif;\">Nous consulter.<\/span><br \/>\n<span style=\"color: #000080; font-family: verdana, geneva, sans-serif;\">Le parcours personnalis\u00e9 est \u00e9tabli en fonction des contraintes et des besoins sp\u00e9cifiques de l&rsquo;apprenant et\/ou de l&rsquo;entreprise.<\/span><\/p>\n<p>&nbsp;<\/p>\n<h3><span style=\"font-family: verdana, geneva, sans-serif;\"><img loading=\"lazy\" decoding=\"async\" class=\"wp-image-10753 aligncenter\" src=\"https:\/\/www.leslanguessansstress.fr\/wp-content\/uploads\/2020\/05\/CPF-mon-compte-formation-financement-pour-les-langues-sans-stress-certifie-Qualiopi-a-La-Rochette--300x178.png\" alt=\"\" width=\"285\" height=\"169\" \/><\/span><\/h3>\n<\/div>\n<div class=\"pane-content\">\n<h3><span style=\"font-family: verdana, geneva, sans-serif;\"><span style=\"color: #3366ff; font-size: 20px;\">Vous souhaitez activer le financement-CPF pour suivre cette formation d&rsquo;anglais pour l&rsquo;arm\u00e9e Air Force? <\/span><\/span><\/h3>\n<\/div>\n<p><span style=\"color: #000080; font-family: verdana, geneva, sans-serif;\"><strong>TARIF<\/strong> : standard et sur devis. <\/span><br \/>\n<span style=\"color: #000080; font-family: verdana, geneva, sans-serif;\"><strong>Nous adapterons la dur\u00e9e du coaching et le budget<\/strong><span class=\"apple-converted-space\">\u00a0<\/span>de la formation \u00e0 vos contraintes et \u00e0 vos besoins d\u00e8s r\u00e9ception de votre projet \u00e0 personnaliser. Formation valid\u00e9e par le Certificat\u00a0<strong><span style=\"color: #0000ff;\"><a style=\"color: #0000ff;\" href=\"https:\/\/www.moncompteformation.gouv.fr\/espace-prive\/html\/#\/formation\/recherche\/81794041400029_GBcl\/81794041400029_GBcl?contexteFormation=ACTIVITE_PROFESSIONNELLE\" target=\"_blank\" rel=\"noopener\">CLO\u00c9 parcours moyen \u00e0 long adaptable<\/a>\u00a0<\/span><\/strong>ou parcours standard court\u00a0<strong><span style=\"color: #0000ff;\"><a style=\"color: #0000ff;\" href=\"https:\/\/www.moncompteformation.gouv.fr\/espace-prive\/html\/#\/formation\/recherche\/81794041400029_TOEIC-1\/81794041400029_TOEIC-1?contexteFormation=ACTIVITE_PROFESSIONNELLE\" target=\"_blank\" rel=\"noopener\">TOEIC 15 heures<\/a><\/span><\/strong>.<\/span><br \/>\n<span style=\"color: #000080; font-family: verdana, geneva, sans-serif;\">Muni de vos codes France Connect, acc\u00e9dez \u00e0 plus de choix sur<span class=\"apple-converted-space\">\u00a0<\/span><span style=\"color: #0000ff;\"><a style=\"color: #0000ff;\" href=\"https:\/\/www.moncompteformation.gouv.fr\/espace-prive\/html\/#\/\" target=\"_blank\" rel=\"noopener\">www.moncompteformation.gouv.fr<\/a><\/span><span class=\"apple-converted-space\">\u00a0<\/span><strong>\u2192<\/strong><span class=\"apple-converted-space\">\u00a0<\/span>les langues sans stress \u2013 formation en centre \u2013 73110 La Rochette .\u00a0Choisissez le programme qui vous int\u00e9resse, ils\u00a0<\/span><span style=\"color: #000080; font-family: verdana, geneva, sans-serif;\">sont tous 100% adaptables en nombre d&rsquo;heures d&rsquo;accompagnement pour convenir \u00e0 votre budget et \u00e0 vos besoins individuels. <\/span><\/p>\n<p><span style=\"color: #000080; font-family: verdana, geneva, sans-serif;\"><strong>PLANNING D&rsquo;\u00c9TUDE<\/strong> : dans le cas d&rsquo;une r\u00e9duction significative des heures de coaching, vos heures d&rsquo;\u00e9tude autonome sont nettement augment\u00e9es pour atteindre vos objectifs dans la dur\u00e9e impartie de votre formation.<\/span><\/p>\n<p><span style=\"color: #000080; font-family: verdana, geneva, sans-serif;\">En choisissant le financement CPF, vous vous engagez \u00e0 passer un test certifiant votre progression en fin de formation (deux heures).\u00a0<\/span><\/p>\n<p><span style=\"font-family: verdana, geneva, sans-serif; font-size: 16px;\"><span style=\"color: #000080;\">Information compl\u00e8te et\u00a0<span style=\"color: #ff6600;\">modalit\u00e9s des formations : <span style=\"color: #0000ff;\"><a style=\"color: #0000ff;\" href=\"https:\/\/www.leslanguessansstress.fr\/index.php\/2022\/02\/04\/livret-daccueil-stagiaire\/\" target=\"_blank\" rel=\"noopener\">livret d&rsquo;accueil du stagiaire<\/a><\/span><\/span> <\/span><\/span><br \/>\n<span style=\"font-family: verdana, geneva, sans-serif; font-size: 16px;\"><span style=\"color: #000080;\">Conseil et rendez-vous :\u00a0<\/span><span style=\"color: #0000ff;\"><a style=\"color: #0000ff;\" href=\"https:\/\/www.leslanguessansstress.fr\/index.php\/nous-contacter\/\" target=\"_blank\" rel=\"noopener noreferrer\">Nous contacter<\/a><\/span><\/span><\/p>\n","protected":false},"excerpt":{"rendered":"<p>Langue de sp\u00e9cificit\u00e9 : forces a\u00e9riennes Apprendre l&rsquo;anglais pour se sentir \u00e0 l&rsquo;aise dans un<\/p>\n","protected":false},"author":2,"featured_media":11305,"comment_status":"closed","ping_status":"open","sticky":false,"template":"","format":"standard","meta":{"footnotes":""},"categories":[80,127,348,176,432,371],"tags":[108,202,122,154],"class_list":["post-11372","post","type-post","status-publish","format-standard","has-post-thumbnail","hentry","category-actualites","category-anglais","category-cpf-certificats","category-information-documentation","category-langues","category-programme","tag-anglais","tag-perfectionnement","tag-professionnels","tag-stage"],"_links":{"self":[{"href":"https:\/\/www.leslanguessansstress.fr\/index.php\/wp-json\/wp\/v2\/posts\/11372","targetHints":{"allow":["GET"]}}],"collection":[{"href":"https:\/\/www.leslanguessansstress.fr\/index.php\/wp-json\/wp\/v2\/posts"}],"about":[{"href":"https:\/\/www.leslanguessansstress.fr\/index.php\/wp-json\/wp\/v2\/types\/post"}],"author":[{"embeddable":true,"href":"https:\/\/www.leslanguessansstress.fr\/index.php\/wp-json\/wp\/v2\/users\/2"}],"replies":[{"embeddable":true,"href":"https:\/\/www.leslanguessansstress.fr\/index.php\/wp-json\/wp\/v2\/comments?post=11372"}],"version-history":[{"count":6,"href":"https:\/\/www.leslanguessansstress.fr\/index.php\/wp-json\/wp\/v2\/posts\/11372\/revisions"}],"predecessor-version":[{"id":16177,"href":"https:\/\/www.leslanguessansstress.fr\/index.php\/wp-json\/wp\/v2\/posts\/11372\/revisions\/16177"}],"wp:featuredmedia":[{"embeddable":true,"href":"https:\/\/www.leslanguessansstress.fr\/index.php\/wp-json\/wp\/v2\/media\/11305"}],"wp:attachment":[{"href":"https:\/\/www.leslanguessansstress.fr\/index.php\/wp-json\/wp\/v2\/media?parent=11372"}],"wp:term":[{"taxonomy":"category","embeddable":true,"href":"https:\/\/www.leslanguessansstress.fr\/index.php\/wp-json\/wp\/v2\/categories?post=11372"},{"taxonomy":"post_tag","embeddable":true,"href":"https:\/\/www.leslanguessansstress.fr\/index.php\/wp-json\/wp\/v2\/tags?post=11372"}],"curies":[{"name":"wp","href":"https:\/\/api.w.org\/{rel}","templated":true}]}}